{"id":1543,"date":"2013-06-15T14:10:35","date_gmt":"2013-06-15T12:10:35","guid":{"rendered":"http:\/\/www.amisdeuxchevaux.ch\/wordpress\/?p=1543"},"modified":"2016-10-17T21:05:26","modified_gmt":"2016-10-17T19:05:26","slug":"neulich-in-zuerich-bei-meinem-vater","status":"publish","type":"post","link":"https:\/\/www.deuxchevaux.ch\/wordpress\/neulich-in-zuerich-bei-meinem-vater\/","title":{"rendered":"Neulich in Z\u00fcrich bei meinem Vater"},"content":{"rendered":"<p>Ich hatte zwei Besuche geplant.<\/p>\n<p>Einmal etwas mit Citroen und zum Anderen etwas mit antiken Bleistiftspitzern.<\/p>\n<p>&nbsp;<\/p>\n<p><strong>CITPIT:<\/strong><\/p>\n<p>Als Hans Peter Rubitschon an einem H\u00f6ck bei uns zu Gast war, erz\u00e4hlte er mir beim Verabschieden auf dem Parkplatz noch die neusten Gegebenheiten bez\u00fcglich des CITPIT \u2013 Museums.<\/p>\n<p>Dabei handelt es sich um ein Museum bestehend aus ausschliesslich verschiedenen Citroen Modellen. Ausser dem Massstab 1 zu 1 ist fast alles zu sehen.<\/p>\n<p>Ich versuchte mit Hilfe der von Hans Peter erhaltenen Angaben Kontakt auf zu nehmen.<\/p>\n<p>Die Versuche sind Fehlgeschlagen. So wandte ich mich wieder an Hans Peter. Er gab mir dann die Handy-Nummer von Astrid Haas. Astrid ist die Ehefrau des vor drei Jahren verstorbenen Peter Haas eben genannt Pit.<\/p>\n<p>Fr\u00fcher war das Museum an der Berninastrasse 32 in Z\u00fcrich.<\/p>\n<p>Wegen Eigennutzung der Eigent\u00fcmer musste Astrid das Museum anderswo einquartieren.<\/p>\n<p>Sie fand einen geeigneten Raum an der Schaffhauserstrasse 550 ebenfalls in Z\u00fcrich.<\/p>\n<p>So nun genug der Einleitung:<\/p>\n<p>Wir fanden die Adresse und wurden herzlich in Empfang genommen. Astrid und ihr Bruder Armin warteten schon auf uns. Es wurde uns ein Willkommensgetr\u00e4nk offeriert. Einige Worte zur Geschichte und zu den von Pit Haas selbst gefertigten Dioramen. \u201eGwunderig&#8220; schaute ich mir die Kunstwerke an. Mhhhh wie viele Stunden m\u00f6gen da wohl drin stecken? Oohh diese Liebe zum Detail \u2013 so sch\u00f6n. Nat\u00fcrlich versuchte ich die Fotos mit so wenig wie m\u00f6glich Spiegelungen zu schiessen.<\/p>\n<p>Da \u2013 f\u00fcr unseren Presi \u2013 eine Vitrine mit H-Wagen. Die selbst bemalte Acadiane \u2013 Komentar von Astrid \u2013 das ist unsere.<\/p>\n<p>Weitere interessante Erl\u00e4uterungen von Astrid rundeten unseren Besuch ab.<\/p>\n<p>Toll, dass Astrid das Museum nicht aufgel\u00f6st hat \u2013 sondern weiter f\u00fchrt.<\/p>\n<p>Herzlichen Dank an Dich Astrid.<\/p>\n<p>Ich bin sicher nicht das letzte Mal bei Dir im Museum gewesen.<\/p>\n<div class=\"tiled-gallery type-rectangular tiled-gallery-unresized\" data-original-width=\"1170\" data-carousel-extra='{&quot;blog_id&quot;:1,&quot;permalink&quot;:&quot;https:\\\/\\\/www.deuxchevaux.ch\\\/wordpress\\\/neulich-in-zuerich-bei-meinem-vater\\\/&quot;,&quot;likes_blog_id&quot;:100715030}' itemscope itemtype=\"http:\/\/schema.org\/ImageGallery\" > <div class=\"gallery-row\" style=\"width: 1170px; height: 521px;\" data-original-width=\"1170\" data-original-height=\"521\" > <div class=\"gallery-group images-1\" style=\"width: 781px; height: 521px;\" data-original-width=\"781\" data-original-height=\"521\" > <div class=\"tiled-gallery-item tiled-gallery-item-large\" itemprop=\"associatedMedia\" itemscope itemtype=\"http:\/\/schema.org\/ImageObject\"> <a href=\"https:\/\/www.deuxchevaux.ch\/wordpress\/neulich-in-zuerich-bei-meinem-vater\/neulich_in_zuerich_bei_meinem_vater_dsc06470\/\" border=\"0\" itemprop=\"url\"> <meta itemprop=\"width\" content=\"777\"> <meta itemprop=\"height\" content=\"517\"> <img decoding=\"async\" class=\"\" data-attachment-id=\"1542\" data-orig-file=\"https:\/\/www.deuxchevaux.ch\/wordpress\/wp-content\/uploads\/2015\/10\/neulich_in_zuerich_bei_meinem_vater_dsc06470.jpg\" data-orig-size=\"472,314\" data-comments-opened=\"\" data-image-meta=\"{&quot;aperture&quot;:&quot;0&quot;,&quot;credit&quot;:&quot;&quot;,&quot;camera&quot;:&quot;&quot;,&quot;caption&quot;:&quot;&quot;,&quot;created_timestamp&quot;:&quot;0&quot;,&quot;copyright&quot;:&quot;&quot;,&quot;focal_length&quot;:&quot;0&quot;,&quot;iso&quot;:&quot;0&quot;,&quot;shutter_speed&quot;:&quot;0&quot;,&quot;title&quot;:&quot;&quot;,&quot;orientation&quot;:&quot;0&quot;}\" data-image-title=\"Neulich In Zuerich Bei Meinem Vater Dsc06470\" data-image-description=\"\" data-medium-file=\"https:\/\/i0.wp.com\/www.deuxchevaux.ch\/wordpress\/wp-content\/uploads\/2015\/10\/neulich_in_zuerich_bei_meinem_vater_dsc06470.jpg?fit=300%2C200&#038;ssl=1\" data-large-file=\"https:\/\/i0.wp.com\/www.deuxchevaux.ch\/wordpress\/wp-content\/uploads\/2015\/10\/neulich_in_zuerich_bei_meinem_vater_dsc06470.jpg?fit=472%2C314&#038;ssl=1\" src=\"https:\/\/i0.wp.com\/www.deuxchevaux.ch\/wordpress\/wp-content\/uploads\/2015\/10\/neulich_in_zuerich_bei_meinem_vater_dsc06470.jpg?w=777&#038;h=517&#038;ssl=1\" srcset=\"https:\/\/i0.wp.com\/www.deuxchevaux.ch\/wordpress\/wp-content\/uploads\/2015\/10\/neulich_in_zuerich_bei_meinem_vater_dsc06470.jpg?w=472&amp;ssl=1 472w, https:\/\/i0.wp.com\/www.deuxchevaux.ch\/wordpress\/wp-content\/uploads\/2015\/10\/neulich_in_zuerich_bei_meinem_vater_dsc06470.jpg?resize=150%2C100&amp;ssl=1 150w, https:\/\/i0.wp.com\/www.deuxchevaux.ch\/wordpress\/wp-content\/uploads\/2015\/10\/neulich_in_zuerich_bei_meinem_vater_dsc06470.jpg?resize=300%2C200&amp;ssl=1 300w, https:\/\/i0.wp.com\/www.deuxchevaux.ch\/wordpress\/wp-content\/uploads\/2015\/10\/neulich_in_zuerich_bei_meinem_vater_dsc06470.jpg?resize=400%2C266&amp;ssl=1 400w\" width=\"777\" height=\"517\" loading=\"lazy\" data-original-width=\"777\" data-original-height=\"517\" itemprop=\"http:\/\/schema.org\/image\" title=\"Neulich In Zuerich Bei Meinem Vater Dsc06470\" alt=\"Neulich In Zuerich Bei Meinem Vater Dsc06470\" style=\"width: 777px; height: 517px;\" \/> <\/a> <\/div> <\/div> <!-- close group --> <div class=\"gallery-group images-2\" style=\"width: 389px; height: 521px;\" data-original-width=\"389\" data-original-height=\"521\" > <div class=\"tiled-gallery-item tiled-gallery-item-large\" itemprop=\"associatedMedia\" itemscope itemtype=\"http:\/\/schema.org\/ImageObject\"> <a href=\"https:\/\/www.deuxchevaux.ch\/wordpress\/neulich-in-zuerich-bei-meinem-vater\/neulich_in_zuerich_bei_meinem_vater_dsc06469\/\" border=\"0\" itemprop=\"url\"> <meta itemprop=\"width\" content=\"385\"> <meta itemprop=\"height\" content=\"257\"> <img decoding=\"async\" class=\"\" data-attachment-id=\"1541\" data-orig-file=\"https:\/\/www.deuxchevaux.ch\/wordpress\/wp-content\/uploads\/2015\/10\/neulich_in_zuerich_bei_meinem_vater_dsc06469.jpg\" data-orig-size=\"472,314\" data-comments-opened=\"\" data-image-meta=\"{&quot;aperture&quot;:&quot;0&quot;,&quot;credit&quot;:&quot;&quot;,&quot;camera&quot;:&quot;&quot;,&quot;caption&quot;:&quot;&quot;,&quot;created_timestamp&quot;:&quot;0&quot;,&quot;copyright&quot;:&quot;&quot;,&quot;focal_length&quot;:&quot;0&quot;,&quot;iso&quot;:&quot;0&quot;,&quot;shutter_speed&quot;:&quot;0&quot;,&quot;title&quot;:&quot;&quot;,&quot;orientation&quot;:&quot;0&quot;}\" data-image-title=\"Neulich In Zuerich Bei Meinem Vater Dsc06469\" data-image-description=\"\" data-medium-file=\"https:\/\/i0.wp.com\/www.deuxchevaux.ch\/wordpress\/wp-content\/uploads\/2015\/10\/neulich_in_zuerich_bei_meinem_vater_dsc06469.jpg?fit=300%2C200&#038;ssl=1\" data-large-file=\"https:\/\/i0.wp.com\/www.deuxchevaux.ch\/wordpress\/wp-content\/uploads\/2015\/10\/neulich_in_zuerich_bei_meinem_vater_dsc06469.jpg?fit=472%2C314&#038;ssl=1\" src=\"https:\/\/i0.wp.com\/www.deuxchevaux.ch\/wordpress\/wp-content\/uploads\/2015\/10\/neulich_in_zuerich_bei_meinem_vater_dsc06469.jpg?w=385&#038;h=257&#038;ssl=1\" srcset=\"https:\/\/i0.wp.com\/www.deuxchevaux.ch\/wordpress\/wp-content\/uploads\/2015\/10\/neulich_in_zuerich_bei_meinem_vater_dsc06469.jpg?w=472&amp;ssl=1 472w, https:\/\/i0.wp.com\/www.deuxchevaux.ch\/wordpress\/wp-content\/uploads\/2015\/10\/neulich_in_zuerich_bei_meinem_vater_dsc06469.jpg?resize=150%2C100&amp;ssl=1 150w, https:\/\/i0.wp.com\/www.deuxchevaux.ch\/wordpress\/wp-content\/uploads\/2015\/10\/neulich_in_zuerich_bei_meinem_vater_dsc06469.jpg?resize=300%2C200&amp;ssl=1 300w, https:\/\/i0.wp.com\/www.deuxchevaux.ch\/wordpress\/wp-content\/uploads\/2015\/10\/neulich_in_zuerich_bei_meinem_vater_dsc06469.jpg?resize=400%2C266&amp;ssl=1 400w\" width=\"385\" height=\"257\" loading=\"lazy\" data-original-width=\"385\" data-original-height=\"257\" itemprop=\"http:\/\/schema.org\/image\" title=\"Neulich In Zuerich Bei Meinem Vater Dsc06469\" alt=\"Neulich In Zuerich Bei Meinem Vater Dsc06469\" style=\"width: 385px; height: 257px;\" \/> <\/a> <\/div> <div class=\"tiled-gallery-item tiled-gallery-item-large\" itemprop=\"associatedMedia\" itemscope itemtype=\"http:\/\/schema.org\/ImageObject\"> <a href=\"https:\/\/www.deuxchevaux.ch\/wordpress\/neulich-in-zuerich-bei-meinem-vater\/neulich_in_zuerich_bei_meinem_vater_dsc06468\/\" border=\"0\" itemprop=\"url\"> <meta itemprop=\"width\" content=\"385\"> <meta itemprop=\"height\" content=\"256\"> <img decoding=\"async\" class=\"\" data-attachment-id=\"1540\" data-orig-file=\"https:\/\/www.deuxchevaux.ch\/wordpress\/wp-content\/uploads\/2015\/10\/neulich_in_zuerich_bei_meinem_vater_dsc06468.jpg\" data-orig-size=\"472,314\" data-comments-opened=\"\" data-image-meta=\"{&quot;aperture&quot;:&quot;0&quot;,&quot;credit&quot;:&quot;&quot;,&quot;camera&quot;:&quot;&quot;,&quot;caption&quot;:&quot;&quot;,&quot;created_timestamp&quot;:&quot;0&quot;,&quot;copyright&quot;:&quot;&quot;,&quot;focal_length&quot;:&quot;0&quot;,&quot;iso&quot;:&quot;0&quot;,&quot;shutter_speed&quot;:&quot;0&quot;,&quot;title&quot;:&quot;&quot;,&quot;orientation&quot;:&quot;0&quot;}\" data-image-title=\"Neulich In Zuerich Bei Meinem Vater Dsc06468\" data-image-description=\"\" data-medium-file=\"https:\/\/i0.wp.com\/www.deuxchevaux.ch\/wordpress\/wp-content\/uploads\/2015\/10\/neulich_in_zuerich_bei_meinem_vater_dsc06468.jpg?fit=300%2C200&#038;ssl=1\" data-large-file=\"https:\/\/i0.wp.com\/www.deuxchevaux.ch\/wordpress\/wp-content\/uploads\/2015\/10\/neulich_in_zuerich_bei_meinem_vater_dsc06468.jpg?fit=472%2C314&#038;ssl=1\" src=\"https:\/\/i0.wp.com\/www.deuxchevaux.ch\/wordpress\/wp-content\/uploads\/2015\/10\/neulich_in_zuerich_bei_meinem_vater_dsc06468.jpg?w=385&#038;h=256&#038;ssl=1\" srcset=\"https:\/\/i0.wp.com\/www.deuxchevaux.ch\/wordpress\/wp-content\/uploads\/2015\/10\/neulich_in_zuerich_bei_meinem_vater_dsc06468.jpg?w=472&amp;ssl=1 472w, https:\/\/i0.wp.com\/www.deuxchevaux.ch\/wordpress\/wp-content\/uploads\/2015\/10\/neulich_in_zuerich_bei_meinem_vater_dsc06468.jpg?resize=150%2C100&amp;ssl=1 150w, https:\/\/i0.wp.com\/www.deuxchevaux.ch\/wordpress\/wp-content\/uploads\/2015\/10\/neulich_in_zuerich_bei_meinem_vater_dsc06468.jpg?resize=300%2C200&amp;ssl=1 300w, https:\/\/i0.wp.com\/www.deuxchevaux.ch\/wordpress\/wp-content\/uploads\/2015\/10\/neulich_in_zuerich_bei_meinem_vater_dsc06468.jpg?resize=400%2C266&amp;ssl=1 400w\" width=\"385\" height=\"256\" loading=\"lazy\" data-original-width=\"385\" data-original-height=\"256\" itemprop=\"http:\/\/schema.org\/image\" title=\"Neulich In Zuerich Bei Meinem Vater Dsc06468\" alt=\"Neulich In Zuerich Bei Meinem Vater Dsc06468\" style=\"width: 385px; height: 256px;\" \/> <\/a> <\/div> <\/div> <!-- close group --> <\/div> <!-- close row --> <div class=\"gallery-row\" style=\"width: 1170px; height: 261px;\" data-original-width=\"1170\" data-original-height=\"261\" > <div class=\"gallery-group images-1\" style=\"width: 390px; height: 261px;\" data-original-width=\"390\" data-original-height=\"261\" > <div class=\"tiled-gallery-item tiled-gallery-item-large\" itemprop=\"associatedMedia\" itemscope itemtype=\"http:\/\/schema.org\/ImageObject\"> <a href=\"https:\/\/www.deuxchevaux.ch\/wordpress\/neulich-in-zuerich-bei-meinem-vater\/neulich_in_zuerich_bei_meinem_vater_dsc06467\/\" border=\"0\" itemprop=\"url\"> <meta itemprop=\"width\" content=\"386\"> <meta itemprop=\"height\" content=\"257\"> <img decoding=\"async\" class=\"\" data-attachment-id=\"1539\" data-orig-file=\"https:\/\/www.deuxchevaux.ch\/wordpress\/wp-content\/uploads\/2015\/10\/neulich_in_zuerich_bei_meinem_vater_dsc06467.jpg\" data-orig-size=\"472,314\" data-comments-opened=\"\" data-image-meta=\"{&quot;aperture&quot;:&quot;0&quot;,&quot;credit&quot;:&quot;&quot;,&quot;camera&quot;:&quot;&quot;,&quot;caption&quot;:&quot;&quot;,&quot;created_timestamp&quot;:&quot;0&quot;,&quot;copyright&quot;:&quot;&quot;,&quot;focal_length&quot;:&quot;0&quot;,&quot;iso&quot;:&quot;0&quot;,&quot;shutter_speed&quot;:&quot;0&quot;,&quot;title&quot;:&quot;&quot;,&quot;orientation&quot;:&quot;0&quot;}\" data-image-title=\"Neulich In Zuerich Bei Meinem Vater Dsc06467\" data-image-description=\"\" data-medium-file=\"https:\/\/i0.wp.com\/www.deuxchevaux.ch\/wordpress\/wp-content\/uploads\/2015\/10\/neulich_in_zuerich_bei_meinem_vater_dsc06467.jpg?fit=300%2C200&#038;ssl=1\" data-large-file=\"https:\/\/i0.wp.com\/www.deuxchevaux.ch\/wordpress\/wp-content\/uploads\/2015\/10\/neulich_in_zuerich_bei_meinem_vater_dsc06467.jpg?fit=472%2C314&#038;ssl=1\" src=\"https:\/\/i0.wp.com\/www.deuxchevaux.ch\/wordpress\/wp-content\/uploads\/2015\/10\/neulich_in_zuerich_bei_meinem_vater_dsc06467.jpg?w=386&#038;h=257&#038;ssl=1\" srcset=\"https:\/\/i0.wp.com\/www.deuxchevaux.ch\/wordpress\/wp-content\/uploads\/2015\/10\/neulich_in_zuerich_bei_meinem_vater_dsc06467.jpg?w=472&amp;ssl=1 472w, https:\/\/i0.wp.com\/www.deuxchevaux.ch\/wordpress\/wp-content\/uploads\/2015\/10\/neulich_in_zuerich_bei_meinem_vater_dsc06467.jpg?resize=150%2C100&amp;ssl=1 150w, https:\/\/i0.wp.com\/www.deuxchevaux.ch\/wordpress\/wp-content\/uploads\/2015\/10\/neulich_in_zuerich_bei_meinem_vater_dsc06467.jpg?resize=300%2C200&amp;ssl=1 300w, https:\/\/i0.wp.com\/www.deuxchevaux.ch\/wordpress\/wp-content\/uploads\/2015\/10\/neulich_in_zuerich_bei_meinem_vater_dsc06467.jpg?resize=400%2C266&amp;ssl=1 400w\" width=\"386\" height=\"257\" loading=\"lazy\" data-original-width=\"386\" data-original-height=\"257\" itemprop=\"http:\/\/schema.org\/image\" title=\"Neulich In Zuerich Bei Meinem Vater Dsc06467\" alt=\"Neulich In Zuerich Bei Meinem Vater Dsc06467\" style=\"width: 386px; height: 257px;\" \/> <\/a> <\/div> <\/div> <!-- close group --> <div class=\"gallery-group images-1\" style=\"width: 390px; height: 261px;\" data-original-width=\"390\" data-original-height=\"261\" > <div class=\"tiled-gallery-item tiled-gallery-item-large\" itemprop=\"associatedMedia\" itemscope itemtype=\"http:\/\/schema.org\/ImageObject\"> <a href=\"https:\/\/www.deuxchevaux.ch\/wordpress\/neulich-in-zuerich-bei-meinem-vater\/neulich_in_zuerich_bei_meinem_vater_dsc06466\/\" border=\"0\" itemprop=\"url\"> <meta itemprop=\"width\" content=\"386\"> <meta itemprop=\"height\" content=\"257\"> <img decoding=\"async\" class=\"\" data-attachment-id=\"1538\" data-orig-file=\"https:\/\/www.deuxchevaux.ch\/wordpress\/wp-content\/uploads\/2015\/10\/neulich_in_zuerich_bei_meinem_vater_dsc06466.jpg\" data-orig-size=\"472,314\" data-comments-opened=\"\" data-image-meta=\"{&quot;aperture&quot;:&quot;0&quot;,&quot;credit&quot;:&quot;&quot;,&quot;camera&quot;:&quot;&quot;,&quot;caption&quot;:&quot;&quot;,&quot;created_timestamp&quot;:&quot;0&quot;,&quot;copyright&quot;:&quot;&quot;,&quot;focal_length&quot;:&quot;0&quot;,&quot;iso&quot;:&quot;0&quot;,&quot;shutter_speed&quot;:&quot;0&quot;,&quot;title&quot;:&quot;&quot;,&quot;orientation&quot;:&quot;0&quot;}\" data-image-title=\"Neulich In Zuerich Bei Meinem Vater Dsc06466\" data-image-description=\"\" data-medium-file=\"https:\/\/i0.wp.com\/www.deuxchevaux.ch\/wordpress\/wp-content\/uploads\/2015\/10\/neulich_in_zuerich_bei_meinem_vater_dsc06466.jpg?fit=300%2C200&#038;ssl=1\" data-large-file=\"https:\/\/i0.wp.com\/www.deuxchevaux.ch\/wordpress\/wp-content\/uploads\/2015\/10\/neulich_in_zuerich_bei_meinem_vater_dsc06466.jpg?fit=472%2C314&#038;ssl=1\" src=\"https:\/\/i0.wp.com\/www.deuxchevaux.ch\/wordpress\/wp-content\/uploads\/2015\/10\/neulich_in_zuerich_bei_meinem_vater_dsc06466.jpg?w=386&#038;h=257&#038;ssl=1\" srcset=\"https:\/\/i0.wp.com\/www.deuxchevaux.ch\/wordpress\/wp-content\/uploads\/2015\/10\/neulich_in_zuerich_bei_meinem_vater_dsc06466.jpg?w=472&amp;ssl=1 472w, https:\/\/i0.wp.com\/www.deuxchevaux.ch\/wordpress\/wp-content\/uploads\/2015\/10\/neulich_in_zuerich_bei_meinem_vater_dsc06466.jpg?resize=150%2C100&amp;ssl=1 150w, https:\/\/i0.wp.com\/www.deuxchevaux.ch\/wordpress\/wp-content\/uploads\/2015\/10\/neulich_in_zuerich_bei_meinem_vater_dsc06466.jpg?resize=300%2C200&amp;ssl=1 300w, https:\/\/i0.wp.com\/www.deuxchevaux.ch\/wordpress\/wp-content\/uploads\/2015\/10\/neulich_in_zuerich_bei_meinem_vater_dsc06466.jpg?resize=400%2C266&amp;ssl=1 400w\" width=\"386\" height=\"257\" loading=\"lazy\" data-original-width=\"386\" data-original-height=\"257\" itemprop=\"http:\/\/schema.org\/image\" title=\"Neulich In Zuerich Bei Meinem Vater Dsc06466\" alt=\"Neulich In Zuerich Bei Meinem Vater Dsc06466\" style=\"width: 386px; height: 257px;\" \/> <\/a> <\/div> <\/div> <!-- close group --> <div class=\"gallery-group images-1\" style=\"width: 390px; height: 261px;\" data-original-width=\"390\" data-original-height=\"261\" > <div class=\"tiled-gallery-item tiled-gallery-item-large\" itemprop=\"associatedMedia\" itemscope itemtype=\"http:\/\/schema.org\/ImageObject\"> <a href=\"https:\/\/www.deuxchevaux.ch\/wordpress\/neulich-in-zuerich-bei-meinem-vater\/neulich_in_zuerich_bei_meinem_vater_dsc06465\/\" border=\"0\" itemprop=\"url\"> <meta itemprop=\"width\" content=\"386\"> <meta itemprop=\"height\" content=\"257\"> <img decoding=\"async\" class=\"\" data-attachment-id=\"1537\" data-orig-file=\"https:\/\/www.deuxchevaux.ch\/wordpress\/wp-content\/uploads\/2015\/10\/neulich_in_zuerich_bei_meinem_vater_dsc06465.jpg\" data-orig-size=\"472,314\" data-comments-opened=\"\" data-image-meta=\"{&quot;aperture&quot;:&quot;0&quot;,&quot;credit&quot;:&quot;&quot;,&quot;camera&quot;:&quot;&quot;,&quot;caption&quot;:&quot;&quot;,&quot;created_timestamp&quot;:&quot;0&quot;,&quot;copyright&quot;:&quot;&quot;,&quot;focal_length&quot;:&quot;0&quot;,&quot;iso&quot;:&quot;0&quot;,&quot;shutter_speed&quot;:&quot;0&quot;,&quot;title&quot;:&quot;&quot;,&quot;orientation&quot;:&quot;0&quot;}\" data-image-title=\"Neulich In Zuerich Bei Meinem Vater Dsc06465\" data-image-description=\"\" data-medium-file=\"https:\/\/i0.wp.com\/www.deuxchevaux.ch\/wordpress\/wp-content\/uploads\/2015\/10\/neulich_in_zuerich_bei_meinem_vater_dsc06465.jpg?fit=300%2C200&#038;ssl=1\" data-large-file=\"https:\/\/i0.wp.com\/www.deuxchevaux.ch\/wordpress\/wp-content\/uploads\/2015\/10\/neulich_in_zuerich_bei_meinem_vater_dsc06465.jpg?fit=472%2C314&#038;ssl=1\" src=\"https:\/\/i0.wp.com\/www.deuxchevaux.ch\/wordpress\/wp-content\/uploads\/2015\/10\/neulich_in_zuerich_bei_meinem_vater_dsc06465.jpg?w=386&#038;h=257&#038;ssl=1\" srcset=\"https:\/\/i0.wp.com\/www.deuxchevaux.ch\/wordpress\/wp-content\/uploads\/2015\/10\/neulich_in_zuerich_bei_meinem_vater_dsc06465.jpg?w=472&amp;ssl=1 472w, https:\/\/i0.wp.com\/www.deuxchevaux.ch\/wordpress\/wp-content\/uploads\/2015\/10\/neulich_in_zuerich_bei_meinem_vater_dsc06465.jpg?resize=150%2C100&amp;ssl=1 150w, https:\/\/i0.wp.com\/www.deuxchevaux.ch\/wordpress\/wp-content\/uploads\/2015\/10\/neulich_in_zuerich_bei_meinem_vater_dsc06465.jpg?resize=300%2C200&amp;ssl=1 300w, https:\/\/i0.wp.com\/www.deuxchevaux.ch\/wordpress\/wp-content\/uploads\/2015\/10\/neulich_in_zuerich_bei_meinem_vater_dsc06465.jpg?resize=400%2C266&amp;ssl=1 400w\" width=\"386\" height=\"257\" loading=\"lazy\" data-original-width=\"386\" data-original-height=\"257\" itemprop=\"http:\/\/schema.org\/image\" title=\"Neulich In Zuerich Bei Meinem Vater Dsc06465\" alt=\"Neulich In Zuerich Bei Meinem Vater Dsc06465\" style=\"width: 386px; height: 257px;\" \/> <\/a> <\/div> <\/div> <!-- close group --> <\/div> <!-- close row --> <div class=\"gallery-row\" style=\"width: 1170px; height: 521px;\" data-original-width=\"1170\" data-original-height=\"521\" > <div class=\"gallery-group images-2\" style=\"width: 389px; height: 521px;\" data-original-width=\"389\" data-original-height=\"521\" > <div class=\"tiled-gallery-item tiled-gallery-item-large\" itemprop=\"associatedMedia\" itemscope itemtype=\"http:\/\/schema.org\/ImageObject\"> <a href=\"https:\/\/www.deuxchevaux.ch\/wordpress\/neulich-in-zuerich-bei-meinem-vater\/neulich_in_zuerich_bei_meinem_vater_dsc06464\/\" border=\"0\" itemprop=\"url\"> <meta itemprop=\"width\" content=\"385\"> <meta itemprop=\"height\" content=\"257\"> <img decoding=\"async\" class=\"\" data-attachment-id=\"1536\" data-orig-file=\"https:\/\/www.deuxchevaux.ch\/wordpress\/wp-content\/uploads\/2015\/10\/neulich_in_zuerich_bei_meinem_vater_dsc06464.jpg\" data-orig-size=\"472,314\" data-comments-opened=\"\" data-image-meta=\"{&quot;aperture&quot;:&quot;0&quot;,&quot;credit&quot;:&quot;&quot;,&quot;camera&quot;:&quot;&quot;,&quot;caption&quot;:&quot;&quot;,&quot;created_timestamp&quot;:&quot;0&quot;,&quot;copyright&quot;:&quot;&quot;,&quot;focal_length&quot;:&quot;0&quot;,&quot;iso&quot;:&quot;0&quot;,&quot;shutter_speed&quot;:&quot;0&quot;,&quot;title&quot;:&quot;&quot;,&quot;orientation&quot;:&quot;0&quot;}\" data-image-title=\"Neulich In Zuerich Bei Meinem Vater Dsc06464\" data-image-description=\"\" data-medium-file=\"https:\/\/i0.wp.com\/www.deuxchevaux.ch\/wordpress\/wp-content\/uploads\/2015\/10\/neulich_in_zuerich_bei_meinem_vater_dsc06464.jpg?fit=300%2C200&#038;ssl=1\" data-large-file=\"https:\/\/i0.wp.com\/www.deuxchevaux.ch\/wordpress\/wp-content\/uploads\/2015\/10\/neulich_in_zuerich_bei_meinem_vater_dsc06464.jpg?fit=472%2C314&#038;ssl=1\" src=\"https:\/\/i0.wp.com\/www.deuxchevaux.ch\/wordpress\/wp-content\/uploads\/2015\/10\/neulich_in_zuerich_bei_meinem_vater_dsc06464.jpg?w=385&#038;h=257&#038;ssl=1\" srcset=\"https:\/\/i0.wp.com\/www.deuxchevaux.ch\/wordpress\/wp-content\/uploads\/2015\/10\/neulich_in_zuerich_bei_meinem_vater_dsc06464.jpg?w=472&amp;ssl=1 472w, https:\/\/i0.wp.com\/www.deuxchevaux.ch\/wordpress\/wp-content\/uploads\/2015\/10\/neulich_in_zuerich_bei_meinem_vater_dsc06464.jpg?resize=150%2C100&amp;ssl=1 150w, https:\/\/i0.wp.com\/www.deuxchevaux.ch\/wordpress\/wp-content\/uploads\/2015\/10\/neulich_in_zuerich_bei_meinem_vater_dsc06464.jpg?resize=300%2C200&amp;ssl=1 300w, https:\/\/i0.wp.com\/www.deuxchevaux.ch\/wordpress\/wp-content\/uploads\/2015\/10\/neulich_in_zuerich_bei_meinem_vater_dsc06464.jpg?resize=400%2C266&amp;ssl=1 400w\" width=\"385\" height=\"257\" loading=\"lazy\" data-original-width=\"385\" data-original-height=\"257\" itemprop=\"http:\/\/schema.org\/image\" title=\"Neulich In Zuerich Bei Meinem Vater Dsc06464\" alt=\"Neulich In Zuerich Bei Meinem Vater Dsc06464\" style=\"width: 385px; height: 257px;\" \/> <\/a> <\/div> <div class=\"tiled-gallery-item tiled-gallery-item-large\" itemprop=\"associatedMedia\" itemscope itemtype=\"http:\/\/schema.org\/ImageObject\"> <a href=\"https:\/\/www.deuxchevaux.ch\/wordpress\/neulich-in-zuerich-bei-meinem-vater\/neulich_in_zuerich_bei_meinem_vater_dsc06463\/\" border=\"0\" itemprop=\"url\"> <meta itemprop=\"width\" content=\"385\"> <meta itemprop=\"height\" content=\"256\"> <img decoding=\"async\" class=\"\" data-attachment-id=\"1535\" data-orig-file=\"https:\/\/www.deuxchevaux.ch\/wordpress\/wp-content\/uploads\/2015\/10\/neulich_in_zuerich_bei_meinem_vater_dsc06463.jpg\" data-orig-size=\"472,314\" data-comments-opened=\"\" data-image-meta=\"{&quot;aperture&quot;:&quot;0&quot;,&quot;credit&quot;:&quot;&quot;,&quot;camera&quot;:&quot;&quot;,&quot;caption&quot;:&quot;&quot;,&quot;created_timestamp&quot;:&quot;0&quot;,&quot;copyright&quot;:&quot;&quot;,&quot;focal_length&quot;:&quot;0&quot;,&quot;iso&quot;:&quot;0&quot;,&quot;shutter_speed&quot;:&quot;0&quot;,&quot;title&quot;:&quot;&quot;,&quot;orientation&quot;:&quot;0&quot;}\" data-image-title=\"Neulich In Zuerich Bei Meinem Vater Dsc06463\" data-image-description=\"\" data-medium-file=\"https:\/\/i0.wp.com\/www.deuxchevaux.ch\/wordpress\/wp-content\/uploads\/2015\/10\/neulich_in_zuerich_bei_meinem_vater_dsc06463.jpg?fit=300%2C200&#038;ssl=1\" data-large-file=\"https:\/\/i0.wp.com\/www.deuxchevaux.ch\/wordpress\/wp-content\/uploads\/2015\/10\/neulich_in_zuerich_bei_meinem_vater_dsc06463.jpg?fit=472%2C314&#038;ssl=1\" src=\"https:\/\/i0.wp.com\/www.deuxchevaux.ch\/wordpress\/wp-content\/uploads\/2015\/10\/neulich_in_zuerich_bei_meinem_vater_dsc06463.jpg?w=385&#038;h=256&#038;ssl=1\" srcset=\"https:\/\/i0.wp.com\/www.deuxchevaux.ch\/wordpress\/wp-content\/uploads\/2015\/10\/neulich_in_zuerich_bei_meinem_vater_dsc06463.jpg?w=472&amp;ssl=1 472w, https:\/\/i0.wp.com\/www.deuxchevaux.ch\/wordpress\/wp-content\/uploads\/2015\/10\/neulich_in_zuerich_bei_meinem_vater_dsc06463.jpg?resize=150%2C100&amp;ssl=1 150w, https:\/\/i0.wp.com\/www.deuxchevaux.ch\/wordpress\/wp-content\/uploads\/2015\/10\/neulich_in_zuerich_bei_meinem_vater_dsc06463.jpg?resize=300%2C200&amp;ssl=1 300w, https:\/\/i0.wp.com\/www.deuxchevaux.ch\/wordpress\/wp-content\/uploads\/2015\/10\/neulich_in_zuerich_bei_meinem_vater_dsc06463.jpg?resize=400%2C266&amp;ssl=1 400w\" width=\"385\" height=\"256\" loading=\"lazy\" data-original-width=\"385\" data-original-height=\"256\" itemprop=\"http:\/\/schema.org\/image\" title=\"Neulich In Zuerich Bei Meinem Vater Dsc06463\" alt=\"Neulich In Zuerich Bei Meinem Vater Dsc06463\" style=\"width: 385px; height: 256px;\" \/> <\/a> <\/div> <\/div> <!-- close group --> <div class=\"gallery-group images-1\" style=\"width: 781px; height: 521px;\" data-original-width=\"781\" data-original-height=\"521\" > <div class=\"tiled-gallery-item tiled-gallery-item-large\" itemprop=\"associatedMedia\" itemscope itemtype=\"http:\/\/schema.org\/ImageObject\"> <a href=\"https:\/\/www.deuxchevaux.ch\/wordpress\/neulich-in-zuerich-bei-meinem-vater\/neulich_in_zuerich_bei_meinem_vater_dsc06462\/\" border=\"0\" itemprop=\"url\"> <meta itemprop=\"width\" content=\"777\"> <meta itemprop=\"height\" content=\"517\"> <img decoding=\"async\" class=\"\" data-attachment-id=\"1534\" data-orig-file=\"https:\/\/www.deuxchevaux.ch\/wordpress\/wp-content\/uploads\/2015\/10\/neulich_in_zuerich_bei_meinem_vater_dsc06462.jpg\" data-orig-size=\"472,314\" data-comments-opened=\"\" data-image-meta=\"{&quot;aperture&quot;:&quot;0&quot;,&quot;credit&quot;:&quot;&quot;,&quot;camera&quot;:&quot;&quot;,&quot;caption&quot;:&quot;&quot;,&quot;created_timestamp&quot;:&quot;0&quot;,&quot;copyright&quot;:&quot;&quot;,&quot;focal_length&quot;:&quot;0&quot;,&quot;iso&quot;:&quot;0&quot;,&quot;shutter_speed&quot;:&quot;0&quot;,&quot;title&quot;:&quot;&quot;,&quot;orientation&quot;:&quot;0&quot;}\" data-image-title=\"Neulich In Zuerich Bei Meinem Vater Dsc06462\" data-image-description=\"\" data-medium-file=\"https:\/\/i0.wp.com\/www.deuxchevaux.ch\/wordpress\/wp-content\/uploads\/2015\/10\/neulich_in_zuerich_bei_meinem_vater_dsc06462.jpg?fit=300%2C200&#038;ssl=1\" data-large-file=\"https:\/\/i0.wp.com\/www.deuxchevaux.ch\/wordpress\/wp-content\/uploads\/2015\/10\/neulich_in_zuerich_bei_meinem_vater_dsc06462.jpg?fit=472%2C314&#038;ssl=1\" src=\"https:\/\/i0.wp.com\/www.deuxchevaux.ch\/wordpress\/wp-content\/uploads\/2015\/10\/neulich_in_zuerich_bei_meinem_vater_dsc06462.jpg?w=777&#038;h=517&#038;ssl=1\" srcset=\"https:\/\/i0.wp.com\/www.deuxchevaux.ch\/wordpress\/wp-content\/uploads\/2015\/10\/neulich_in_zuerich_bei_meinem_vater_dsc06462.jpg?w=472&amp;ssl=1 472w, https:\/\/i0.wp.com\/www.deuxchevaux.ch\/wordpress\/wp-content\/uploads\/2015\/10\/neulich_in_zuerich_bei_meinem_vater_dsc06462.jpg?resize=150%2C100&amp;ssl=1 150w, https:\/\/i0.wp.com\/www.deuxchevaux.ch\/wordpress\/wp-content\/uploads\/2015\/10\/neulich_in_zuerich_bei_meinem_vater_dsc06462.jpg?resize=300%2C200&amp;ssl=1 300w, https:\/\/i0.wp.com\/www.deuxchevaux.ch\/wordpress\/wp-content\/uploads\/2015\/10\/neulich_in_zuerich_bei_meinem_vater_dsc06462.jpg?resize=400%2C266&amp;ssl=1 400w\" width=\"777\" height=\"517\" loading=\"lazy\" data-original-width=\"777\" data-original-height=\"517\" itemprop=\"http:\/\/schema.org\/image\" title=\"Neulich In Zuerich Bei Meinem Vater Dsc06462\" alt=\"Neulich In Zuerich Bei Meinem Vater Dsc06462\" style=\"width: 777px; height: 517px;\" \/> <\/a> <\/div> <\/div> <!-- close group --> <\/div> <!-- close row --> <div class=\"gallery-row\" style=\"width: 1170px; height: 391px;\" data-original-width=\"1170\" data-original-height=\"391\" > <div class=\"gallery-group images-1\" style=\"width: 585px; height: 391px;\" data-original-width=\"585\" data-original-height=\"391\" > <div class=\"tiled-gallery-item tiled-gallery-item-large\" itemprop=\"associatedMedia\" itemscope itemtype=\"http:\/\/schema.org\/ImageObject\"> <a href=\"https:\/\/www.deuxchevaux.ch\/wordpress\/neulich-in-zuerich-bei-meinem-vater\/neulich_in_zuerich_bei_meinem_vater_dsc06461\/\" border=\"0\" itemprop=\"url\"> <meta itemprop=\"width\" content=\"581\"> <meta itemprop=\"height\" content=\"387\"> <img decoding=\"async\" class=\"\" data-attachment-id=\"1533\" data-orig-file=\"https:\/\/www.deuxchevaux.ch\/wordpress\/wp-content\/uploads\/2015\/10\/neulich_in_zuerich_bei_meinem_vater_dsc06461.jpg\" data-orig-size=\"472,314\" data-comments-opened=\"\" data-image-meta=\"{&quot;aperture&quot;:&quot;0&quot;,&quot;credit&quot;:&quot;&quot;,&quot;camera&quot;:&quot;&quot;,&quot;caption&quot;:&quot;&quot;,&quot;created_timestamp&quot;:&quot;0&quot;,&quot;copyright&quot;:&quot;&quot;,&quot;focal_length&quot;:&quot;0&quot;,&quot;iso&quot;:&quot;0&quot;,&quot;shutter_speed&quot;:&quot;0&quot;,&quot;title&quot;:&quot;&quot;,&quot;orientation&quot;:&quot;0&quot;}\" data-image-title=\"Neulich In Zuerich Bei Meinem Vater Dsc06461\" data-image-description=\"\" data-medium-file=\"https:\/\/i0.wp.com\/www.deuxchevaux.ch\/wordpress\/wp-content\/uploads\/2015\/10\/neulich_in_zuerich_bei_meinem_vater_dsc06461.jpg?fit=300%2C200&#038;ssl=1\" data-large-file=\"https:\/\/i0.wp.com\/www.deuxchevaux.ch\/wordpress\/wp-content\/uploads\/2015\/10\/neulich_in_zuerich_bei_meinem_vater_dsc06461.jpg?fit=472%2C314&#038;ssl=1\" src=\"https:\/\/i0.wp.com\/www.deuxchevaux.ch\/wordpress\/wp-content\/uploads\/2015\/10\/neulich_in_zuerich_bei_meinem_vater_dsc06461.jpg?w=581&#038;h=387&#038;ssl=1\" srcset=\"https:\/\/i0.wp.com\/www.deuxchevaux.ch\/wordpress\/wp-content\/uploads\/2015\/10\/neulich_in_zuerich_bei_meinem_vater_dsc06461.jpg?w=472&amp;ssl=1 472w, https:\/\/i0.wp.com\/www.deuxchevaux.ch\/wordpress\/wp-content\/uploads\/2015\/10\/neulich_in_zuerich_bei_meinem_vater_dsc06461.jpg?resize=150%2C100&amp;ssl=1 150w, https:\/\/i0.wp.com\/www.deuxchevaux.ch\/wordpress\/wp-content\/uploads\/2015\/10\/neulich_in_zuerich_bei_meinem_vater_dsc06461.jpg?resize=300%2C200&amp;ssl=1 300w, https:\/\/i0.wp.com\/www.deuxchevaux.ch\/wordpress\/wp-content\/uploads\/2015\/10\/neulich_in_zuerich_bei_meinem_vater_dsc06461.jpg?resize=400%2C266&amp;ssl=1 400w\" width=\"581\" height=\"387\" loading=\"lazy\" data-original-width=\"581\" data-original-height=\"387\" itemprop=\"http:\/\/schema.org\/image\" title=\"Neulich In Zuerich Bei Meinem Vater Dsc06461\" alt=\"Neulich In Zuerich Bei Meinem Vater Dsc06461\" style=\"width: 581px; height: 387px;\" \/> <\/a> <\/div> <\/div> <!-- close group --> <div class=\"gallery-group images-1\" style=\"width: 585px; height: 391px;\" data-original-width=\"585\" data-original-height=\"391\" > <div class=\"tiled-gallery-item tiled-gallery-item-large\" itemprop=\"associatedMedia\" itemscope itemtype=\"http:\/\/schema.org\/ImageObject\"> <a href=\"https:\/\/www.deuxchevaux.ch\/wordpress\/neulich-in-zuerich-bei-meinem-vater\/neulich_in_zuerich_bei_meinem_vater_dsc06460\/\" border=\"0\" itemprop=\"url\"> <meta itemprop=\"width\" content=\"581\"> <meta itemprop=\"height\" content=\"387\"> <img decoding=\"async\" class=\"\" data-attachment-id=\"1532\" data-orig-file=\"https:\/\/www.deuxchevaux.ch\/wordpress\/wp-content\/uploads\/2015\/10\/neulich_in_zuerich_bei_meinem_vater_dsc06460.jpg\" data-orig-size=\"472,314\" data-comments-opened=\"\" data-image-meta=\"{&quot;aperture&quot;:&quot;0&quot;,&quot;credit&quot;:&quot;&quot;,&quot;camera&quot;:&quot;&quot;,&quot;caption&quot;:&quot;&quot;,&quot;created_timestamp&quot;:&quot;0&quot;,&quot;copyright&quot;:&quot;&quot;,&quot;focal_length&quot;:&quot;0&quot;,&quot;iso&quot;:&quot;0&quot;,&quot;shutter_speed&quot;:&quot;0&quot;,&quot;title&quot;:&quot;&quot;,&quot;orientation&quot;:&quot;0&quot;}\" data-image-title=\"Neulich In Zuerich Bei Meinem Vater Dsc06460\" data-image-description=\"\" data-medium-file=\"https:\/\/i0.wp.com\/www.deuxchevaux.ch\/wordpress\/wp-content\/uploads\/2015\/10\/neulich_in_zuerich_bei_meinem_vater_dsc06460.jpg?fit=300%2C200&#038;ssl=1\" data-large-file=\"https:\/\/i0.wp.com\/www.deuxchevaux.ch\/wordpress\/wp-content\/uploads\/2015\/10\/neulich_in_zuerich_bei_meinem_vater_dsc06460.jpg?fit=472%2C314&#038;ssl=1\" src=\"https:\/\/i0.wp.com\/www.deuxchevaux.ch\/wordpress\/wp-content\/uploads\/2015\/10\/neulich_in_zuerich_bei_meinem_vater_dsc06460.jpg?w=581&#038;h=387&#038;ssl=1\" srcset=\"https:\/\/i0.wp.com\/www.deuxchevaux.ch\/wordpress\/wp-content\/uploads\/2015\/10\/neulich_in_zuerich_bei_meinem_vater_dsc06460.jpg?w=472&amp;ssl=1 472w, https:\/\/i0.wp.com\/www.deuxchevaux.ch\/wordpress\/wp-content\/uploads\/2015\/10\/neulich_in_zuerich_bei_meinem_vater_dsc06460.jpg?resize=150%2C100&amp;ssl=1 150w, https:\/\/i0.wp.com\/www.deuxchevaux.ch\/wordpress\/wp-content\/uploads\/2015\/10\/neulich_in_zuerich_bei_meinem_vater_dsc06460.jpg?resize=300%2C200&amp;ssl=1 300w, https:\/\/i0.wp.com\/www.deuxchevaux.ch\/wordpress\/wp-content\/uploads\/2015\/10\/neulich_in_zuerich_bei_meinem_vater_dsc06460.jpg?resize=400%2C266&amp;ssl=1 400w\" width=\"581\" height=\"387\" loading=\"lazy\" data-original-width=\"581\" data-original-height=\"387\" itemprop=\"http:\/\/schema.org\/image\" title=\"Neulich In Zuerich Bei Meinem Vater Dsc06460\" alt=\"Neulich In Zuerich Bei Meinem Vater Dsc06460\" style=\"width: 581px; height: 387px;\" \/> <\/a> <\/div> <\/div> <!-- close group --> <\/div> <!-- close row --> <div class=\"gallery-row\" style=\"width: 1170px; height: 521px;\" data-original-width=\"1170\" data-original-height=\"521\" > <div class=\"gallery-group images-1\" style=\"width: 781px; height: 521px;\" data-original-width=\"781\" data-original-height=\"521\" > <div class=\"tiled-gallery-item tiled-gallery-item-large\" itemprop=\"associatedMedia\" itemscope itemtype=\"http:\/\/schema.org\/ImageObject\"> <a href=\"https:\/\/www.deuxchevaux.ch\/wordpress\/neulich-in-zuerich-bei-meinem-vater\/neulich_in_zuerich_bei_meinem_vater_dsc06459\/\" border=\"0\" itemprop=\"url\"> <meta itemprop=\"width\" content=\"777\"> <meta itemprop=\"height\" content=\"517\"> <img decoding=\"async\" class=\"\" data-attachment-id=\"1531\" data-orig-file=\"https:\/\/www.deuxchevaux.ch\/wordpress\/wp-content\/uploads\/2015\/10\/neulich_in_zuerich_bei_meinem_vater_dsc06459.jpg\" data-orig-size=\"472,314\" data-comments-opened=\"\" data-image-meta=\"{&quot;aperture&quot;:&quot;0&quot;,&quot;credit&quot;:&quot;&quot;,&quot;camera&quot;:&quot;&quot;,&quot;caption&quot;:&quot;&quot;,&quot;created_timestamp&quot;:&quot;0&quot;,&quot;copyright&quot;:&quot;&quot;,&quot;focal_length&quot;:&quot;0&quot;,&quot;iso&quot;:&quot;0&quot;,&quot;shutter_speed&quot;:&quot;0&quot;,&quot;title&quot;:&quot;&quot;,&quot;orientation&quot;:&quot;0&quot;}\" data-image-title=\"Neulich In Zuerich Bei Meinem Vater Dsc06459\" data-image-description=\"\" data-medium-file=\"https:\/\/i0.wp.com\/www.deuxchevaux.ch\/wordpress\/wp-content\/uploads\/2015\/10\/neulich_in_zuerich_bei_meinem_vater_dsc06459.jpg?fit=300%2C200&#038;ssl=1\" data-large-file=\"https:\/\/i0.wp.com\/www.deuxchevaux.ch\/wordpress\/wp-content\/uploads\/2015\/10\/neulich_in_zuerich_bei_meinem_vater_dsc06459.jpg?fit=472%2C314&#038;ssl=1\" src=\"https:\/\/i0.wp.com\/www.deuxchevaux.ch\/wordpress\/wp-content\/uploads\/2015\/10\/neulich_in_zuerich_bei_meinem_vater_dsc06459.jpg?w=777&#038;h=517&#038;ssl=1\" srcset=\"https:\/\/i0.wp.com\/www.deuxchevaux.ch\/wordpress\/wp-content\/uploads\/2015\/10\/neulich_in_zuerich_bei_meinem_vater_dsc06459.jpg?w=472&amp;ssl=1 472w, https:\/\/i0.wp.com\/www.deuxchevaux.ch\/wordpress\/wp-content\/uploads\/2015\/10\/neulich_in_zuerich_bei_meinem_vater_dsc06459.jpg?resize=150%2C100&amp;ssl=1 150w, https:\/\/i0.wp.com\/www.deuxchevaux.ch\/wordpress\/wp-content\/uploads\/2015\/10\/neulich_in_zuerich_bei_meinem_vater_dsc06459.jpg?resize=300%2C200&amp;ssl=1 300w, https:\/\/i0.wp.com\/www.deuxchevaux.ch\/wordpress\/wp-content\/uploads\/2015\/10\/neulich_in_zuerich_bei_meinem_vater_dsc06459.jpg?resize=400%2C266&amp;ssl=1 400w\" width=\"777\" height=\"517\" loading=\"lazy\" data-original-width=\"777\" data-original-height=\"517\" itemprop=\"http:\/\/schema.org\/image\" title=\"Neulich In Zuerich Bei Meinem Vater Dsc06459\" alt=\"Neulich In Zuerich Bei Meinem Vater Dsc06459\" style=\"width: 777px; height: 517px;\" \/> <\/a> <\/div> <\/div> <!-- close group --> <div class=\"gallery-group images-2\" style=\"width: 389px; height: 521px;\" data-original-width=\"389\" data-original-height=\"521\" > <div class=\"tiled-gallery-item tiled-gallery-item-large\" itemprop=\"associatedMedia\" itemscope itemtype=\"http:\/\/schema.org\/ImageObject\"> <a href=\"https:\/\/www.deuxchevaux.ch\/wordpress\/neulich-in-zuerich-bei-meinem-vater\/neulich_in_zuerich_bei_meinem_vater_dsc06458\/\" border=\"0\" itemprop=\"url\"> <meta itemprop=\"width\" content=\"385\"> <meta itemprop=\"height\" content=\"257\"> <img decoding=\"async\" class=\"\" data-attachment-id=\"1530\" data-orig-file=\"https:\/\/www.deuxchevaux.ch\/wordpress\/wp-content\/uploads\/2015\/10\/neulich_in_zuerich_bei_meinem_vater_dsc06458.jpg\" data-orig-size=\"472,314\" data-comments-opened=\"\" data-image-meta=\"{&quot;aperture&quot;:&quot;0&quot;,&quot;credit&quot;:&quot;&quot;,&quot;camera&quot;:&quot;&quot;,&quot;caption&quot;:&quot;&quot;,&quot;created_timestamp&quot;:&quot;0&quot;,&quot;copyright&quot;:&quot;&quot;,&quot;focal_length&quot;:&quot;0&quot;,&quot;iso&quot;:&quot;0&quot;,&quot;shutter_speed&quot;:&quot;0&quot;,&quot;title&quot;:&quot;&quot;,&quot;orientation&quot;:&quot;0&quot;}\" data-image-title=\"Neulich In Zuerich Bei Meinem Vater Dsc06458\" data-image-description=\"\" data-medium-file=\"https:\/\/i0.wp.com\/www.deuxchevaux.ch\/wordpress\/wp-content\/uploads\/2015\/10\/neulich_in_zuerich_bei_meinem_vater_dsc06458.jpg?fit=300%2C200&#038;ssl=1\" data-large-file=\"https:\/\/i0.wp.com\/www.deuxchevaux.ch\/wordpress\/wp-content\/uploads\/2015\/10\/neulich_in_zuerich_bei_meinem_vater_dsc06458.jpg?fit=472%2C314&#038;ssl=1\" src=\"https:\/\/i0.wp.com\/www.deuxchevaux.ch\/wordpress\/wp-content\/uploads\/2015\/10\/neulich_in_zuerich_bei_meinem_vater_dsc06458.jpg?w=385&#038;h=257&#038;ssl=1\" srcset=\"https:\/\/i0.wp.com\/www.deuxchevaux.ch\/wordpress\/wp-content\/uploads\/2015\/10\/neulich_in_zuerich_bei_meinem_vater_dsc06458.jpg?w=472&amp;ssl=1 472w, https:\/\/i0.wp.com\/www.deuxchevaux.ch\/wordpress\/wp-content\/uploads\/2015\/10\/neulich_in_zuerich_bei_meinem_vater_dsc06458.jpg?resize=150%2C100&amp;ssl=1 150w, https:\/\/i0.wp.com\/www.deuxchevaux.ch\/wordpress\/wp-content\/uploads\/2015\/10\/neulich_in_zuerich_bei_meinem_vater_dsc06458.jpg?resize=300%2C200&amp;ssl=1 300w, https:\/\/i0.wp.com\/www.deuxchevaux.ch\/wordpress\/wp-content\/uploads\/2015\/10\/neulich_in_zuerich_bei_meinem_vater_dsc06458.jpg?resize=400%2C266&amp;ssl=1 400w\" width=\"385\" height=\"257\" loading=\"lazy\" data-original-width=\"385\" data-original-height=\"257\" itemprop=\"http:\/\/schema.org\/image\" title=\"Neulich In Zuerich Bei Meinem Vater Dsc06458\" alt=\"Neulich In Zuerich Bei Meinem Vater Dsc06458\" style=\"width: 385px; height: 257px;\" \/> <\/a> <\/div> <div class=\"tiled-gallery-item tiled-gallery-item-large\" itemprop=\"associatedMedia\" itemscope itemtype=\"http:\/\/schema.org\/ImageObject\"> <a href=\"https:\/\/www.deuxchevaux.ch\/wordpress\/neulich-in-zuerich-bei-meinem-vater\/neulich_in_zuerich_bei_meinem_vater_dsc06457\/\" border=\"0\" itemprop=\"url\"> <meta itemprop=\"width\" content=\"385\"> <meta itemprop=\"height\" content=\"256\"> <img decoding=\"async\" class=\"\" data-attachment-id=\"1529\" data-orig-file=\"https:\/\/www.deuxchevaux.ch\/wordpress\/wp-content\/uploads\/2015\/10\/neulich_in_zuerich_bei_meinem_vater_dsc06457.jpg\" data-orig-size=\"472,314\" data-comments-opened=\"\" data-image-meta=\"{&quot;aperture&quot;:&quot;0&quot;,&quot;credit&quot;:&quot;&quot;,&quot;camera&quot;:&quot;&quot;,&quot;caption&quot;:&quot;&quot;,&quot;created_timestamp&quot;:&quot;0&quot;,&quot;copyright&quot;:&quot;&quot;,&quot;focal_length&quot;:&quot;0&quot;,&quot;iso&quot;:&quot;0&quot;,&quot;shutter_speed&quot;:&quot;0&quot;,&quot;title&quot;:&quot;&quot;,&quot;orientation&quot;:&quot;0&quot;}\" data-image-title=\"Neulich In Zuerich Bei Meinem Vater Dsc06457\" data-image-description=\"\" data-medium-file=\"https:\/\/i0.wp.com\/www.deuxchevaux.ch\/wordpress\/wp-content\/uploads\/2015\/10\/neulich_in_zuerich_bei_meinem_vater_dsc06457.jpg?fit=300%2C200&#038;ssl=1\" data-large-file=\"https:\/\/i0.wp.com\/www.deuxchevaux.ch\/wordpress\/wp-content\/uploads\/2015\/10\/neulich_in_zuerich_bei_meinem_vater_dsc06457.jpg?fit=472%2C314&#038;ssl=1\" src=\"https:\/\/i0.wp.com\/www.deuxchevaux.ch\/wordpress\/wp-content\/uploads\/2015\/10\/neulich_in_zuerich_bei_meinem_vater_dsc06457.jpg?w=385&#038;h=256&#038;ssl=1\" srcset=\"https:\/\/i0.wp.com\/www.deuxchevaux.ch\/wordpress\/wp-content\/uploads\/2015\/10\/neulich_in_zuerich_bei_meinem_vater_dsc06457.jpg?w=472&amp;ssl=1 472w, https:\/\/i0.wp.com\/www.deuxchevaux.ch\/wordpress\/wp-content\/uploads\/2015\/10\/neulich_in_zuerich_bei_meinem_vater_dsc06457.jpg?resize=150%2C100&amp;ssl=1 150w, https:\/\/i0.wp.com\/www.deuxchevaux.ch\/wordpress\/wp-content\/uploads\/2015\/10\/neulich_in_zuerich_bei_meinem_vater_dsc06457.jpg?resize=300%2C200&amp;ssl=1 300w, https:\/\/i0.wp.com\/www.deuxchevaux.ch\/wordpress\/wp-content\/uploads\/2015\/10\/neulich_in_zuerich_bei_meinem_vater_dsc06457.jpg?resize=400%2C266&amp;ssl=1 400w\" width=\"385\" height=\"256\" loading=\"lazy\" data-original-width=\"385\" data-original-height=\"256\" itemprop=\"http:\/\/schema.org\/image\" title=\"Neulich In Zuerich Bei Meinem Vater Dsc06457\" alt=\"Neulich In Zuerich Bei Meinem Vater Dsc06457\" style=\"width: 385px; height: 256px;\" \/> <\/a> <\/div> <\/div> <!-- close group --> <\/div> <!-- close row --> <div class=\"gallery-row\" style=\"width: 1170px; height: 261px;\" data-original-width=\"1170\" data-original-height=\"261\" > <div class=\"gallery-group images-1\" style=\"width: 390px; height: 261px;\" data-original-width=\"390\" data-original-height=\"261\" > <div class=\"tiled-gallery-item tiled-gallery-item-large\" itemprop=\"associatedMedia\" itemscope itemtype=\"http:\/\/schema.org\/ImageObject\"> <a href=\"https:\/\/www.deuxchevaux.ch\/wordpress\/neulich-in-zuerich-bei-meinem-vater\/neulich_in_zuerich_bei_meinem_vater_dsc06456\/\" border=\"0\" itemprop=\"url\"> <meta itemprop=\"width\" content=\"386\"> <meta itemprop=\"height\" content=\"257\"> <img decoding=\"async\" class=\"\" data-attachment-id=\"1528\" data-orig-file=\"https:\/\/www.deuxchevaux.ch\/wordpress\/wp-content\/uploads\/2015\/10\/neulich_in_zuerich_bei_meinem_vater_dsc06456.jpg\" data-orig-size=\"472,314\" data-comments-opened=\"\" data-image-meta=\"{&quot;aperture&quot;:&quot;0&quot;,&quot;credit&quot;:&quot;&quot;,&quot;camera&quot;:&quot;&quot;,&quot;caption&quot;:&quot;&quot;,&quot;created_timestamp&quot;:&quot;0&quot;,&quot;copyright&quot;:&quot;&quot;,&quot;focal_length&quot;:&quot;0&quot;,&quot;iso&quot;:&quot;0&quot;,&quot;shutter_speed&quot;:&quot;0&quot;,&quot;title&quot;:&quot;&quot;,&quot;orientation&quot;:&quot;0&quot;}\" data-image-title=\"Neulich In Zuerich Bei Meinem Vater Dsc06456\" data-image-description=\"\" data-medium-file=\"https:\/\/i0.wp.com\/www.deuxchevaux.ch\/wordpress\/wp-content\/uploads\/2015\/10\/neulich_in_zuerich_bei_meinem_vater_dsc06456.jpg?fit=300%2C200&#038;ssl=1\" data-large-file=\"https:\/\/i0.wp.com\/www.deuxchevaux.ch\/wordpress\/wp-content\/uploads\/2015\/10\/neulich_in_zuerich_bei_meinem_vater_dsc06456.jpg?fit=472%2C314&#038;ssl=1\" src=\"https:\/\/i0.wp.com\/www.deuxchevaux.ch\/wordpress\/wp-content\/uploads\/2015\/10\/neulich_in_zuerich_bei_meinem_vater_dsc06456.jpg?w=386&#038;h=257&#038;ssl=1\" srcset=\"https:\/\/i0.wp.com\/www.deuxchevaux.ch\/wordpress\/wp-content\/uploads\/2015\/10\/neulich_in_zuerich_bei_meinem_vater_dsc06456.jpg?w=472&amp;ssl=1 472w, https:\/\/i0.wp.com\/www.deuxchevaux.ch\/wordpress\/wp-content\/uploads\/2015\/10\/neulich_in_zuerich_bei_meinem_vater_dsc06456.jpg?resize=150%2C100&amp;ssl=1 150w, https:\/\/i0.wp.com\/www.deuxchevaux.ch\/wordpress\/wp-content\/uploads\/2015\/10\/neulich_in_zuerich_bei_meinem_vater_dsc06456.jpg?resize=300%2C200&amp;ssl=1 300w, https:\/\/i0.wp.com\/www.deuxchevaux.ch\/wordpress\/wp-content\/uploads\/2015\/10\/neulich_in_zuerich_bei_meinem_vater_dsc06456.jpg?resize=400%2C266&amp;ssl=1 400w\" width=\"386\" height=\"257\" loading=\"lazy\" data-original-width=\"386\" data-original-height=\"257\" itemprop=\"http:\/\/schema.org\/image\" title=\"Neulich In Zuerich Bei Meinem Vater Dsc06456\" alt=\"Neulich In Zuerich Bei Meinem Vater Dsc06456\" style=\"width: 386px; height: 257px;\" \/> <\/a> <\/div> <\/div> <!-- close group --> <div class=\"gallery-group images-1\" style=\"width: 390px; height: 261px;\" data-original-width=\"390\" data-original-height=\"261\" > <div class=\"tiled-gallery-item tiled-gallery-item-large\" itemprop=\"associatedMedia\" itemscope itemtype=\"http:\/\/schema.org\/ImageObject\"> <a href=\"https:\/\/www.deuxchevaux.ch\/wordpress\/neulich-in-zuerich-bei-meinem-vater\/neulich_in_zuerich_bei_meinem_vater_dsc06455\/\" border=\"0\" itemprop=\"url\"> <meta itemprop=\"width\" content=\"386\"> <meta itemprop=\"height\" content=\"257\"> <img decoding=\"async\" class=\"\" data-attachment-id=\"1527\" data-orig-file=\"https:\/\/www.deuxchevaux.ch\/wordpress\/wp-content\/uploads\/2015\/10\/neulich_in_zuerich_bei_meinem_vater_dsc06455.jpg\" data-orig-size=\"472,314\" data-comments-opened=\"\" data-image-meta=\"{&quot;aperture&quot;:&quot;0&quot;,&quot;credit&quot;:&quot;&quot;,&quot;camera&quot;:&quot;&quot;,&quot;caption&quot;:&quot;&quot;,&quot;created_timestamp&quot;:&quot;0&quot;,&quot;copyright&quot;:&quot;&quot;,&quot;focal_length&quot;:&quot;0&quot;,&quot;iso&quot;:&quot;0&quot;,&quot;shutter_speed&quot;:&quot;0&quot;,&quot;title&quot;:&quot;&quot;,&quot;orientation&quot;:&quot;0&quot;}\" data-image-title=\"Neulich In Zuerich Bei Meinem Vater Dsc06455\" data-image-description=\"\" data-medium-file=\"https:\/\/i0.wp.com\/www.deuxchevaux.ch\/wordpress\/wp-content\/uploads\/2015\/10\/neulich_in_zuerich_bei_meinem_vater_dsc06455.jpg?fit=300%2C200&#038;ssl=1\" data-large-file=\"https:\/\/i0.wp.com\/www.deuxchevaux.ch\/wordpress\/wp-content\/uploads\/2015\/10\/neulich_in_zuerich_bei_meinem_vater_dsc06455.jpg?fit=472%2C314&#038;ssl=1\" src=\"https:\/\/i0.wp.com\/www.deuxchevaux.ch\/wordpress\/wp-content\/uploads\/2015\/10\/neulich_in_zuerich_bei_meinem_vater_dsc06455.jpg?w=386&#038;h=257&#038;ssl=1\" srcset=\"https:\/\/i0.wp.com\/www.deuxchevaux.ch\/wordpress\/wp-content\/uploads\/2015\/10\/neulich_in_zuerich_bei_meinem_vater_dsc06455.jpg?w=472&amp;ssl=1 472w, https:\/\/i0.wp.com\/www.deuxchevaux.ch\/wordpress\/wp-content\/uploads\/2015\/10\/neulich_in_zuerich_bei_meinem_vater_dsc06455.jpg?resize=150%2C100&amp;ssl=1 150w, https:\/\/i0.wp.com\/www.deuxchevaux.ch\/wordpress\/wp-content\/uploads\/2015\/10\/neulich_in_zuerich_bei_meinem_vater_dsc06455.jpg?resize=300%2C200&amp;ssl=1 300w, https:\/\/i0.wp.com\/www.deuxchevaux.ch\/wordpress\/wp-content\/uploads\/2015\/10\/neulich_in_zuerich_bei_meinem_vater_dsc06455.jpg?resize=400%2C266&amp;ssl=1 400w\" width=\"386\" height=\"257\" loading=\"lazy\" data-original-width=\"386\" data-original-height=\"257\" itemprop=\"http:\/\/schema.org\/image\" title=\"Neulich In Zuerich Bei Meinem Vater Dsc06455\" alt=\"Neulich In Zuerich Bei Meinem Vater Dsc06455\" style=\"width: 386px; height: 257px;\" \/> <\/a> <\/div> <\/div> <!-- close group --> <div class=\"gallery-group images-1\" style=\"width: 390px; height: 261px;\" data-original-width=\"390\" data-original-height=\"261\" > <div class=\"tiled-gallery-item tiled-gallery-item-large\" itemprop=\"associatedMedia\" itemscope itemtype=\"http:\/\/schema.org\/ImageObject\"> <a href=\"https:\/\/www.deuxchevaux.ch\/wordpress\/neulich-in-zuerich-bei-meinem-vater\/neulich_in_zuerich_bei_meinem_vater_dsc06454\/\" border=\"0\" itemprop=\"url\"> <meta itemprop=\"width\" content=\"386\"> <meta itemprop=\"height\" content=\"257\"> <img decoding=\"async\" class=\"\" data-attachment-id=\"1526\" data-orig-file=\"https:\/\/www.deuxchevaux.ch\/wordpress\/wp-content\/uploads\/2015\/10\/neulich_in_zuerich_bei_meinem_vater_dsc06454.jpg\" data-orig-size=\"472,314\" data-comments-opened=\"\" data-image-meta=\"{&quot;aperture&quot;:&quot;0&quot;,&quot;credit&quot;:&quot;&quot;,&quot;camera&quot;:&quot;&quot;,&quot;caption&quot;:&quot;&quot;,&quot;created_timestamp&quot;:&quot;0&quot;,&quot;copyright&quot;:&quot;&quot;,&quot;focal_length&quot;:&quot;0&quot;,&quot;iso&quot;:&quot;0&quot;,&quot;shutter_speed&quot;:&quot;0&quot;,&quot;title&quot;:&quot;&quot;,&quot;orientation&quot;:&quot;0&quot;}\" data-image-title=\"Neulich In Zuerich Bei Meinem Vater Dsc06454\" data-image-description=\"\" data-medium-file=\"https:\/\/i0.wp.com\/www.deuxchevaux.ch\/wordpress\/wp-content\/uploads\/2015\/10\/neulich_in_zuerich_bei_meinem_vater_dsc06454.jpg?fit=300%2C200&#038;ssl=1\" data-large-file=\"https:\/\/i0.wp.com\/www.deuxchevaux.ch\/wordpress\/wp-content\/uploads\/2015\/10\/neulich_in_zuerich_bei_meinem_vater_dsc06454.jpg?fit=472%2C314&#038;ssl=1\" src=\"https:\/\/i0.wp.com\/www.deuxchevaux.ch\/wordpress\/wp-content\/uploads\/2015\/10\/neulich_in_zuerich_bei_meinem_vater_dsc06454.jpg?w=386&#038;h=257&#038;ssl=1\" srcset=\"https:\/\/i0.wp.com\/www.deuxchevaux.ch\/wordpress\/wp-content\/uploads\/2015\/10\/neulich_in_zuerich_bei_meinem_vater_dsc06454.jpg?w=472&amp;ssl=1 472w, https:\/\/i0.wp.com\/www.deuxchevaux.ch\/wordpress\/wp-content\/uploads\/2015\/10\/neulich_in_zuerich_bei_meinem_vater_dsc06454.jpg?resize=150%2C100&amp;ssl=1 150w, https:\/\/i0.wp.com\/www.deuxchevaux.ch\/wordpress\/wp-content\/uploads\/2015\/10\/neulich_in_zuerich_bei_meinem_vater_dsc06454.jpg?resize=300%2C200&amp;ssl=1 300w, https:\/\/i0.wp.com\/www.deuxchevaux.ch\/wordpress\/wp-content\/uploads\/2015\/10\/neulich_in_zuerich_bei_meinem_vater_dsc06454.jpg?resize=400%2C266&amp;ssl=1 400w\" width=\"386\" height=\"257\" loading=\"lazy\" data-original-width=\"386\" data-original-height=\"257\" itemprop=\"http:\/\/schema.org\/image\" title=\"Neulich In Zuerich Bei Meinem Vater Dsc06454\" alt=\"Neulich In Zuerich Bei Meinem Vater Dsc06454\" style=\"width: 386px; height: 257px;\" \/> <\/a> <\/div> <\/div> <!-- close group --> <\/div> <!-- close row --> <div class=\"gallery-row\" style=\"width: 1170px; height: 521px;\" data-original-width=\"1170\" data-original-height=\"521\" > <div class=\"gallery-group images-2\" style=\"width: 389px; height: 521px;\" data-original-width=\"389\" data-original-height=\"521\" > <div class=\"tiled-gallery-item tiled-gallery-item-large\" itemprop=\"associatedMedia\" itemscope itemtype=\"http:\/\/schema.org\/ImageObject\"> <a href=\"https:\/\/www.deuxchevaux.ch\/wordpress\/neulich-in-zuerich-bei-meinem-vater\/neulich_in_zuerich_bei_meinem_vater_dsc06453\/\" border=\"0\" itemprop=\"url\"> <meta itemprop=\"width\" content=\"385\"> <meta itemprop=\"height\" content=\"257\"> <img decoding=\"async\" class=\"\" data-attachment-id=\"1525\" data-orig-file=\"https:\/\/www.deuxchevaux.ch\/wordpress\/wp-content\/uploads\/2015\/10\/neulich_in_zuerich_bei_meinem_vater_dsc06453.jpg\" data-orig-size=\"472,314\" data-comments-opened=\"\" data-image-meta=\"{&quot;aperture&quot;:&quot;0&quot;,&quot;credit&quot;:&quot;&quot;,&quot;camera&quot;:&quot;&quot;,&quot;caption&quot;:&quot;&quot;,&quot;created_timestamp&quot;:&quot;0&quot;,&quot;copyright&quot;:&quot;&quot;,&quot;focal_length&quot;:&quot;0&quot;,&quot;iso&quot;:&quot;0&quot;,&quot;shutter_speed&quot;:&quot;0&quot;,&quot;title&quot;:&quot;&quot;,&quot;orientation&quot;:&quot;0&quot;}\" data-image-title=\"Neulich In Zuerich Bei Meinem Vater Dsc06453\" data-image-description=\"\" data-medium-file=\"https:\/\/i0.wp.com\/www.deuxchevaux.ch\/wordpress\/wp-content\/uploads\/2015\/10\/neulich_in_zuerich_bei_meinem_vater_dsc06453.jpg?fit=300%2C200&#038;ssl=1\" data-large-file=\"https:\/\/i0.wp.com\/www.deuxchevaux.ch\/wordpress\/wp-content\/uploads\/2015\/10\/neulich_in_zuerich_bei_meinem_vater_dsc06453.jpg?fit=472%2C314&#038;ssl=1\" src=\"https:\/\/i0.wp.com\/www.deuxchevaux.ch\/wordpress\/wp-content\/uploads\/2015\/10\/neulich_in_zuerich_bei_meinem_vater_dsc06453.jpg?w=385&#038;h=257&#038;ssl=1\" srcset=\"https:\/\/i0.wp.com\/www.deuxchevaux.ch\/wordpress\/wp-content\/uploads\/2015\/10\/neulich_in_zuerich_bei_meinem_vater_dsc06453.jpg?w=472&amp;ssl=1 472w, https:\/\/i0.wp.com\/www.deuxchevaux.ch\/wordpress\/wp-content\/uploads\/2015\/10\/neulich_in_zuerich_bei_meinem_vater_dsc06453.jpg?resize=150%2C100&amp;ssl=1 150w, https:\/\/i0.wp.com\/www.deuxchevaux.ch\/wordpress\/wp-content\/uploads\/2015\/10\/neulich_in_zuerich_bei_meinem_vater_dsc06453.jpg?resize=300%2C200&amp;ssl=1 300w, https:\/\/i0.wp.com\/www.deuxchevaux.ch\/wordpress\/wp-content\/uploads\/2015\/10\/neulich_in_zuerich_bei_meinem_vater_dsc06453.jpg?resize=400%2C266&amp;ssl=1 400w\" width=\"385\" height=\"257\" loading=\"lazy\" data-original-width=\"385\" data-original-height=\"257\" itemprop=\"http:\/\/schema.org\/image\" title=\"Neulich In Zuerich Bei Meinem Vater Dsc06453\" alt=\"Neulich In Zuerich Bei Meinem Vater Dsc06453\" style=\"width: 385px; height: 257px;\" \/> <\/a> <\/div> <div class=\"tiled-gallery-item tiled-gallery-item-large\" itemprop=\"associatedMedia\" itemscope itemtype=\"http:\/\/schema.org\/ImageObject\"> <a href=\"https:\/\/www.deuxchevaux.ch\/wordpress\/neulich-in-zuerich-bei-meinem-vater\/neulich_in_zuerich_bei_meinem_vater_dsc06452\/\" border=\"0\" itemprop=\"url\"> <meta itemprop=\"width\" content=\"385\"> <meta itemprop=\"height\" content=\"256\"> <img decoding=\"async\" class=\"\" data-attachment-id=\"1524\" data-orig-file=\"https:\/\/www.deuxchevaux.ch\/wordpress\/wp-content\/uploads\/2015\/10\/neulich_in_zuerich_bei_meinem_vater_dsc06452.jpg\" data-orig-size=\"472,314\" data-comments-opened=\"\" data-image-meta=\"{&quot;aperture&quot;:&quot;0&quot;,&quot;credit&quot;:&quot;&quot;,&quot;camera&quot;:&quot;&quot;,&quot;caption&quot;:&quot;&quot;,&quot;created_timestamp&quot;:&quot;0&quot;,&quot;copyright&quot;:&quot;&quot;,&quot;focal_length&quot;:&quot;0&quot;,&quot;iso&quot;:&quot;0&quot;,&quot;shutter_speed&quot;:&quot;0&quot;,&quot;title&quot;:&quot;&quot;,&quot;orientation&quot;:&quot;0&quot;}\" data-image-title=\"Neulich In Zuerich Bei Meinem Vater Dsc06452\" data-image-description=\"\" data-medium-file=\"https:\/\/i0.wp.com\/www.deuxchevaux.ch\/wordpress\/wp-content\/uploads\/2015\/10\/neulich_in_zuerich_bei_meinem_vater_dsc06452.jpg?fit=300%2C200&#038;ssl=1\" data-large-file=\"https:\/\/i0.wp.com\/www.deuxchevaux.ch\/wordpress\/wp-content\/uploads\/2015\/10\/neulich_in_zuerich_bei_meinem_vater_dsc06452.jpg?fit=472%2C314&#038;ssl=1\" src=\"https:\/\/i0.wp.com\/www.deuxchevaux.ch\/wordpress\/wp-content\/uploads\/2015\/10\/neulich_in_zuerich_bei_meinem_vater_dsc06452.jpg?w=385&#038;h=256&#038;ssl=1\" srcset=\"https:\/\/i0.wp.com\/www.deuxchevaux.ch\/wordpress\/wp-content\/uploads\/2015\/10\/neulich_in_zuerich_bei_meinem_vater_dsc06452.jpg?w=472&amp;ssl=1 472w, https:\/\/i0.wp.com\/www.deuxchevaux.ch\/wordpress\/wp-content\/uploads\/2015\/10\/neulich_in_zuerich_bei_meinem_vater_dsc06452.jpg?resize=150%2C100&amp;ssl=1 150w, https:\/\/i0.wp.com\/www.deuxchevaux.ch\/wordpress\/wp-content\/uploads\/2015\/10\/neulich_in_zuerich_bei_meinem_vater_dsc06452.jpg?resize=300%2C200&amp;ssl=1 300w, https:\/\/i0.wp.com\/www.deuxchevaux.ch\/wordpress\/wp-content\/uploads\/2015\/10\/neulich_in_zuerich_bei_meinem_vater_dsc06452.jpg?resize=400%2C266&amp;ssl=1 400w\" width=\"385\" height=\"256\" loading=\"lazy\" data-original-width=\"385\" data-original-height=\"256\" itemprop=\"http:\/\/schema.org\/image\" title=\"Neulich In Zuerich Bei Meinem Vater Dsc06452\" alt=\"Neulich In Zuerich Bei Meinem Vater Dsc06452\" style=\"width: 385px; height: 256px;\" \/> <\/a> <\/div> <\/div> <!-- close group --> <div class=\"gallery-group images-1\" style=\"width: 781px; height: 521px;\" data-original-width=\"781\" data-original-height=\"521\" > <div class=\"tiled-gallery-item tiled-gallery-item-large\" itemprop=\"associatedMedia\" itemscope itemtype=\"http:\/\/schema.org\/ImageObject\"> <a href=\"https:\/\/www.deuxchevaux.ch\/wordpress\/neulich-in-zuerich-bei-meinem-vater\/neulich_in_zuerich_bei_meinem_vater_dsc06451\/\" border=\"0\" itemprop=\"url\"> <meta itemprop=\"width\" content=\"777\"> <meta itemprop=\"height\" content=\"517\"> <img decoding=\"async\" class=\"\" data-attachment-id=\"1523\" data-orig-file=\"https:\/\/www.deuxchevaux.ch\/wordpress\/wp-content\/uploads\/2015\/10\/neulich_in_zuerich_bei_meinem_vater_dsc06451.jpg\" data-orig-size=\"472,314\" data-comments-opened=\"\" data-image-meta=\"{&quot;aperture&quot;:&quot;0&quot;,&quot;credit&quot;:&quot;&quot;,&quot;camera&quot;:&quot;&quot;,&quot;caption&quot;:&quot;&quot;,&quot;created_timestamp&quot;:&quot;0&quot;,&quot;copyright&quot;:&quot;&quot;,&quot;focal_length&quot;:&quot;0&quot;,&quot;iso&quot;:&quot;0&quot;,&quot;shutter_speed&quot;:&quot;0&quot;,&quot;title&quot;:&quot;&quot;,&quot;orientation&quot;:&quot;0&quot;}\" data-image-title=\"Neulich In Zuerich Bei Meinem Vater Dsc06451\" data-image-description=\"\" data-medium-file=\"https:\/\/i0.wp.com\/www.deuxchevaux.ch\/wordpress\/wp-content\/uploads\/2015\/10\/neulich_in_zuerich_bei_meinem_vater_dsc06451.jpg?fit=300%2C200&#038;ssl=1\" data-large-file=\"https:\/\/i0.wp.com\/www.deuxchevaux.ch\/wordpress\/wp-content\/uploads\/2015\/10\/neulich_in_zuerich_bei_meinem_vater_dsc06451.jpg?fit=472%2C314&#038;ssl=1\" src=\"https:\/\/i0.wp.com\/www.deuxchevaux.ch\/wordpress\/wp-content\/uploads\/2015\/10\/neulich_in_zuerich_bei_meinem_vater_dsc06451.jpg?w=777&#038;h=517&#038;ssl=1\" srcset=\"https:\/\/i0.wp.com\/www.deuxchevaux.ch\/wordpress\/wp-content\/uploads\/2015\/10\/neulich_in_zuerich_bei_meinem_vater_dsc06451.jpg?w=472&amp;ssl=1 472w, https:\/\/i0.wp.com\/www.deuxchevaux.ch\/wordpress\/wp-content\/uploads\/2015\/10\/neulich_in_zuerich_bei_meinem_vater_dsc06451.jpg?resize=150%2C100&amp;ssl=1 150w, https:\/\/i0.wp.com\/www.deuxchevaux.ch\/wordpress\/wp-content\/uploads\/2015\/10\/neulich_in_zuerich_bei_meinem_vater_dsc06451.jpg?resize=300%2C200&amp;ssl=1 300w, https:\/\/i0.wp.com\/www.deuxchevaux.ch\/wordpress\/wp-content\/uploads\/2015\/10\/neulich_in_zuerich_bei_meinem_vater_dsc06451.jpg?resize=400%2C266&amp;ssl=1 400w\" width=\"777\" height=\"517\" loading=\"lazy\" data-original-width=\"777\" data-original-height=\"517\" itemprop=\"http:\/\/schema.org\/image\" title=\"Neulich In Zuerich Bei Meinem Vater Dsc06451\" alt=\"Neulich In Zuerich Bei Meinem Vater Dsc06451\" style=\"width: 777px; height: 517px;\" \/> <\/a> <\/div> <\/div> <!-- close group --> <\/div> <!-- close row --> <div class=\"gallery-row\" style=\"width: 1170px; height: 391px;\" data-original-width=\"1170\" data-original-height=\"391\" > <div class=\"gallery-group images-1\" style=\"width: 585px; height: 391px;\" data-original-width=\"585\" data-original-height=\"391\" > <div class=\"tiled-gallery-item tiled-gallery-item-large\" itemprop=\"associatedMedia\" itemscope itemtype=\"http:\/\/schema.org\/ImageObject\"> <a href=\"https:\/\/www.deuxchevaux.ch\/wordpress\/neulich-in-zuerich-bei-meinem-vater\/neulich_in_zuerich_bei_meinem_vater_dsc06450\/\" border=\"0\" itemprop=\"url\"> <meta itemprop=\"width\" content=\"581\"> <meta itemprop=\"height\" content=\"387\"> <img decoding=\"async\" class=\"\" data-attachment-id=\"1522\" data-orig-file=\"https:\/\/www.deuxchevaux.ch\/wordpress\/wp-content\/uploads\/2015\/10\/neulich_in_zuerich_bei_meinem_vater_dsc06450.jpg\" data-orig-size=\"472,314\" data-comments-opened=\"\" data-image-meta=\"{&quot;aperture&quot;:&quot;0&quot;,&quot;credit&quot;:&quot;&quot;,&quot;camera&quot;:&quot;&quot;,&quot;caption&quot;:&quot;&quot;,&quot;created_timestamp&quot;:&quot;0&quot;,&quot;copyright&quot;:&quot;&quot;,&quot;focal_length&quot;:&quot;0&quot;,&quot;iso&quot;:&quot;0&quot;,&quot;shutter_speed&quot;:&quot;0&quot;,&quot;title&quot;:&quot;&quot;,&quot;orientation&quot;:&quot;0&quot;}\" data-image-title=\"Neulich In Zuerich Bei Meinem Vater Dsc06450\" data-image-description=\"\" data-medium-file=\"https:\/\/i0.wp.com\/www.deuxchevaux.ch\/wordpress\/wp-content\/uploads\/2015\/10\/neulich_in_zuerich_bei_meinem_vater_dsc06450.jpg?fit=300%2C200&#038;ssl=1\" data-large-file=\"https:\/\/i0.wp.com\/www.deuxchevaux.ch\/wordpress\/wp-content\/uploads\/2015\/10\/neulich_in_zuerich_bei_meinem_vater_dsc06450.jpg?fit=472%2C314&#038;ssl=1\" src=\"https:\/\/i0.wp.com\/www.deuxchevaux.ch\/wordpress\/wp-content\/uploads\/2015\/10\/neulich_in_zuerich_bei_meinem_vater_dsc06450.jpg?w=581&#038;h=387&#038;ssl=1\" srcset=\"https:\/\/i0.wp.com\/www.deuxchevaux.ch\/wordpress\/wp-content\/uploads\/2015\/10\/neulich_in_zuerich_bei_meinem_vater_dsc06450.jpg?w=472&amp;ssl=1 472w, https:\/\/i0.wp.com\/www.deuxchevaux.ch\/wordpress\/wp-content\/uploads\/2015\/10\/neulich_in_zuerich_bei_meinem_vater_dsc06450.jpg?resize=150%2C100&amp;ssl=1 150w, https:\/\/i0.wp.com\/www.deuxchevaux.ch\/wordpress\/wp-content\/uploads\/2015\/10\/neulich_in_zuerich_bei_meinem_vater_dsc06450.jpg?resize=300%2C200&amp;ssl=1 300w, https:\/\/i0.wp.com\/www.deuxchevaux.ch\/wordpress\/wp-content\/uploads\/2015\/10\/neulich_in_zuerich_bei_meinem_vater_dsc06450.jpg?resize=400%2C266&amp;ssl=1 400w\" width=\"581\" height=\"387\" loading=\"lazy\" data-original-width=\"581\" data-original-height=\"387\" itemprop=\"http:\/\/schema.org\/image\" title=\"Neulich In Zuerich Bei Meinem Vater Dsc06450\" alt=\"Neulich In Zuerich Bei Meinem Vater Dsc06450\" style=\"width: 581px; height: 387px;\" \/> <\/a> <\/div> <\/div> <!-- close group --> <div class=\"gallery-group images-1\" style=\"width: 585px; height: 391px;\" data-original-width=\"585\" data-original-height=\"391\" > <div class=\"tiled-gallery-item tiled-gallery-item-large\" itemprop=\"associatedMedia\" itemscope itemtype=\"http:\/\/schema.org\/ImageObject\"> <a href=\"https:\/\/www.deuxchevaux.ch\/wordpress\/neulich-in-zuerich-bei-meinem-vater\/neulich_in_zuerich_bei_meinem_vater_dsc06449\/\" border=\"0\" itemprop=\"url\"> <meta itemprop=\"width\" content=\"581\"> <meta itemprop=\"height\" content=\"387\"> <img decoding=\"async\" class=\"\" data-attachment-id=\"1521\" data-orig-file=\"https:\/\/www.deuxchevaux.ch\/wordpress\/wp-content\/uploads\/2015\/10\/neulich_in_zuerich_bei_meinem_vater_dsc06449.jpg\" data-orig-size=\"472,314\" data-comments-opened=\"\" data-image-meta=\"{&quot;aperture&quot;:&quot;0&quot;,&quot;credit&quot;:&quot;&quot;,&quot;camera&quot;:&quot;&quot;,&quot;caption&quot;:&quot;&quot;,&quot;created_timestamp&quot;:&quot;0&quot;,&quot;copyright&quot;:&quot;&quot;,&quot;focal_length&quot;:&quot;0&quot;,&quot;iso&quot;:&quot;0&quot;,&quot;shutter_speed&quot;:&quot;0&quot;,&quot;title&quot;:&quot;&quot;,&quot;orientation&quot;:&quot;0&quot;}\" data-image-title=\"Neulich In Zuerich Bei Meinem Vater Dsc06449\" data-image-description=\"\" data-medium-file=\"https:\/\/i0.wp.com\/www.deuxchevaux.ch\/wordpress\/wp-content\/uploads\/2015\/10\/neulich_in_zuerich_bei_meinem_vater_dsc06449.jpg?fit=300%2C200&#038;ssl=1\" data-large-file=\"https:\/\/i0.wp.com\/www.deuxchevaux.ch\/wordpress\/wp-content\/uploads\/2015\/10\/neulich_in_zuerich_bei_meinem_vater_dsc06449.jpg?fit=472%2C314&#038;ssl=1\" src=\"https:\/\/i0.wp.com\/www.deuxchevaux.ch\/wordpress\/wp-content\/uploads\/2015\/10\/neulich_in_zuerich_bei_meinem_vater_dsc06449.jpg?w=581&#038;h=387&#038;ssl=1\" srcset=\"https:\/\/i0.wp.com\/www.deuxchevaux.ch\/wordpress\/wp-content\/uploads\/2015\/10\/neulich_in_zuerich_bei_meinem_vater_dsc06449.jpg?w=472&amp;ssl=1 472w, https:\/\/i0.wp.com\/www.deuxchevaux.ch\/wordpress\/wp-content\/uploads\/2015\/10\/neulich_in_zuerich_bei_meinem_vater_dsc06449.jpg?resize=150%2C100&amp;ssl=1 150w, https:\/\/i0.wp.com\/www.deuxchevaux.ch\/wordpress\/wp-content\/uploads\/2015\/10\/neulich_in_zuerich_bei_meinem_vater_dsc06449.jpg?resize=300%2C200&amp;ssl=1 300w, https:\/\/i0.wp.com\/www.deuxchevaux.ch\/wordpress\/wp-content\/uploads\/2015\/10\/neulich_in_zuerich_bei_meinem_vater_dsc06449.jpg?resize=400%2C266&amp;ssl=1 400w\" width=\"581\" height=\"387\" loading=\"lazy\" data-original-width=\"581\" data-original-height=\"387\" itemprop=\"http:\/\/schema.org\/image\" title=\"Neulich In Zuerich Bei Meinem Vater Dsc06449\" alt=\"Neulich In Zuerich Bei Meinem Vater Dsc06449\" style=\"width: 581px; height: 387px;\" \/> <\/a> <\/div> <\/div> <!-- close group --> <\/div> <!-- close row --> <div class=\"gallery-row\" style=\"width: 1170px; height: 521px;\" data-original-width=\"1170\" data-original-height=\"521\" > <div class=\"gallery-group images-1\" style=\"width: 781px; height: 521px;\" data-original-width=\"781\" data-original-height=\"521\" > <div class=\"tiled-gallery-item tiled-gallery-item-large\" itemprop=\"associatedMedia\" itemscope itemtype=\"http:\/\/schema.org\/ImageObject\"> <a href=\"https:\/\/www.deuxchevaux.ch\/wordpress\/neulich-in-zuerich-bei-meinem-vater\/neulich_in_zuerich_bei_meinem_vater_dsc06448\/\" border=\"0\" itemprop=\"url\"> <meta itemprop=\"width\" content=\"777\"> <meta itemprop=\"height\" content=\"517\"> <img decoding=\"async\" class=\"\" data-attachment-id=\"1520\" data-orig-file=\"https:\/\/www.deuxchevaux.ch\/wordpress\/wp-content\/uploads\/2015\/10\/neulich_in_zuerich_bei_meinem_vater_dsc06448.jpg\" data-orig-size=\"472,314\" data-comments-opened=\"\" data-image-meta=\"{&quot;aperture&quot;:&quot;0&quot;,&quot;credit&quot;:&quot;&quot;,&quot;camera&quot;:&quot;&quot;,&quot;caption&quot;:&quot;&quot;,&quot;created_timestamp&quot;:&quot;0&quot;,&quot;copyright&quot;:&quot;&quot;,&quot;focal_length&quot;:&quot;0&quot;,&quot;iso&quot;:&quot;0&quot;,&quot;shutter_speed&quot;:&quot;0&quot;,&quot;title&quot;:&quot;&quot;,&quot;orientation&quot;:&quot;0&quot;}\" data-image-title=\"Neulich In Zuerich Bei Meinem Vater Dsc06448\" data-image-description=\"\" data-medium-file=\"https:\/\/i0.wp.com\/www.deuxchevaux.ch\/wordpress\/wp-content\/uploads\/2015\/10\/neulich_in_zuerich_bei_meinem_vater_dsc06448.jpg?fit=300%2C200&#038;ssl=1\" data-large-file=\"https:\/\/i0.wp.com\/www.deuxchevaux.ch\/wordpress\/wp-content\/uploads\/2015\/10\/neulich_in_zuerich_bei_meinem_vater_dsc06448.jpg?fit=472%2C314&#038;ssl=1\" src=\"https:\/\/i0.wp.com\/www.deuxchevaux.ch\/wordpress\/wp-content\/uploads\/2015\/10\/neulich_in_zuerich_bei_meinem_vater_dsc06448.jpg?w=777&#038;h=517&#038;ssl=1\" srcset=\"https:\/\/i0.wp.com\/www.deuxchevaux.ch\/wordpress\/wp-content\/uploads\/2015\/10\/neulich_in_zuerich_bei_meinem_vater_dsc06448.jpg?w=472&amp;ssl=1 472w, https:\/\/i0.wp.com\/www.deuxchevaux.ch\/wordpress\/wp-content\/uploads\/2015\/10\/neulich_in_zuerich_bei_meinem_vater_dsc06448.jpg?resize=150%2C100&amp;ssl=1 150w, https:\/\/i0.wp.com\/www.deuxchevaux.ch\/wordpress\/wp-content\/uploads\/2015\/10\/neulich_in_zuerich_bei_meinem_vater_dsc06448.jpg?resize=300%2C200&amp;ssl=1 300w, https:\/\/i0.wp.com\/www.deuxchevaux.ch\/wordpress\/wp-content\/uploads\/2015\/10\/neulich_in_zuerich_bei_meinem_vater_dsc06448.jpg?resize=400%2C266&amp;ssl=1 400w\" width=\"777\" height=\"517\" loading=\"lazy\" data-original-width=\"777\" data-original-height=\"517\" itemprop=\"http:\/\/schema.org\/image\" title=\"Neulich In Zuerich Bei Meinem Vater Dsc06448\" alt=\"Neulich In Zuerich Bei Meinem Vater Dsc06448\" style=\"width: 777px; height: 517px;\" \/> <\/a> <\/div> <\/div> <!-- close group --> <div class=\"gallery-group images-2\" style=\"width: 389px; height: 521px;\" data-original-width=\"389\" data-original-height=\"521\" > <div class=\"tiled-gallery-item tiled-gallery-item-large\" itemprop=\"associatedMedia\" itemscope itemtype=\"http:\/\/schema.org\/ImageObject\"> <a href=\"https:\/\/www.deuxchevaux.ch\/wordpress\/neulich-in-zuerich-bei-meinem-vater\/neulich_in_zuerich_bei_meinem_vater_dsc06447\/\" border=\"0\" itemprop=\"url\"> <meta itemprop=\"width\" content=\"385\"> <meta itemprop=\"height\" content=\"257\"> <img decoding=\"async\" class=\"\" data-attachment-id=\"1519\" data-orig-file=\"https:\/\/www.deuxchevaux.ch\/wordpress\/wp-content\/uploads\/2015\/10\/neulich_in_zuerich_bei_meinem_vater_dsc06447.jpg\" data-orig-size=\"472,314\" data-comments-opened=\"\" data-image-meta=\"{&quot;aperture&quot;:&quot;0&quot;,&quot;credit&quot;:&quot;&quot;,&quot;camera&quot;:&quot;&quot;,&quot;caption&quot;:&quot;&quot;,&quot;created_timestamp&quot;:&quot;0&quot;,&quot;copyright&quot;:&quot;&quot;,&quot;focal_length&quot;:&quot;0&quot;,&quot;iso&quot;:&quot;0&quot;,&quot;shutter_speed&quot;:&quot;0&quot;,&quot;title&quot;:&quot;&quot;,&quot;orientation&quot;:&quot;0&quot;}\" data-image-title=\"Neulich In Zuerich Bei Meinem Vater Dsc06447\" data-image-description=\"\" data-medium-file=\"https:\/\/i0.wp.com\/www.deuxchevaux.ch\/wordpress\/wp-content\/uploads\/2015\/10\/neulich_in_zuerich_bei_meinem_vater_dsc06447.jpg?fit=300%2C200&#038;ssl=1\" data-large-file=\"https:\/\/i0.wp.com\/www.deuxchevaux.ch\/wordpress\/wp-content\/uploads\/2015\/10\/neulich_in_zuerich_bei_meinem_vater_dsc06447.jpg?fit=472%2C314&#038;ssl=1\" src=\"https:\/\/i0.wp.com\/www.deuxchevaux.ch\/wordpress\/wp-content\/uploads\/2015\/10\/neulich_in_zuerich_bei_meinem_vater_dsc06447.jpg?w=385&#038;h=257&#038;ssl=1\" srcset=\"https:\/\/i0.wp.com\/www.deuxchevaux.ch\/wordpress\/wp-content\/uploads\/2015\/10\/neulich_in_zuerich_bei_meinem_vater_dsc06447.jpg?w=472&amp;ssl=1 472w, https:\/\/i0.wp.com\/www.deuxchevaux.ch\/wordpress\/wp-content\/uploads\/2015\/10\/neulich_in_zuerich_bei_meinem_vater_dsc06447.jpg?resize=150%2C100&amp;ssl=1 150w, https:\/\/i0.wp.com\/www.deuxchevaux.ch\/wordpress\/wp-content\/uploads\/2015\/10\/neulich_in_zuerich_bei_meinem_vater_dsc06447.jpg?resize=300%2C200&amp;ssl=1 300w, https:\/\/i0.wp.com\/www.deuxchevaux.ch\/wordpress\/wp-content\/uploads\/2015\/10\/neulich_in_zuerich_bei_meinem_vater_dsc06447.jpg?resize=400%2C266&amp;ssl=1 400w\" width=\"385\" height=\"257\" loading=\"lazy\" data-original-width=\"385\" data-original-height=\"257\" itemprop=\"http:\/\/schema.org\/image\" title=\"Neulich In Zuerich Bei Meinem Vater Dsc06447\" alt=\"Neulich In Zuerich Bei Meinem Vater Dsc06447\" style=\"width: 385px; height: 257px;\" \/> <\/a> <\/div> <div class=\"tiled-gallery-item tiled-gallery-item-large\" itemprop=\"associatedMedia\" itemscope itemtype=\"http:\/\/schema.org\/ImageObject\"> <a href=\"https:\/\/www.deuxchevaux.ch\/wordpress\/neulich-in-zuerich-bei-meinem-vater\/neulich_in_zuerich_bei_meinem_vater_dsc06446\/\" border=\"0\" itemprop=\"url\"> <meta itemprop=\"width\" content=\"385\"> <meta itemprop=\"height\" content=\"256\"> <img decoding=\"async\" class=\"\" data-attachment-id=\"1518\" data-orig-file=\"https:\/\/www.deuxchevaux.ch\/wordpress\/wp-content\/uploads\/2015\/10\/neulich_in_zuerich_bei_meinem_vater_dsc06446.jpg\" data-orig-size=\"472,314\" data-comments-opened=\"\" data-image-meta=\"{&quot;aperture&quot;:&quot;0&quot;,&quot;credit&quot;:&quot;&quot;,&quot;camera&quot;:&quot;&quot;,&quot;caption&quot;:&quot;&quot;,&quot;created_timestamp&quot;:&quot;0&quot;,&quot;copyright&quot;:&quot;&quot;,&quot;focal_length&quot;:&quot;0&quot;,&quot;iso&quot;:&quot;0&quot;,&quot;shutter_speed&quot;:&quot;0&quot;,&quot;title&quot;:&quot;&quot;,&quot;orientation&quot;:&quot;0&quot;}\" data-image-title=\"Neulich In Zuerich Bei Meinem Vater Dsc06446\" data-image-description=\"\" data-medium-file=\"https:\/\/i0.wp.com\/www.deuxchevaux.ch\/wordpress\/wp-content\/uploads\/2015\/10\/neulich_in_zuerich_bei_meinem_vater_dsc06446.jpg?fit=300%2C200&#038;ssl=1\" data-large-file=\"https:\/\/i0.wp.com\/www.deuxchevaux.ch\/wordpress\/wp-content\/uploads\/2015\/10\/neulich_in_zuerich_bei_meinem_vater_dsc06446.jpg?fit=472%2C314&#038;ssl=1\" src=\"https:\/\/i0.wp.com\/www.deuxchevaux.ch\/wordpress\/wp-content\/uploads\/2015\/10\/neulich_in_zuerich_bei_meinem_vater_dsc06446.jpg?w=385&#038;h=256&#038;ssl=1\" srcset=\"https:\/\/i0.wp.com\/www.deuxchevaux.ch\/wordpress\/wp-content\/uploads\/2015\/10\/neulich_in_zuerich_bei_meinem_vater_dsc06446.jpg?w=472&amp;ssl=1 472w, https:\/\/i0.wp.com\/www.deuxchevaux.ch\/wordpress\/wp-content\/uploads\/2015\/10\/neulich_in_zuerich_bei_meinem_vater_dsc06446.jpg?resize=150%2C100&amp;ssl=1 150w, https:\/\/i0.wp.com\/www.deuxchevaux.ch\/wordpress\/wp-content\/uploads\/2015\/10\/neulich_in_zuerich_bei_meinem_vater_dsc06446.jpg?resize=300%2C200&amp;ssl=1 300w, https:\/\/i0.wp.com\/www.deuxchevaux.ch\/wordpress\/wp-content\/uploads\/2015\/10\/neulich_in_zuerich_bei_meinem_vater_dsc06446.jpg?resize=400%2C266&amp;ssl=1 400w\" width=\"385\" height=\"256\" loading=\"lazy\" data-original-width=\"385\" data-original-height=\"256\" itemprop=\"http:\/\/schema.org\/image\" title=\"Neulich In Zuerich Bei Meinem Vater Dsc06446\" alt=\"Neulich In Zuerich Bei Meinem Vater Dsc06446\" style=\"width: 385px; height: 256px;\" \/> <\/a> <\/div> <\/div> <!-- close group --> <\/div> <!-- close row --> <div class=\"gallery-row\" style=\"width: 1170px; height: 261px;\" data-original-width=\"1170\" data-original-height=\"261\" > <div class=\"gallery-group images-1\" style=\"width: 390px; height: 261px;\" data-original-width=\"390\" data-original-height=\"261\" > <div class=\"tiled-gallery-item tiled-gallery-item-large\" itemprop=\"associatedMedia\" itemscope itemtype=\"http:\/\/schema.org\/ImageObject\"> <a href=\"https:\/\/www.deuxchevaux.ch\/wordpress\/neulich-in-zuerich-bei-meinem-vater\/neulich_in_zuerich_bei_meinem_vater_dsc06445\/\" border=\"0\" itemprop=\"url\"> <meta itemprop=\"width\" content=\"386\"> <meta itemprop=\"height\" content=\"257\"> <img decoding=\"async\" class=\"\" data-attachment-id=\"1517\" data-orig-file=\"https:\/\/www.deuxchevaux.ch\/wordpress\/wp-content\/uploads\/2015\/10\/neulich_in_zuerich_bei_meinem_vater_dsc06445.jpg\" data-orig-size=\"472,314\" data-comments-opened=\"\" data-image-meta=\"{&quot;aperture&quot;:&quot;0&quot;,&quot;credit&quot;:&quot;&quot;,&quot;camera&quot;:&quot;&quot;,&quot;caption&quot;:&quot;&quot;,&quot;created_timestamp&quot;:&quot;0&quot;,&quot;copyright&quot;:&quot;&quot;,&quot;focal_length&quot;:&quot;0&quot;,&quot;iso&quot;:&quot;0&quot;,&quot;shutter_speed&quot;:&quot;0&quot;,&quot;title&quot;:&quot;&quot;,&quot;orientation&quot;:&quot;0&quot;}\" data-image-title=\"Neulich In Zuerich Bei Meinem Vater Dsc06445\" data-image-description=\"\" data-medium-file=\"https:\/\/i0.wp.com\/www.deuxchevaux.ch\/wordpress\/wp-content\/uploads\/2015\/10\/neulich_in_zuerich_bei_meinem_vater_dsc06445.jpg?fit=300%2C200&#038;ssl=1\" data-large-file=\"https:\/\/i0.wp.com\/www.deuxchevaux.ch\/wordpress\/wp-content\/uploads\/2015\/10\/neulich_in_zuerich_bei_meinem_vater_dsc06445.jpg?fit=472%2C314&#038;ssl=1\" src=\"https:\/\/i0.wp.com\/www.deuxchevaux.ch\/wordpress\/wp-content\/uploads\/2015\/10\/neulich_in_zuerich_bei_meinem_vater_dsc06445.jpg?w=386&#038;h=257&#038;ssl=1\" srcset=\"https:\/\/i0.wp.com\/www.deuxchevaux.ch\/wordpress\/wp-content\/uploads\/2015\/10\/neulich_in_zuerich_bei_meinem_vater_dsc06445.jpg?w=472&amp;ssl=1 472w, https:\/\/i0.wp.com\/www.deuxchevaux.ch\/wordpress\/wp-content\/uploads\/2015\/10\/neulich_in_zuerich_bei_meinem_vater_dsc06445.jpg?resize=150%2C100&amp;ssl=1 150w, https:\/\/i0.wp.com\/www.deuxchevaux.ch\/wordpress\/wp-content\/uploads\/2015\/10\/neulich_in_zuerich_bei_meinem_vater_dsc06445.jpg?resize=300%2C200&amp;ssl=1 300w, https:\/\/i0.wp.com\/www.deuxchevaux.ch\/wordpress\/wp-content\/uploads\/2015\/10\/neulich_in_zuerich_bei_meinem_vater_dsc06445.jpg?resize=400%2C266&amp;ssl=1 400w\" width=\"386\" height=\"257\" loading=\"lazy\" data-original-width=\"386\" data-original-height=\"257\" itemprop=\"http:\/\/schema.org\/image\" title=\"Neulich In Zuerich Bei Meinem Vater Dsc06445\" alt=\"Neulich In Zuerich Bei Meinem Vater Dsc06445\" style=\"width: 386px; height: 257px;\" \/> <\/a> <\/div> <\/div> <!-- close group --> <div class=\"gallery-group images-1\" style=\"width: 390px; height: 261px;\" data-original-width=\"390\" data-original-height=\"261\" > <div class=\"tiled-gallery-item tiled-gallery-item-large\" itemprop=\"associatedMedia\" itemscope itemtype=\"http:\/\/schema.org\/ImageObject\"> <a href=\"https:\/\/www.deuxchevaux.ch\/wordpress\/neulich-in-zuerich-bei-meinem-vater\/neulich_in_zuerich_bei_meinem_vater_dsc06444\/\" border=\"0\" itemprop=\"url\"> <meta itemprop=\"width\" content=\"386\"> <meta itemprop=\"height\" content=\"257\"> <img decoding=\"async\" class=\"\" data-attachment-id=\"1516\" data-orig-file=\"https:\/\/www.deuxchevaux.ch\/wordpress\/wp-content\/uploads\/2015\/10\/neulich_in_zuerich_bei_meinem_vater_dsc06444.jpg\" data-orig-size=\"472,314\" data-comments-opened=\"\" data-image-meta=\"{&quot;aperture&quot;:&quot;0&quot;,&quot;credit&quot;:&quot;&quot;,&quot;camera&quot;:&quot;&quot;,&quot;caption&quot;:&quot;&quot;,&quot;created_timestamp&quot;:&quot;0&quot;,&quot;copyright&quot;:&quot;&quot;,&quot;focal_length&quot;:&quot;0&quot;,&quot;iso&quot;:&quot;0&quot;,&quot;shutter_speed&quot;:&quot;0&quot;,&quot;title&quot;:&quot;&quot;,&quot;orientation&quot;:&quot;0&quot;}\" data-image-title=\"Neulich In Zuerich Bei Meinem Vater Dsc06444\" data-image-description=\"\" data-medium-file=\"https:\/\/i0.wp.com\/www.deuxchevaux.ch\/wordpress\/wp-content\/uploads\/2015\/10\/neulich_in_zuerich_bei_meinem_vater_dsc06444.jpg?fit=300%2C200&#038;ssl=1\" data-large-file=\"https:\/\/i0.wp.com\/www.deuxchevaux.ch\/wordpress\/wp-content\/uploads\/2015\/10\/neulich_in_zuerich_bei_meinem_vater_dsc06444.jpg?fit=472%2C314&#038;ssl=1\" src=\"https:\/\/i0.wp.com\/www.deuxchevaux.ch\/wordpress\/wp-content\/uploads\/2015\/10\/neulich_in_zuerich_bei_meinem_vater_dsc06444.jpg?w=386&#038;h=257&#038;ssl=1\" srcset=\"https:\/\/i0.wp.com\/www.deuxchevaux.ch\/wordpress\/wp-content\/uploads\/2015\/10\/neulich_in_zuerich_bei_meinem_vater_dsc06444.jpg?w=472&amp;ssl=1 472w, https:\/\/i0.wp.com\/www.deuxchevaux.ch\/wordpress\/wp-content\/uploads\/2015\/10\/neulich_in_zuerich_bei_meinem_vater_dsc06444.jpg?resize=150%2C100&amp;ssl=1 150w, https:\/\/i0.wp.com\/www.deuxchevaux.ch\/wordpress\/wp-content\/uploads\/2015\/10\/neulich_in_zuerich_bei_meinem_vater_dsc06444.jpg?resize=300%2C200&amp;ssl=1 300w, https:\/\/i0.wp.com\/www.deuxchevaux.ch\/wordpress\/wp-content\/uploads\/2015\/10\/neulich_in_zuerich_bei_meinem_vater_dsc06444.jpg?resize=400%2C266&amp;ssl=1 400w\" width=\"386\" height=\"257\" loading=\"lazy\" data-original-width=\"386\" data-original-height=\"257\" itemprop=\"http:\/\/schema.org\/image\" title=\"Neulich In Zuerich Bei Meinem Vater Dsc06444\" alt=\"Neulich In Zuerich Bei Meinem Vater Dsc06444\" style=\"width: 386px; height: 257px;\" \/> <\/a> <\/div> <\/div> <!-- close group --> <div class=\"gallery-group images-1\" style=\"width: 390px; height: 261px;\" data-original-width=\"390\" data-original-height=\"261\" > <div class=\"tiled-gallery-item tiled-gallery-item-large\" itemprop=\"associatedMedia\" itemscope itemtype=\"http:\/\/schema.org\/ImageObject\"> <a href=\"https:\/\/www.deuxchevaux.ch\/wordpress\/neulich-in-zuerich-bei-meinem-vater\/neulich_in_zuerich_bei_meinem_vater_dsc06443\/\" border=\"0\" itemprop=\"url\"> <meta itemprop=\"width\" content=\"386\"> <meta itemprop=\"height\" content=\"257\"> <img decoding=\"async\" class=\"\" data-attachment-id=\"1515\" data-orig-file=\"https:\/\/www.deuxchevaux.ch\/wordpress\/wp-content\/uploads\/2015\/10\/neulich_in_zuerich_bei_meinem_vater_dsc06443.jpg\" data-orig-size=\"472,314\" data-comments-opened=\"\" data-image-meta=\"{&quot;aperture&quot;:&quot;0&quot;,&quot;credit&quot;:&quot;&quot;,&quot;camera&quot;:&quot;&quot;,&quot;caption&quot;:&quot;&quot;,&quot;created_timestamp&quot;:&quot;0&quot;,&quot;copyright&quot;:&quot;&quot;,&quot;focal_length&quot;:&quot;0&quot;,&quot;iso&quot;:&quot;0&quot;,&quot;shutter_speed&quot;:&quot;0&quot;,&quot;title&quot;:&quot;&quot;,&quot;orientation&quot;:&quot;0&quot;}\" data-image-title=\"Neulich In Zuerich Bei Meinem Vater Dsc06443\" data-image-description=\"\" data-medium-file=\"https:\/\/i0.wp.com\/www.deuxchevaux.ch\/wordpress\/wp-content\/uploads\/2015\/10\/neulich_in_zuerich_bei_meinem_vater_dsc06443.jpg?fit=300%2C200&#038;ssl=1\" data-large-file=\"https:\/\/i0.wp.com\/www.deuxchevaux.ch\/wordpress\/wp-content\/uploads\/2015\/10\/neulich_in_zuerich_bei_meinem_vater_dsc06443.jpg?fit=472%2C314&#038;ssl=1\" src=\"https:\/\/i0.wp.com\/www.deuxchevaux.ch\/wordpress\/wp-content\/uploads\/2015\/10\/neulich_in_zuerich_bei_meinem_vater_dsc06443.jpg?w=386&#038;h=257&#038;ssl=1\" srcset=\"https:\/\/i0.wp.com\/www.deuxchevaux.ch\/wordpress\/wp-content\/uploads\/2015\/10\/neulich_in_zuerich_bei_meinem_vater_dsc06443.jpg?w=472&amp;ssl=1 472w, https:\/\/i0.wp.com\/www.deuxchevaux.ch\/wordpress\/wp-content\/uploads\/2015\/10\/neulich_in_zuerich_bei_meinem_vater_dsc06443.jpg?resize=150%2C100&amp;ssl=1 150w, https:\/\/i0.wp.com\/www.deuxchevaux.ch\/wordpress\/wp-content\/uploads\/2015\/10\/neulich_in_zuerich_bei_meinem_vater_dsc06443.jpg?resize=300%2C200&amp;ssl=1 300w, https:\/\/i0.wp.com\/www.deuxchevaux.ch\/wordpress\/wp-content\/uploads\/2015\/10\/neulich_in_zuerich_bei_meinem_vater_dsc06443.jpg?resize=400%2C266&amp;ssl=1 400w\" width=\"386\" height=\"257\" loading=\"lazy\" data-original-width=\"386\" data-original-height=\"257\" itemprop=\"http:\/\/schema.org\/image\" title=\"Neulich In Zuerich Bei Meinem Vater Dsc06443\" alt=\"Neulich In Zuerich Bei Meinem Vater Dsc06443\" style=\"width: 386px; height: 257px;\" \/> <\/a> <\/div> <\/div> <!-- close group --> <\/div> <!-- close row --> <div class=\"gallery-row\" style=\"width: 1170px; height: 521px;\" data-original-width=\"1170\" data-original-height=\"521\" > <div class=\"gallery-group images-2\" style=\"width: 389px; height: 521px;\" data-original-width=\"389\" data-original-height=\"521\" > <div class=\"tiled-gallery-item tiled-gallery-item-large\" itemprop=\"associatedMedia\" itemscope itemtype=\"http:\/\/schema.org\/ImageObject\"> <a href=\"https:\/\/www.deuxchevaux.ch\/wordpress\/neulich-in-zuerich-bei-meinem-vater\/neulich_in_zuerich_bei_meinem_vater_dsc06442\/\" border=\"0\" itemprop=\"url\"> <meta itemprop=\"width\" content=\"385\"> <meta itemprop=\"height\" content=\"257\"> <img decoding=\"async\" class=\"\" data-attachment-id=\"1514\" data-orig-file=\"https:\/\/www.deuxchevaux.ch\/wordpress\/wp-content\/uploads\/2015\/10\/neulich_in_zuerich_bei_meinem_vater_dsc06442.jpg\" data-orig-size=\"472,314\" data-comments-opened=\"\" data-image-meta=\"{&quot;aperture&quot;:&quot;0&quot;,&quot;credit&quot;:&quot;&quot;,&quot;camera&quot;:&quot;&quot;,&quot;caption&quot;:&quot;&quot;,&quot;created_timestamp&quot;:&quot;0&quot;,&quot;copyright&quot;:&quot;&quot;,&quot;focal_length&quot;:&quot;0&quot;,&quot;iso&quot;:&quot;0&quot;,&quot;shutter_speed&quot;:&quot;0&quot;,&quot;title&quot;:&quot;&quot;,&quot;orientation&quot;:&quot;0&quot;}\" data-image-title=\"Neulich In Zuerich Bei Meinem Vater Dsc06442\" data-image-description=\"\" data-medium-file=\"https:\/\/i0.wp.com\/www.deuxchevaux.ch\/wordpress\/wp-content\/uploads\/2015\/10\/neulich_in_zuerich_bei_meinem_vater_dsc06442.jpg?fit=300%2C200&#038;ssl=1\" data-large-file=\"https:\/\/i0.wp.com\/www.deuxchevaux.ch\/wordpress\/wp-content\/uploads\/2015\/10\/neulich_in_zuerich_bei_meinem_vater_dsc06442.jpg?fit=472%2C314&#038;ssl=1\" src=\"https:\/\/i0.wp.com\/www.deuxchevaux.ch\/wordpress\/wp-content\/uploads\/2015\/10\/neulich_in_zuerich_bei_meinem_vater_dsc06442.jpg?w=385&#038;h=257&#038;ssl=1\" srcset=\"https:\/\/i0.wp.com\/www.deuxchevaux.ch\/wordpress\/wp-content\/uploads\/2015\/10\/neulich_in_zuerich_bei_meinem_vater_dsc06442.jpg?w=472&amp;ssl=1 472w, https:\/\/i0.wp.com\/www.deuxchevaux.ch\/wordpress\/wp-content\/uploads\/2015\/10\/neulich_in_zuerich_bei_meinem_vater_dsc06442.jpg?resize=150%2C100&amp;ssl=1 150w, https:\/\/i0.wp.com\/www.deuxchevaux.ch\/wordpress\/wp-content\/uploads\/2015\/10\/neulich_in_zuerich_bei_meinem_vater_dsc06442.jpg?resize=300%2C200&amp;ssl=1 300w, https:\/\/i0.wp.com\/www.deuxchevaux.ch\/wordpress\/wp-content\/uploads\/2015\/10\/neulich_in_zuerich_bei_meinem_vater_dsc06442.jpg?resize=400%2C266&amp;ssl=1 400w\" width=\"385\" height=\"257\" loading=\"lazy\" data-original-width=\"385\" data-original-height=\"257\" itemprop=\"http:\/\/schema.org\/image\" title=\"Neulich In Zuerich Bei Meinem Vater Dsc06442\" alt=\"Neulich In Zuerich Bei Meinem Vater Dsc06442\" style=\"width: 385px; height: 257px;\" \/> <\/a> <\/div> <div class=\"tiled-gallery-item tiled-gallery-item-large\" itemprop=\"associatedMedia\" itemscope itemtype=\"http:\/\/schema.org\/ImageObject\"> <a href=\"https:\/\/www.deuxchevaux.ch\/wordpress\/neulich-in-zuerich-bei-meinem-vater\/neulich_in_zuerich_bei_meinem_vater_dsc06441\/\" border=\"0\" itemprop=\"url\"> <meta itemprop=\"width\" content=\"385\"> <meta itemprop=\"height\" content=\"256\"> <img decoding=\"async\" class=\"\" data-attachment-id=\"1513\" data-orig-file=\"https:\/\/www.deuxchevaux.ch\/wordpress\/wp-content\/uploads\/2015\/10\/neulich_in_zuerich_bei_meinem_vater_dsc06441.jpg\" data-orig-size=\"472,314\" data-comments-opened=\"\" data-image-meta=\"{&quot;aperture&quot;:&quot;0&quot;,&quot;credit&quot;:&quot;&quot;,&quot;camera&quot;:&quot;&quot;,&quot;caption&quot;:&quot;&quot;,&quot;created_timestamp&quot;:&quot;0&quot;,&quot;copyright&quot;:&quot;&quot;,&quot;focal_length&quot;:&quot;0&quot;,&quot;iso&quot;:&quot;0&quot;,&quot;shutter_speed&quot;:&quot;0&quot;,&quot;title&quot;:&quot;&quot;,&quot;orientation&quot;:&quot;0&quot;}\" data-image-title=\"Neulich In Zuerich Bei Meinem Vater Dsc06441\" data-image-description=\"\" data-medium-file=\"https:\/\/i0.wp.com\/www.deuxchevaux.ch\/wordpress\/wp-content\/uploads\/2015\/10\/neulich_in_zuerich_bei_meinem_vater_dsc06441.jpg?fit=300%2C200&#038;ssl=1\" data-large-file=\"https:\/\/i0.wp.com\/www.deuxchevaux.ch\/wordpress\/wp-content\/uploads\/2015\/10\/neulich_in_zuerich_bei_meinem_vater_dsc06441.jpg?fit=472%2C314&#038;ssl=1\" src=\"https:\/\/i0.wp.com\/www.deuxchevaux.ch\/wordpress\/wp-content\/uploads\/2015\/10\/neulich_in_zuerich_bei_meinem_vater_dsc06441.jpg?w=385&#038;h=256&#038;ssl=1\" srcset=\"https:\/\/i0.wp.com\/www.deuxchevaux.ch\/wordpress\/wp-content\/uploads\/2015\/10\/neulich_in_zuerich_bei_meinem_vater_dsc06441.jpg?w=472&amp;ssl=1 472w, https:\/\/i0.wp.com\/www.deuxchevaux.ch\/wordpress\/wp-content\/uploads\/2015\/10\/neulich_in_zuerich_bei_meinem_vater_dsc06441.jpg?resize=150%2C100&amp;ssl=1 150w, https:\/\/i0.wp.com\/www.deuxchevaux.ch\/wordpress\/wp-content\/uploads\/2015\/10\/neulich_in_zuerich_bei_meinem_vater_dsc06441.jpg?resize=300%2C200&amp;ssl=1 300w, https:\/\/i0.wp.com\/www.deuxchevaux.ch\/wordpress\/wp-content\/uploads\/2015\/10\/neulich_in_zuerich_bei_meinem_vater_dsc06441.jpg?resize=400%2C266&amp;ssl=1 400w\" width=\"385\" height=\"256\" loading=\"lazy\" data-original-width=\"385\" data-original-height=\"256\" itemprop=\"http:\/\/schema.org\/image\" title=\"Neulich In Zuerich Bei Meinem Vater Dsc06441\" alt=\"Neulich In Zuerich Bei Meinem Vater Dsc06441\" style=\"width: 385px; height: 256px;\" \/> <\/a> <\/div> <\/div> <!-- close group --> <div class=\"gallery-group images-1\" style=\"width: 781px; height: 521px;\" data-original-width=\"781\" data-original-height=\"521\" > <div class=\"tiled-gallery-item tiled-gallery-item-large\" itemprop=\"associatedMedia\" itemscope itemtype=\"http:\/\/schema.org\/ImageObject\"> <a href=\"https:\/\/www.deuxchevaux.ch\/wordpress\/neulich-in-zuerich-bei-meinem-vater\/neulich_in_zuerich_bei_meinem_vater_dsc06440\/\" border=\"0\" itemprop=\"url\"> <meta itemprop=\"width\" content=\"777\"> <meta itemprop=\"height\" content=\"517\"> <img decoding=\"async\" class=\"\" data-attachment-id=\"1512\" data-orig-file=\"https:\/\/www.deuxchevaux.ch\/wordpress\/wp-content\/uploads\/2015\/10\/neulich_in_zuerich_bei_meinem_vater_dsc06440.jpg\" data-orig-size=\"472,314\" data-comments-opened=\"\" data-image-meta=\"{&quot;aperture&quot;:&quot;0&quot;,&quot;credit&quot;:&quot;&quot;,&quot;camera&quot;:&quot;&quot;,&quot;caption&quot;:&quot;&quot;,&quot;created_timestamp&quot;:&quot;0&quot;,&quot;copyright&quot;:&quot;&quot;,&quot;focal_length&quot;:&quot;0&quot;,&quot;iso&quot;:&quot;0&quot;,&quot;shutter_speed&quot;:&quot;0&quot;,&quot;title&quot;:&quot;&quot;,&quot;orientation&quot;:&quot;0&quot;}\" data-image-title=\"Neulich In Zuerich Bei Meinem Vater Dsc06440\" data-image-description=\"\" data-medium-file=\"https:\/\/i0.wp.com\/www.deuxchevaux.ch\/wordpress\/wp-content\/uploads\/2015\/10\/neulich_in_zuerich_bei_meinem_vater_dsc06440.jpg?fit=300%2C200&#038;ssl=1\" data-large-file=\"https:\/\/i0.wp.com\/www.deuxchevaux.ch\/wordpress\/wp-content\/uploads\/2015\/10\/neulich_in_zuerich_bei_meinem_vater_dsc06440.jpg?fit=472%2C314&#038;ssl=1\" src=\"https:\/\/i0.wp.com\/www.deuxchevaux.ch\/wordpress\/wp-content\/uploads\/2015\/10\/neulich_in_zuerich_bei_meinem_vater_dsc06440.jpg?w=777&#038;h=517&#038;ssl=1\" srcset=\"https:\/\/i0.wp.com\/www.deuxchevaux.ch\/wordpress\/wp-content\/uploads\/2015\/10\/neulich_in_zuerich_bei_meinem_vater_dsc06440.jpg?w=472&amp;ssl=1 472w, https:\/\/i0.wp.com\/www.deuxchevaux.ch\/wordpress\/wp-content\/uploads\/2015\/10\/neulich_in_zuerich_bei_meinem_vater_dsc06440.jpg?resize=150%2C100&amp;ssl=1 150w, https:\/\/i0.wp.com\/www.deuxchevaux.ch\/wordpress\/wp-content\/uploads\/2015\/10\/neulich_in_zuerich_bei_meinem_vater_dsc06440.jpg?resize=300%2C200&amp;ssl=1 300w, https:\/\/i0.wp.com\/www.deuxchevaux.ch\/wordpress\/wp-content\/uploads\/2015\/10\/neulich_in_zuerich_bei_meinem_vater_dsc06440.jpg?resize=400%2C266&amp;ssl=1 400w\" width=\"777\" height=\"517\" loading=\"lazy\" data-original-width=\"777\" data-original-height=\"517\" itemprop=\"http:\/\/schema.org\/image\" title=\"Neulich In Zuerich Bei Meinem Vater Dsc06440\" alt=\"Neulich In Zuerich Bei Meinem Vater Dsc06440\" style=\"width: 777px; height: 517px;\" \/> <\/a> <\/div> <\/div> <!-- close group --> <\/div> <!-- close row --> <div class=\"gallery-row\" style=\"width: 1170px; height: 391px;\" data-original-width=\"1170\" data-original-height=\"391\" > <div class=\"gallery-group images-1\" style=\"width: 585px; height: 391px;\" data-original-width=\"585\" data-original-height=\"391\" > <div class=\"tiled-gallery-item tiled-gallery-item-large\" itemprop=\"associatedMedia\" itemscope itemtype=\"http:\/\/schema.org\/ImageObject\"> <a href=\"https:\/\/www.deuxchevaux.ch\/wordpress\/neulich-in-zuerich-bei-meinem-vater\/neulich_in_zuerich_bei_meinem_vater_dsc06439\/\" border=\"0\" itemprop=\"url\"> <meta itemprop=\"width\" content=\"581\"> <meta itemprop=\"height\" content=\"387\"> <img decoding=\"async\" class=\"\" data-attachment-id=\"1511\" data-orig-file=\"https:\/\/www.deuxchevaux.ch\/wordpress\/wp-content\/uploads\/2015\/10\/neulich_in_zuerich_bei_meinem_vater_dsc06439.jpg\" data-orig-size=\"472,314\" data-comments-opened=\"\" data-image-meta=\"{&quot;aperture&quot;:&quot;0&quot;,&quot;credit&quot;:&quot;&quot;,&quot;camera&quot;:&quot;&quot;,&quot;caption&quot;:&quot;&quot;,&quot;created_timestamp&quot;:&quot;0&quot;,&quot;copyright&quot;:&quot;&quot;,&quot;focal_length&quot;:&quot;0&quot;,&quot;iso&quot;:&quot;0&quot;,&quot;shutter_speed&quot;:&quot;0&quot;,&quot;title&quot;:&quot;&quot;,&quot;orientation&quot;:&quot;0&quot;}\" data-image-title=\"Neulich In Zuerich Bei Meinem Vater Dsc06439\" data-image-description=\"\" data-medium-file=\"https:\/\/i0.wp.com\/www.deuxchevaux.ch\/wordpress\/wp-content\/uploads\/2015\/10\/neulich_in_zuerich_bei_meinem_vater_dsc06439.jpg?fit=300%2C200&#038;ssl=1\" data-large-file=\"https:\/\/i0.wp.com\/www.deuxchevaux.ch\/wordpress\/wp-content\/uploads\/2015\/10\/neulich_in_zuerich_bei_meinem_vater_dsc06439.jpg?fit=472%2C314&#038;ssl=1\" src=\"https:\/\/i0.wp.com\/www.deuxchevaux.ch\/wordpress\/wp-content\/uploads\/2015\/10\/neulich_in_zuerich_bei_meinem_vater_dsc06439.jpg?w=581&#038;h=387&#038;ssl=1\" srcset=\"https:\/\/i0.wp.com\/www.deuxchevaux.ch\/wordpress\/wp-content\/uploads\/2015\/10\/neulich_in_zuerich_bei_meinem_vater_dsc06439.jpg?w=472&amp;ssl=1 472w, https:\/\/i0.wp.com\/www.deuxchevaux.ch\/wordpress\/wp-content\/uploads\/2015\/10\/neulich_in_zuerich_bei_meinem_vater_dsc06439.jpg?resize=150%2C100&amp;ssl=1 150w, https:\/\/i0.wp.com\/www.deuxchevaux.ch\/wordpress\/wp-content\/uploads\/2015\/10\/neulich_in_zuerich_bei_meinem_vater_dsc06439.jpg?resize=300%2C200&amp;ssl=1 300w, https:\/\/i0.wp.com\/www.deuxchevaux.ch\/wordpress\/wp-content\/uploads\/2015\/10\/neulich_in_zuerich_bei_meinem_vater_dsc06439.jpg?resize=400%2C266&amp;ssl=1 400w\" width=\"581\" height=\"387\" loading=\"lazy\" data-original-width=\"581\" data-original-height=\"387\" itemprop=\"http:\/\/schema.org\/image\" title=\"Neulich In Zuerich Bei Meinem Vater Dsc06439\" alt=\"Neulich In Zuerich Bei Meinem Vater Dsc06439\" style=\"width: 581px; height: 387px;\" \/> <\/a> <\/div> <\/div> <!-- close group --> <div class=\"gallery-group images-1\" style=\"width: 585px; height: 391px;\" data-original-width=\"585\" data-original-height=\"391\" > <div class=\"tiled-gallery-item tiled-gallery-item-large\" itemprop=\"associatedMedia\" itemscope itemtype=\"http:\/\/schema.org\/ImageObject\"> <a href=\"https:\/\/www.deuxchevaux.ch\/wordpress\/neulich-in-zuerich-bei-meinem-vater\/neulich_in_zuerich_bei_meinem_vater_dsc06438\/\" border=\"0\" itemprop=\"url\"> <meta itemprop=\"width\" content=\"581\"> <meta itemprop=\"height\" content=\"387\"> <img decoding=\"async\" class=\"\" data-attachment-id=\"1510\" data-orig-file=\"https:\/\/www.deuxchevaux.ch\/wordpress\/wp-content\/uploads\/2015\/10\/neulich_in_zuerich_bei_meinem_vater_dsc06438.jpg\" data-orig-size=\"472,314\" data-comments-opened=\"\" data-image-meta=\"{&quot;aperture&quot;:&quot;0&quot;,&quot;credit&quot;:&quot;&quot;,&quot;camera&quot;:&quot;&quot;,&quot;caption&quot;:&quot;&quot;,&quot;created_timestamp&quot;:&quot;0&quot;,&quot;copyright&quot;:&quot;&quot;,&quot;focal_length&quot;:&quot;0&quot;,&quot;iso&quot;:&quot;0&quot;,&quot;shutter_speed&quot;:&quot;0&quot;,&quot;title&quot;:&quot;&quot;,&quot;orientation&quot;:&quot;0&quot;}\" data-image-title=\"Neulich In Zuerich Bei Meinem Vater Dsc06438\" data-image-description=\"\" data-medium-file=\"https:\/\/i0.wp.com\/www.deuxchevaux.ch\/wordpress\/wp-content\/uploads\/2015\/10\/neulich_in_zuerich_bei_meinem_vater_dsc06438.jpg?fit=300%2C200&#038;ssl=1\" data-large-file=\"https:\/\/i0.wp.com\/www.deuxchevaux.ch\/wordpress\/wp-content\/uploads\/2015\/10\/neulich_in_zuerich_bei_meinem_vater_dsc06438.jpg?fit=472%2C314&#038;ssl=1\" src=\"https:\/\/i0.wp.com\/www.deuxchevaux.ch\/wordpress\/wp-content\/uploads\/2015\/10\/neulich_in_zuerich_bei_meinem_vater_dsc06438.jpg?w=581&#038;h=387&#038;ssl=1\" srcset=\"https:\/\/i0.wp.com\/www.deuxchevaux.ch\/wordpress\/wp-content\/uploads\/2015\/10\/neulich_in_zuerich_bei_meinem_vater_dsc06438.jpg?w=472&amp;ssl=1 472w, https:\/\/i0.wp.com\/www.deuxchevaux.ch\/wordpress\/wp-content\/uploads\/2015\/10\/neulich_in_zuerich_bei_meinem_vater_dsc06438.jpg?resize=150%2C100&amp;ssl=1 150w, https:\/\/i0.wp.com\/www.deuxchevaux.ch\/wordpress\/wp-content\/uploads\/2015\/10\/neulich_in_zuerich_bei_meinem_vater_dsc06438.jpg?resize=300%2C200&amp;ssl=1 300w, https:\/\/i0.wp.com\/www.deuxchevaux.ch\/wordpress\/wp-content\/uploads\/2015\/10\/neulich_in_zuerich_bei_meinem_vater_dsc06438.jpg?resize=400%2C266&amp;ssl=1 400w\" width=\"581\" height=\"387\" loading=\"lazy\" data-original-width=\"581\" data-original-height=\"387\" itemprop=\"http:\/\/schema.org\/image\" title=\"Neulich In Zuerich Bei Meinem Vater Dsc06438\" alt=\"Neulich In Zuerich Bei Meinem Vater Dsc06438\" style=\"width: 581px; height: 387px;\" \/> <\/a> <\/div> <\/div> <!-- close group --> <\/div> <!-- close row --> <div class=\"gallery-row\" style=\"width: 1170px; height: 521px;\" data-original-width=\"1170\" data-original-height=\"521\" > <div class=\"gallery-group images-1\" style=\"width: 781px; height: 521px;\" data-original-width=\"781\" data-original-height=\"521\" > <div class=\"tiled-gallery-item tiled-gallery-item-large\" itemprop=\"associatedMedia\" itemscope itemtype=\"http:\/\/schema.org\/ImageObject\"> <a href=\"https:\/\/www.deuxchevaux.ch\/wordpress\/neulich-in-zuerich-bei-meinem-vater\/neulich_in_zuerich_bei_meinem_vater_dsc06437\/\" border=\"0\" itemprop=\"url\"> <meta itemprop=\"width\" content=\"777\"> <meta itemprop=\"height\" content=\"517\"> <img decoding=\"async\" class=\"\" data-attachment-id=\"1509\" data-orig-file=\"https:\/\/www.deuxchevaux.ch\/wordpress\/wp-content\/uploads\/2015\/10\/neulich_in_zuerich_bei_meinem_vater_dsc06437.jpg\" data-orig-size=\"472,314\" data-comments-opened=\"\" data-image-meta=\"{&quot;aperture&quot;:&quot;0&quot;,&quot;credit&quot;:&quot;&quot;,&quot;camera&quot;:&quot;&quot;,&quot;caption&quot;:&quot;&quot;,&quot;created_timestamp&quot;:&quot;0&quot;,&quot;copyright&quot;:&quot;&quot;,&quot;focal_length&quot;:&quot;0&quot;,&quot;iso&quot;:&quot;0&quot;,&quot;shutter_speed&quot;:&quot;0&quot;,&quot;title&quot;:&quot;&quot;,&quot;orientation&quot;:&quot;0&quot;}\" data-image-title=\"Neulich In Zuerich Bei Meinem Vater Dsc06437\" data-image-description=\"\" data-medium-file=\"https:\/\/i0.wp.com\/www.deuxchevaux.ch\/wordpress\/wp-content\/uploads\/2015\/10\/neulich_in_zuerich_bei_meinem_vater_dsc06437.jpg?fit=300%2C200&#038;ssl=1\" data-large-file=\"https:\/\/i0.wp.com\/www.deuxchevaux.ch\/wordpress\/wp-content\/uploads\/2015\/10\/neulich_in_zuerich_bei_meinem_vater_dsc06437.jpg?fit=472%2C314&#038;ssl=1\" src=\"https:\/\/i0.wp.com\/www.deuxchevaux.ch\/wordpress\/wp-content\/uploads\/2015\/10\/neulich_in_zuerich_bei_meinem_vater_dsc06437.jpg?w=777&#038;h=517&#038;ssl=1\" srcset=\"https:\/\/i0.wp.com\/www.deuxchevaux.ch\/wordpress\/wp-content\/uploads\/2015\/10\/neulich_in_zuerich_bei_meinem_vater_dsc06437.jpg?w=472&amp;ssl=1 472w, https:\/\/i0.wp.com\/www.deuxchevaux.ch\/wordpress\/wp-content\/uploads\/2015\/10\/neulich_in_zuerich_bei_meinem_vater_dsc06437.jpg?resize=150%2C100&amp;ssl=1 150w, https:\/\/i0.wp.com\/www.deuxchevaux.ch\/wordpress\/wp-content\/uploads\/2015\/10\/neulich_in_zuerich_bei_meinem_vater_dsc06437.jpg?resize=300%2C200&amp;ssl=1 300w, https:\/\/i0.wp.com\/www.deuxchevaux.ch\/wordpress\/wp-content\/uploads\/2015\/10\/neulich_in_zuerich_bei_meinem_vater_dsc06437.jpg?resize=400%2C266&amp;ssl=1 400w\" width=\"777\" height=\"517\" loading=\"lazy\" data-original-width=\"777\" data-original-height=\"517\" itemprop=\"http:\/\/schema.org\/image\" title=\"Neulich In Zuerich Bei Meinem Vater Dsc06437\" alt=\"Neulich In Zuerich Bei Meinem Vater Dsc06437\" style=\"width: 777px; height: 517px;\" \/> <\/a> <\/div> <\/div> <!-- close group --> <div class=\"gallery-group images-2\" style=\"width: 389px; height: 521px;\" data-original-width=\"389\" data-original-height=\"521\" > <div class=\"tiled-gallery-item tiled-gallery-item-large\" itemprop=\"associatedMedia\" itemscope itemtype=\"http:\/\/schema.org\/ImageObject\"> <a href=\"https:\/\/www.deuxchevaux.ch\/wordpress\/neulich-in-zuerich-bei-meinem-vater\/neulich_in_zuerich_bei_meinem_vater_dsc06436\/\" border=\"0\" itemprop=\"url\"> <meta itemprop=\"width\" content=\"385\"> <meta itemprop=\"height\" content=\"257\"> <img decoding=\"async\" class=\"\" data-attachment-id=\"1508\" data-orig-file=\"https:\/\/www.deuxchevaux.ch\/wordpress\/wp-content\/uploads\/2015\/10\/neulich_in_zuerich_bei_meinem_vater_dsc06436.jpg\" data-orig-size=\"472,314\" data-comments-opened=\"\" data-image-meta=\"{&quot;aperture&quot;:&quot;0&quot;,&quot;credit&quot;:&quot;&quot;,&quot;camera&quot;:&quot;&quot;,&quot;caption&quot;:&quot;&quot;,&quot;created_timestamp&quot;:&quot;0&quot;,&quot;copyright&quot;:&quot;&quot;,&quot;focal_length&quot;:&quot;0&quot;,&quot;iso&quot;:&quot;0&quot;,&quot;shutter_speed&quot;:&quot;0&quot;,&quot;title&quot;:&quot;&quot;,&quot;orientation&quot;:&quot;0&quot;}\" data-image-title=\"Neulich In Zuerich Bei Meinem Vater Dsc06436\" data-image-description=\"\" data-medium-file=\"https:\/\/i0.wp.com\/www.deuxchevaux.ch\/wordpress\/wp-content\/uploads\/2015\/10\/neulich_in_zuerich_bei_meinem_vater_dsc06436.jpg?fit=300%2C200&#038;ssl=1\" data-large-file=\"https:\/\/i0.wp.com\/www.deuxchevaux.ch\/wordpress\/wp-content\/uploads\/2015\/10\/neulich_in_zuerich_bei_meinem_vater_dsc06436.jpg?fit=472%2C314&#038;ssl=1\" src=\"https:\/\/i0.wp.com\/www.deuxchevaux.ch\/wordpress\/wp-content\/uploads\/2015\/10\/neulich_in_zuerich_bei_meinem_vater_dsc06436.jpg?w=385&#038;h=257&#038;ssl=1\" srcset=\"https:\/\/i0.wp.com\/www.deuxchevaux.ch\/wordpress\/wp-content\/uploads\/2015\/10\/neulich_in_zuerich_bei_meinem_vater_dsc06436.jpg?w=472&amp;ssl=1 472w, https:\/\/i0.wp.com\/www.deuxchevaux.ch\/wordpress\/wp-content\/uploads\/2015\/10\/neulich_in_zuerich_bei_meinem_vater_dsc06436.jpg?resize=150%2C100&amp;ssl=1 150w, https:\/\/i0.wp.com\/www.deuxchevaux.ch\/wordpress\/wp-content\/uploads\/2015\/10\/neulich_in_zuerich_bei_meinem_vater_dsc06436.jpg?resize=300%2C200&amp;ssl=1 300w, https:\/\/i0.wp.com\/www.deuxchevaux.ch\/wordpress\/wp-content\/uploads\/2015\/10\/neulich_in_zuerich_bei_meinem_vater_dsc06436.jpg?resize=400%2C266&amp;ssl=1 400w\" width=\"385\" height=\"257\" loading=\"lazy\" data-original-width=\"385\" data-original-height=\"257\" itemprop=\"http:\/\/schema.org\/image\" title=\"Neulich In Zuerich Bei Meinem Vater Dsc06436\" alt=\"Neulich In Zuerich Bei Meinem Vater Dsc06436\" style=\"width: 385px; height: 257px;\" \/> <\/a> <\/div> <div class=\"tiled-gallery-item tiled-gallery-item-large\" itemprop=\"associatedMedia\" itemscope itemtype=\"http:\/\/schema.org\/ImageObject\"> <a href=\"https:\/\/www.deuxchevaux.ch\/wordpress\/neulich-in-zuerich-bei-meinem-vater\/neulich_in_zuerich_bei_meinem_vater_dsc06435\/\" border=\"0\" itemprop=\"url\"> <meta itemprop=\"width\" content=\"385\"> <meta itemprop=\"height\" content=\"256\"> <img decoding=\"async\" class=\"\" data-attachment-id=\"1507\" data-orig-file=\"https:\/\/www.deuxchevaux.ch\/wordpress\/wp-content\/uploads\/2015\/10\/neulich_in_zuerich_bei_meinem_vater_dsc06435.jpg\" data-orig-size=\"472,314\" data-comments-opened=\"\" data-image-meta=\"{&quot;aperture&quot;:&quot;0&quot;,&quot;credit&quot;:&quot;&quot;,&quot;camera&quot;:&quot;&quot;,&quot;caption&quot;:&quot;&quot;,&quot;created_timestamp&quot;:&quot;0&quot;,&quot;copyright&quot;:&quot;&quot;,&quot;focal_length&quot;:&quot;0&quot;,&quot;iso&quot;:&quot;0&quot;,&quot;shutter_speed&quot;:&quot;0&quot;,&quot;title&quot;:&quot;&quot;,&quot;orientation&quot;:&quot;0&quot;}\" data-image-title=\"Neulich In Zuerich Bei Meinem Vater Dsc06435\" data-image-description=\"\" data-medium-file=\"https:\/\/i0.wp.com\/www.deuxchevaux.ch\/wordpress\/wp-content\/uploads\/2015\/10\/neulich_in_zuerich_bei_meinem_vater_dsc06435.jpg?fit=300%2C200&#038;ssl=1\" data-large-file=\"https:\/\/i0.wp.com\/www.deuxchevaux.ch\/wordpress\/wp-content\/uploads\/2015\/10\/neulich_in_zuerich_bei_meinem_vater_dsc06435.jpg?fit=472%2C314&#038;ssl=1\" src=\"https:\/\/i0.wp.com\/www.deuxchevaux.ch\/wordpress\/wp-content\/uploads\/2015\/10\/neulich_in_zuerich_bei_meinem_vater_dsc06435.jpg?w=385&#038;h=256&#038;ssl=1\" srcset=\"https:\/\/i0.wp.com\/www.deuxchevaux.ch\/wordpress\/wp-content\/uploads\/2015\/10\/neulich_in_zuerich_bei_meinem_vater_dsc06435.jpg?w=472&amp;ssl=1 472w, https:\/\/i0.wp.com\/www.deuxchevaux.ch\/wordpress\/wp-content\/uploads\/2015\/10\/neulich_in_zuerich_bei_meinem_vater_dsc06435.jpg?resize=150%2C100&amp;ssl=1 150w, https:\/\/i0.wp.com\/www.deuxchevaux.ch\/wordpress\/wp-content\/uploads\/2015\/10\/neulich_in_zuerich_bei_meinem_vater_dsc06435.jpg?resize=300%2C200&amp;ssl=1 300w, https:\/\/i0.wp.com\/www.deuxchevaux.ch\/wordpress\/wp-content\/uploads\/2015\/10\/neulich_in_zuerich_bei_meinem_vater_dsc06435.jpg?resize=400%2C266&amp;ssl=1 400w\" width=\"385\" height=\"256\" loading=\"lazy\" data-original-width=\"385\" data-original-height=\"256\" itemprop=\"http:\/\/schema.org\/image\" title=\"Neulich In Zuerich Bei Meinem Vater Dsc06435\" alt=\"Neulich In Zuerich Bei Meinem Vater Dsc06435\" style=\"width: 385px; height: 256px;\" \/> <\/a> <\/div> <\/div> <!-- close group --> <\/div> <!-- close row --> <div class=\"gallery-row\" style=\"width: 1170px; height: 391px;\" data-original-width=\"1170\" data-original-height=\"391\" > <div class=\"gallery-group images-1\" style=\"width: 585px; height: 391px;\" data-original-width=\"585\" data-original-height=\"391\" > <div class=\"tiled-gallery-item tiled-gallery-item-large\" itemprop=\"associatedMedia\" itemscope itemtype=\"http:\/\/schema.org\/ImageObject\"> <a href=\"https:\/\/www.deuxchevaux.ch\/wordpress\/neulich-in-zuerich-bei-meinem-vater\/neulich_in_zuerich_bei_meinem_vater_dsc06434\/\" border=\"0\" itemprop=\"url\"> <meta itemprop=\"width\" content=\"581\"> <meta itemprop=\"height\" content=\"387\"> <img decoding=\"async\" class=\"\" data-attachment-id=\"1506\" data-orig-file=\"https:\/\/www.deuxchevaux.ch\/wordpress\/wp-content\/uploads\/2015\/10\/neulich_in_zuerich_bei_meinem_vater_dsc06434.jpg\" data-orig-size=\"472,314\" data-comments-opened=\"\" data-image-meta=\"{&quot;aperture&quot;:&quot;0&quot;,&quot;credit&quot;:&quot;&quot;,&quot;camera&quot;:&quot;&quot;,&quot;caption&quot;:&quot;&quot;,&quot;created_timestamp&quot;:&quot;0&quot;,&quot;copyright&quot;:&quot;&quot;,&quot;focal_length&quot;:&quot;0&quot;,&quot;iso&quot;:&quot;0&quot;,&quot;shutter_speed&quot;:&quot;0&quot;,&quot;title&quot;:&quot;&quot;,&quot;orientation&quot;:&quot;0&quot;}\" data-image-title=\"Neulich In Zuerich Bei Meinem Vater Dsc06434\" data-image-description=\"\" data-medium-file=\"https:\/\/i0.wp.com\/www.deuxchevaux.ch\/wordpress\/wp-content\/uploads\/2015\/10\/neulich_in_zuerich_bei_meinem_vater_dsc06434.jpg?fit=300%2C200&#038;ssl=1\" data-large-file=\"https:\/\/i0.wp.com\/www.deuxchevaux.ch\/wordpress\/wp-content\/uploads\/2015\/10\/neulich_in_zuerich_bei_meinem_vater_dsc06434.jpg?fit=472%2C314&#038;ssl=1\" src=\"https:\/\/i0.wp.com\/www.deuxchevaux.ch\/wordpress\/wp-content\/uploads\/2015\/10\/neulich_in_zuerich_bei_meinem_vater_dsc06434.jpg?w=581&#038;h=387&#038;ssl=1\" srcset=\"https:\/\/i0.wp.com\/www.deuxchevaux.ch\/wordpress\/wp-content\/uploads\/2015\/10\/neulich_in_zuerich_bei_meinem_vater_dsc06434.jpg?w=472&amp;ssl=1 472w, https:\/\/i0.wp.com\/www.deuxchevaux.ch\/wordpress\/wp-content\/uploads\/2015\/10\/neulich_in_zuerich_bei_meinem_vater_dsc06434.jpg?resize=150%2C100&amp;ssl=1 150w, https:\/\/i0.wp.com\/www.deuxchevaux.ch\/wordpress\/wp-content\/uploads\/2015\/10\/neulich_in_zuerich_bei_meinem_vater_dsc06434.jpg?resize=300%2C200&amp;ssl=1 300w, https:\/\/i0.wp.com\/www.deuxchevaux.ch\/wordpress\/wp-content\/uploads\/2015\/10\/neulich_in_zuerich_bei_meinem_vater_dsc06434.jpg?resize=400%2C266&amp;ssl=1 400w\" width=\"581\" height=\"387\" loading=\"lazy\" data-original-width=\"581\" data-original-height=\"387\" itemprop=\"http:\/\/schema.org\/image\" title=\"Neulich In Zuerich Bei Meinem Vater Dsc06434\" alt=\"Neulich In Zuerich Bei Meinem Vater Dsc06434\" style=\"width: 581px; height: 387px;\" \/> <\/a> <\/div> <\/div> <!-- close group --> <div class=\"gallery-group images-1\" style=\"width: 585px; height: 391px;\" data-original-width=\"585\" data-original-height=\"391\" > <div class=\"tiled-gallery-item tiled-gallery-item-large\" itemprop=\"associatedMedia\" itemscope itemtype=\"http:\/\/schema.org\/ImageObject\"> <a href=\"https:\/\/www.deuxchevaux.ch\/wordpress\/neulich-in-zuerich-bei-meinem-vater\/neulich_in_zuerich_bei_meinem_vater_dsc06433\/\" border=\"0\" itemprop=\"url\"> <meta itemprop=\"width\" content=\"581\"> <meta itemprop=\"height\" content=\"387\"> <img decoding=\"async\" class=\"\" data-attachment-id=\"1505\" data-orig-file=\"https:\/\/www.deuxchevaux.ch\/wordpress\/wp-content\/uploads\/2015\/10\/neulich_in_zuerich_bei_meinem_vater_dsc06433.jpg\" data-orig-size=\"472,314\" data-comments-opened=\"\" data-image-meta=\"{&quot;aperture&quot;:&quot;0&quot;,&quot;credit&quot;:&quot;&quot;,&quot;camera&quot;:&quot;&quot;,&quot;caption&quot;:&quot;&quot;,&quot;created_timestamp&quot;:&quot;0&quot;,&quot;copyright&quot;:&quot;&quot;,&quot;focal_length&quot;:&quot;0&quot;,&quot;iso&quot;:&quot;0&quot;,&quot;shutter_speed&quot;:&quot;0&quot;,&quot;title&quot;:&quot;&quot;,&quot;orientation&quot;:&quot;0&quot;}\" data-image-title=\"Neulich In Zuerich Bei Meinem Vater Dsc06433\" data-image-description=\"\" data-medium-file=\"https:\/\/i0.wp.com\/www.deuxchevaux.ch\/wordpress\/wp-content\/uploads\/2015\/10\/neulich_in_zuerich_bei_meinem_vater_dsc06433.jpg?fit=300%2C200&#038;ssl=1\" data-large-file=\"https:\/\/i0.wp.com\/www.deuxchevaux.ch\/wordpress\/wp-content\/uploads\/2015\/10\/neulich_in_zuerich_bei_meinem_vater_dsc06433.jpg?fit=472%2C314&#038;ssl=1\" src=\"https:\/\/i0.wp.com\/www.deuxchevaux.ch\/wordpress\/wp-content\/uploads\/2015\/10\/neulich_in_zuerich_bei_meinem_vater_dsc06433.jpg?w=581&#038;h=387&#038;ssl=1\" srcset=\"https:\/\/i0.wp.com\/www.deuxchevaux.ch\/wordpress\/wp-content\/uploads\/2015\/10\/neulich_in_zuerich_bei_meinem_vater_dsc06433.jpg?w=472&amp;ssl=1 472w, https:\/\/i0.wp.com\/www.deuxchevaux.ch\/wordpress\/wp-content\/uploads\/2015\/10\/neulich_in_zuerich_bei_meinem_vater_dsc06433.jpg?resize=150%2C100&amp;ssl=1 150w, https:\/\/i0.wp.com\/www.deuxchevaux.ch\/wordpress\/wp-content\/uploads\/2015\/10\/neulich_in_zuerich_bei_meinem_vater_dsc06433.jpg?resize=300%2C200&amp;ssl=1 300w, https:\/\/i0.wp.com\/www.deuxchevaux.ch\/wordpress\/wp-content\/uploads\/2015\/10\/neulich_in_zuerich_bei_meinem_vater_dsc06433.jpg?resize=400%2C266&amp;ssl=1 400w\" width=\"581\" height=\"387\" loading=\"lazy\" data-original-width=\"581\" data-original-height=\"387\" itemprop=\"http:\/\/schema.org\/image\" title=\"Neulich In Zuerich Bei Meinem Vater Dsc06433\" alt=\"Neulich In Zuerich Bei Meinem Vater Dsc06433\" style=\"width: 581px; height: 387px;\" \/> <\/a> <\/div> <\/div> <!-- close group --> <\/div> <!-- close row --> <div class=\"gallery-row\" style=\"width: 1170px; height: 196px;\" data-original-width=\"1170\" data-original-height=\"196\" > <div class=\"gallery-group images-1\" style=\"width: 293px; height: 196px;\" data-original-width=\"293\" data-original-height=\"196\" > <div class=\"tiled-gallery-item tiled-gallery-item-large\" itemprop=\"associatedMedia\" itemscope itemtype=\"http:\/\/schema.org\/ImageObject\"> <a href=\"https:\/\/www.deuxchevaux.ch\/wordpress\/neulich-in-zuerich-bei-meinem-vater\/neulich_in_zuerich_bei_meinem_vater_dsc06432\/\" border=\"0\" itemprop=\"url\"> <meta itemprop=\"width\" content=\"289\"> <meta itemprop=\"height\" content=\"192\"> <img decoding=\"async\" class=\"\" data-attachment-id=\"1504\" data-orig-file=\"https:\/\/www.deuxchevaux.ch\/wordpress\/wp-content\/uploads\/2015\/10\/neulich_in_zuerich_bei_meinem_vater_dsc06432.jpg\" data-orig-size=\"472,314\" data-comments-opened=\"\" data-image-meta=\"{&quot;aperture&quot;:&quot;0&quot;,&quot;credit&quot;:&quot;&quot;,&quot;camera&quot;:&quot;&quot;,&quot;caption&quot;:&quot;&quot;,&quot;created_timestamp&quot;:&quot;0&quot;,&quot;copyright&quot;:&quot;&quot;,&quot;focal_length&quot;:&quot;0&quot;,&quot;iso&quot;:&quot;0&quot;,&quot;shutter_speed&quot;:&quot;0&quot;,&quot;title&quot;:&quot;&quot;,&quot;orientation&quot;:&quot;0&quot;}\" data-image-title=\"Neulich In Zuerich Bei Meinem Vater Dsc06432\" data-image-description=\"\" data-medium-file=\"https:\/\/i0.wp.com\/www.deuxchevaux.ch\/wordpress\/wp-content\/uploads\/2015\/10\/neulich_in_zuerich_bei_meinem_vater_dsc06432.jpg?fit=300%2C200&#038;ssl=1\" data-large-file=\"https:\/\/i0.wp.com\/www.deuxchevaux.ch\/wordpress\/wp-content\/uploads\/2015\/10\/neulich_in_zuerich_bei_meinem_vater_dsc06432.jpg?fit=472%2C314&#038;ssl=1\" src=\"https:\/\/i0.wp.com\/www.deuxchevaux.ch\/wordpress\/wp-content\/uploads\/2015\/10\/neulich_in_zuerich_bei_meinem_vater_dsc06432.jpg?w=289&#038;h=192&#038;ssl=1\" srcset=\"https:\/\/i0.wp.com\/www.deuxchevaux.ch\/wordpress\/wp-content\/uploads\/2015\/10\/neulich_in_zuerich_bei_meinem_vater_dsc06432.jpg?w=472&amp;ssl=1 472w, https:\/\/i0.wp.com\/www.deuxchevaux.ch\/wordpress\/wp-content\/uploads\/2015\/10\/neulich_in_zuerich_bei_meinem_vater_dsc06432.jpg?resize=150%2C100&amp;ssl=1 150w, https:\/\/i0.wp.com\/www.deuxchevaux.ch\/wordpress\/wp-content\/uploads\/2015\/10\/neulich_in_zuerich_bei_meinem_vater_dsc06432.jpg?resize=300%2C200&amp;ssl=1 300w, https:\/\/i0.wp.com\/www.deuxchevaux.ch\/wordpress\/wp-content\/uploads\/2015\/10\/neulich_in_zuerich_bei_meinem_vater_dsc06432.jpg?resize=400%2C266&amp;ssl=1 400w\" width=\"289\" height=\"192\" loading=\"lazy\" data-original-width=\"289\" data-original-height=\"192\" itemprop=\"http:\/\/schema.org\/image\" title=\"Neulich In Zuerich Bei Meinem Vater Dsc06432\" alt=\"Neulich In Zuerich Bei Meinem Vater Dsc06432\" style=\"width: 289px; height: 192px;\" \/> <\/a> <\/div> <\/div> <!-- close group --> <div class=\"gallery-group images-1\" style=\"width: 293px; height: 196px;\" data-original-width=\"293\" data-original-height=\"196\" > <div class=\"tiled-gallery-item tiled-gallery-item-large\" itemprop=\"associatedMedia\" itemscope itemtype=\"http:\/\/schema.org\/ImageObject\"> <a href=\"https:\/\/www.deuxchevaux.ch\/wordpress\/neulich-in-zuerich-bei-meinem-vater\/neulich_in_zuerich_bei_meinem_vater_dsc06431\/\" border=\"0\" itemprop=\"url\"> <meta itemprop=\"width\" content=\"289\"> <meta itemprop=\"height\" content=\"192\"> <img decoding=\"async\" class=\"\" data-attachment-id=\"1503\" data-orig-file=\"https:\/\/www.deuxchevaux.ch\/wordpress\/wp-content\/uploads\/2015\/10\/neulich_in_zuerich_bei_meinem_vater_dsc06431.jpg\" data-orig-size=\"472,314\" data-comments-opened=\"\" data-image-meta=\"{&quot;aperture&quot;:&quot;0&quot;,&quot;credit&quot;:&quot;&quot;,&quot;camera&quot;:&quot;&quot;,&quot;caption&quot;:&quot;&quot;,&quot;created_timestamp&quot;:&quot;0&quot;,&quot;copyright&quot;:&quot;&quot;,&quot;focal_length&quot;:&quot;0&quot;,&quot;iso&quot;:&quot;0&quot;,&quot;shutter_speed&quot;:&quot;0&quot;,&quot;title&quot;:&quot;&quot;,&quot;orientation&quot;:&quot;0&quot;}\" data-image-title=\"Neulich In Zuerich Bei Meinem Vater Dsc06431\" data-image-description=\"\" data-medium-file=\"https:\/\/i0.wp.com\/www.deuxchevaux.ch\/wordpress\/wp-content\/uploads\/2015\/10\/neulich_in_zuerich_bei_meinem_vater_dsc06431.jpg?fit=300%2C200&#038;ssl=1\" data-large-file=\"https:\/\/i0.wp.com\/www.deuxchevaux.ch\/wordpress\/wp-content\/uploads\/2015\/10\/neulich_in_zuerich_bei_meinem_vater_dsc06431.jpg?fit=472%2C314&#038;ssl=1\" src=\"https:\/\/i0.wp.com\/www.deuxchevaux.ch\/wordpress\/wp-content\/uploads\/2015\/10\/neulich_in_zuerich_bei_meinem_vater_dsc06431.jpg?w=289&#038;h=192&#038;ssl=1\" srcset=\"https:\/\/i0.wp.com\/www.deuxchevaux.ch\/wordpress\/wp-content\/uploads\/2015\/10\/neulich_in_zuerich_bei_meinem_vater_dsc06431.jpg?w=472&amp;ssl=1 472w, https:\/\/i0.wp.com\/www.deuxchevaux.ch\/wordpress\/wp-content\/uploads\/2015\/10\/neulich_in_zuerich_bei_meinem_vater_dsc06431.jpg?resize=150%2C100&amp;ssl=1 150w, https:\/\/i0.wp.com\/www.deuxchevaux.ch\/wordpress\/wp-content\/uploads\/2015\/10\/neulich_in_zuerich_bei_meinem_vater_dsc06431.jpg?resize=300%2C200&amp;ssl=1 300w, https:\/\/i0.wp.com\/www.deuxchevaux.ch\/wordpress\/wp-content\/uploads\/2015\/10\/neulich_in_zuerich_bei_meinem_vater_dsc06431.jpg?resize=400%2C266&amp;ssl=1 400w\" width=\"289\" height=\"192\" loading=\"lazy\" data-original-width=\"289\" data-original-height=\"192\" itemprop=\"http:\/\/schema.org\/image\" title=\"Neulich In Zuerich Bei Meinem Vater Dsc06431\" alt=\"Neulich In Zuerich Bei Meinem Vater Dsc06431\" style=\"width: 289px; height: 192px;\" \/> <\/a> <\/div> <\/div> <!-- close group --> <div class=\"gallery-group images-1\" style=\"width: 292px; height: 196px;\" data-original-width=\"292\" data-original-height=\"196\" > <div class=\"tiled-gallery-item tiled-gallery-item-large\" itemprop=\"associatedMedia\" itemscope itemtype=\"http:\/\/schema.org\/ImageObject\"> <a href=\"https:\/\/www.deuxchevaux.ch\/wordpress\/neulich-in-zuerich-bei-meinem-vater\/neulich_in_zuerich_bei_meinem_vater_dsc06430\/\" border=\"0\" itemprop=\"url\"> <meta itemprop=\"width\" content=\"288\"> <meta itemprop=\"height\" content=\"192\"> <img decoding=\"async\" class=\"\" data-attachment-id=\"1502\" data-orig-file=\"https:\/\/www.deuxchevaux.ch\/wordpress\/wp-content\/uploads\/2015\/10\/neulich_in_zuerich_bei_meinem_vater_dsc06430.jpg\" data-orig-size=\"472,314\" data-comments-opened=\"\" data-image-meta=\"{&quot;aperture&quot;:&quot;0&quot;,&quot;credit&quot;:&quot;&quot;,&quot;camera&quot;:&quot;&quot;,&quot;caption&quot;:&quot;&quot;,&quot;created_timestamp&quot;:&quot;0&quot;,&quot;copyright&quot;:&quot;&quot;,&quot;focal_length&quot;:&quot;0&quot;,&quot;iso&quot;:&quot;0&quot;,&quot;shutter_speed&quot;:&quot;0&quot;,&quot;title&quot;:&quot;&quot;,&quot;orientation&quot;:&quot;0&quot;}\" data-image-title=\"Neulich In Zuerich Bei Meinem Vater Dsc06430\" data-image-description=\"\" data-medium-file=\"https:\/\/i0.wp.com\/www.deuxchevaux.ch\/wordpress\/wp-content\/uploads\/2015\/10\/neulich_in_zuerich_bei_meinem_vater_dsc06430.jpg?fit=300%2C200&#038;ssl=1\" data-large-file=\"https:\/\/i0.wp.com\/www.deuxchevaux.ch\/wordpress\/wp-content\/uploads\/2015\/10\/neulich_in_zuerich_bei_meinem_vater_dsc06430.jpg?fit=472%2C314&#038;ssl=1\" src=\"https:\/\/i0.wp.com\/www.deuxchevaux.ch\/wordpress\/wp-content\/uploads\/2015\/10\/neulich_in_zuerich_bei_meinem_vater_dsc06430.jpg?w=288&#038;h=192&#038;ssl=1\" srcset=\"https:\/\/i0.wp.com\/www.deuxchevaux.ch\/wordpress\/wp-content\/uploads\/2015\/10\/neulich_in_zuerich_bei_meinem_vater_dsc06430.jpg?w=472&amp;ssl=1 472w, https:\/\/i0.wp.com\/www.deuxchevaux.ch\/wordpress\/wp-content\/uploads\/2015\/10\/neulich_in_zuerich_bei_meinem_vater_dsc06430.jpg?resize=150%2C100&amp;ssl=1 150w, https:\/\/i0.wp.com\/www.deuxchevaux.ch\/wordpress\/wp-content\/uploads\/2015\/10\/neulich_in_zuerich_bei_meinem_vater_dsc06430.jpg?resize=300%2C200&amp;ssl=1 300w, https:\/\/i0.wp.com\/www.deuxchevaux.ch\/wordpress\/wp-content\/uploads\/2015\/10\/neulich_in_zuerich_bei_meinem_vater_dsc06430.jpg?resize=400%2C266&amp;ssl=1 400w\" width=\"288\" height=\"192\" loading=\"lazy\" data-original-width=\"288\" data-original-height=\"192\" itemprop=\"http:\/\/schema.org\/image\" title=\"Neulich In Zuerich Bei Meinem Vater Dsc06430\" alt=\"Neulich In Zuerich Bei Meinem Vater Dsc06430\" style=\"width: 288px; height: 192px;\" \/> <\/a> <\/div> <\/div> <!-- close group --> <div class=\"gallery-group images-1\" style=\"width: 292px; height: 196px;\" data-original-width=\"292\" data-original-height=\"196\" > <div class=\"tiled-gallery-item tiled-gallery-item-large\" itemprop=\"associatedMedia\" itemscope itemtype=\"http:\/\/schema.org\/ImageObject\"> <a href=\"https:\/\/www.deuxchevaux.ch\/wordpress\/neulich-in-zuerich-bei-meinem-vater\/neulich_in_zuerich_bei_meinem_vater_dsc06429\/\" border=\"0\" itemprop=\"url\"> <meta itemprop=\"width\" content=\"288\"> <meta itemprop=\"height\" content=\"192\"> <img decoding=\"async\" class=\"\" data-attachment-id=\"1501\" data-orig-file=\"https:\/\/www.deuxchevaux.ch\/wordpress\/wp-content\/uploads\/2015\/10\/neulich_in_zuerich_bei_meinem_vater_dsc06429.jpg\" data-orig-size=\"472,314\" data-comments-opened=\"\" data-image-meta=\"{&quot;aperture&quot;:&quot;0&quot;,&quot;credit&quot;:&quot;&quot;,&quot;camera&quot;:&quot;&quot;,&quot;caption&quot;:&quot;&quot;,&quot;created_timestamp&quot;:&quot;0&quot;,&quot;copyright&quot;:&quot;&quot;,&quot;focal_length&quot;:&quot;0&quot;,&quot;iso&quot;:&quot;0&quot;,&quot;shutter_speed&quot;:&quot;0&quot;,&quot;title&quot;:&quot;&quot;,&quot;orientation&quot;:&quot;0&quot;}\" data-image-title=\"Neulich In Zuerich Bei Meinem Vater Dsc06429\" data-image-description=\"\" data-medium-file=\"https:\/\/i0.wp.com\/www.deuxchevaux.ch\/wordpress\/wp-content\/uploads\/2015\/10\/neulich_in_zuerich_bei_meinem_vater_dsc06429.jpg?fit=300%2C200&#038;ssl=1\" data-large-file=\"https:\/\/i0.wp.com\/www.deuxchevaux.ch\/wordpress\/wp-content\/uploads\/2015\/10\/neulich_in_zuerich_bei_meinem_vater_dsc06429.jpg?fit=472%2C314&#038;ssl=1\" src=\"https:\/\/i0.wp.com\/www.deuxchevaux.ch\/wordpress\/wp-content\/uploads\/2015\/10\/neulich_in_zuerich_bei_meinem_vater_dsc06429.jpg?w=288&#038;h=192&#038;ssl=1\" srcset=\"https:\/\/i0.wp.com\/www.deuxchevaux.ch\/wordpress\/wp-content\/uploads\/2015\/10\/neulich_in_zuerich_bei_meinem_vater_dsc06429.jpg?w=472&amp;ssl=1 472w, https:\/\/i0.wp.com\/www.deuxchevaux.ch\/wordpress\/wp-content\/uploads\/2015\/10\/neulich_in_zuerich_bei_meinem_vater_dsc06429.jpg?resize=150%2C100&amp;ssl=1 150w, https:\/\/i0.wp.com\/www.deuxchevaux.ch\/wordpress\/wp-content\/uploads\/2015\/10\/neulich_in_zuerich_bei_meinem_vater_dsc06429.jpg?resize=300%2C200&amp;ssl=1 300w, https:\/\/i0.wp.com\/www.deuxchevaux.ch\/wordpress\/wp-content\/uploads\/2015\/10\/neulich_in_zuerich_bei_meinem_vater_dsc06429.jpg?resize=400%2C266&amp;ssl=1 400w\" width=\"288\" height=\"192\" loading=\"lazy\" data-original-width=\"288\" data-original-height=\"192\" itemprop=\"http:\/\/schema.org\/image\" title=\"Neulich In Zuerich Bei Meinem Vater Dsc06429\" alt=\"Neulich In Zuerich Bei Meinem Vater Dsc06429\" style=\"width: 288px; height: 192px;\" \/> <\/a> <\/div> <\/div> <!-- close group --> <\/div> <!-- close row --> <\/div>\n<p><strong>Antike Bleistiftspitzer:<\/strong><\/p>\n<p>Auch wenn es nichts mit unseren 2CVs zu tun hat verdient es doch ein paar wenige Zeilen.<\/p>\n<p>Wer lacht da nicht wenn er das h\u00f6rt? (Bleistiftspitzer sammeln) Mir jedenfalls erging es so.<\/p>\n<p>Aaaaber oha l\u00e4tz.<\/p>\n<p>Dem Erfindertum und dem Konstruktionseifer sind wahrlich keine Grenzen gesetzt.<\/p>\n<p>Oder kann sich jemand vorstellen, dass in einem mechanischen Bleistiftspitzer eine Fliehkraftkupplung eingesetzt wird? Auf dem Bild ist eben eine solche Seltenheiten zu sehen.<\/p>\n<p>Es war ebenfalls eine sehr interessante Demonstration von ganz speziellen Konstruktionen.<\/p>\n<p>Eben das Aussergew\u00f6hnliche \u2013 wie ein 2CV.<\/p>\n<p>Author <em>R\u00f6ne<\/em><\/p>\n<p><img data-recalc-dims=\"1\" loading=\"lazy\" decoding=\"async\" data-attachment-id=\"1500\" data-permalink=\"https:\/\/www.deuxchevaux.ch\/wordpress\/neulich-in-zuerich-bei-meinem-vater\/neulich_in_zuerich_bei_meinem_vater_dsc06414\/\" data-orig-file=\"https:\/\/i0.wp.com\/www.deuxchevaux.ch\/wordpress\/wp-content\/uploads\/2015\/10\/neulich_in_zuerich_bei_meinem_vater_dsc06414.jpg?fit=472%2C314&amp;ssl=1\" data-orig-size=\"472,314\" data-comments-opened=\"0\" data-image-meta=\"{&quot;aperture&quot;:&quot;0&quot;,&quot;credit&quot;:&quot;&quot;,&quot;camera&quot;:&quot;&quot;,&quot;caption&quot;:&quot;&quot;,&quot;created_timestamp&quot;:&quot;0&quot;,&quot;copyright&quot;:&quot;&quot;,&quot;focal_length&quot;:&quot;0&quot;,&quot;iso&quot;:&quot;0&quot;,&quot;shutter_speed&quot;:&quot;0&quot;,&quot;title&quot;:&quot;&quot;,&quot;orientation&quot;:&quot;0&quot;}\" data-image-title=\"Neulich In Zuerich Bei Meinem Vater Dsc06414\" data-image-description=\"\" data-image-caption=\"\" data-medium-file=\"https:\/\/i0.wp.com\/www.deuxchevaux.ch\/wordpress\/wp-content\/uploads\/2015\/10\/neulich_in_zuerich_bei_meinem_vater_dsc06414.jpg?fit=300%2C200&amp;ssl=1\" data-large-file=\"https:\/\/i0.wp.com\/www.deuxchevaux.ch\/wordpress\/wp-content\/uploads\/2015\/10\/neulich_in_zuerich_bei_meinem_vater_dsc06414.jpg?fit=472%2C314&amp;ssl=1\" class=\"alignnone size-full wp-image-1500\" src=\"https:\/\/i0.wp.com\/www.deuxchevaux.ch\/wordpress\/wp-content\/uploads\/2015\/10\/neulich_in_zuerich_bei_meinem_vater_dsc06414.jpg?resize=472%2C314&#038;ssl=1\" alt=\"Neulich In Zuerich Bei Meinem Vater Dsc06414\" width=\"472\" height=\"314\" srcset=\"https:\/\/i0.wp.com\/www.deuxchevaux.ch\/wordpress\/wp-content\/uploads\/2015\/10\/neulich_in_zuerich_bei_meinem_vater_dsc06414.jpg?w=472&amp;ssl=1 472w, https:\/\/i0.wp.com\/www.deuxchevaux.ch\/wordpress\/wp-content\/uploads\/2015\/10\/neulich_in_zuerich_bei_meinem_vater_dsc06414.jpg?resize=150%2C100&amp;ssl=1 150w, https:\/\/i0.wp.com\/www.deuxchevaux.ch\/wordpress\/wp-content\/uploads\/2015\/10\/neulich_in_zuerich_bei_meinem_vater_dsc06414.jpg?resize=300%2C200&amp;ssl=1 300w, https:\/\/i0.wp.com\/www.deuxchevaux.ch\/wordpress\/wp-content\/uploads\/2015\/10\/neulich_in_zuerich_bei_meinem_vater_dsc06414.jpg?resize=400%2C266&amp;ssl=1 400w\" sizes=\"(max-width: 472px) 100vw, 472px\" \/><\/p>\n","protected":false},"excerpt":{"rendered":"<p>Ich hatte zwei Besuche geplant. Einmal etwas mit Citroen und zum Anderen etwas mit antiken Bleistiftspitzern. &nbsp; CITPIT: Als Hans Peter Rubitschon [&hellip;]<\/p>\n","protected":false},"author":1,"featured_media":1501,"comment_status":"open","ping_status":"open","sticky":false,"template":"","format":"standard","meta":{"_jetpack_memberships_contains_paid_content":false,"footnotes":""},"categories":[8,1],"tags":[],"class_list":["post-1543","post","type-post","status-publish","format-standard","has-post-thumbnail","hentry","category-ausflug","category-club"],"jetpack_featured_media_url":"https:\/\/i0.wp.com\/www.deuxchevaux.ch\/wordpress\/wp-content\/uploads\/2015\/10\/neulich_in_zuerich_bei_meinem_vater_dsc06429.jpg?fit=472%2C314&ssl=1","jetpack_sharing_enabled":true,"_links":{"self":[{"href":"https:\/\/www.deuxchevaux.ch\/wordpress\/wp-json\/wp\/v2\/posts\/1543"}],"collection":[{"href":"https:\/\/www.deuxchevaux.ch\/wordpress\/wp-json\/wp\/v2\/posts"}],"about":[{"href":"https:\/\/www.deuxchevaux.ch\/wordpress\/wp-json\/wp\/v2\/types\/post"}],"author":[{"embeddable":true,"href":"https:\/\/www.deuxchevaux.ch\/wordpress\/wp-json\/wp\/v2\/users\/1"}],"replies":[{"embeddable":true,"href":"https:\/\/www.deuxchevaux.ch\/wordpress\/wp-json\/wp\/v2\/comments?post=1543"}],"version-history":[{"count":3,"href":"https:\/\/www.deuxchevaux.ch\/wordpress\/wp-json\/wp\/v2\/posts\/1543\/revisions"}],"predecessor-version":[{"id":8152,"href":"https:\/\/www.deuxchevaux.ch\/wordpress\/wp-json\/wp\/v2\/posts\/1543\/revisions\/8152"}],"wp:featuredmedia":[{"embeddable":true,"href":"https:\/\/www.deuxchevaux.ch\/wordpress\/wp-json\/wp\/v2\/media\/1501"}],"wp:attachment":[{"href":"https:\/\/www.deuxchevaux.ch\/wordpress\/wp-json\/wp\/v2\/media?parent=1543"}],"wp:term":[{"taxonomy":"category","embeddable":true,"href":"https:\/\/www.deuxchevaux.ch\/wordpress\/wp-json\/wp\/v2\/categories?post=1543"},{"taxonomy":"post_tag","embeddable":true,"href":"https:\/\/www.deuxchevaux.ch\/wordpress\/wp-json\/wp\/v2\/tags?post=1543"}],"curies":[{"name":"wp","href":"https:\/\/api.w.org\/{rel}","templated":true}]}}