{"id":16498,"date":"2022-06-09T10:55:18","date_gmt":"2022-06-09T08:55:18","guid":{"rendered":"https:\/\/www.deuxchevaux.ch\/wordpress\/?p=16498"},"modified":"2022-06-09T10:55:19","modified_gmt":"2022-06-09T08:55:19","slug":"raid-marokko-22-wie-ihn-marc-erlebte","status":"publish","type":"post","link":"https:\/\/www.deuxchevaux.ch\/wordpress\/raid-marokko-22-wie-ihn-marc-erlebte\/","title":{"rendered":"Raid Marokko 22 &#8211; wie ihn Marc erlebte"},"content":{"rendered":"\n<p>Marokko Raid 1. Tag<br \/>Zu nachtschlafender Stunde ging es los Georg holte mich um 2 Uhr in Lyss ab. Wir fuhren in Kerzers auf die Autobahn Richtung Genfersee. Durchs Rohnetal, dann hoch, durch den gro\u00dfen Sankt Bernhard Tunnel. Nach sieben st\u00fcndiger Fahrt waren wir bereits in Genua am Hafen. Wir waren die ersten der Gruppe am GNV Terminal. Die F\u00e4hre schien noch nicht so lange angekommen zu sein, denn es fuhren doch noch die letzten Autos und LKWs von der F\u00e4hre ab.<\/p>\n\n\n\n<figure class=\"wp-block-image size-large\"><img data-recalc-dims=\"1\" loading=\"lazy\" decoding=\"async\" width=\"1024\" height=\"577\" data-attachment-id=\"16505\" data-permalink=\"https:\/\/www.deuxchevaux.ch\/wordpress\/raid-marokko-22-wie-ihn-marc-erlebte\/raid_marokko_22_20220507_140154\/\" data-orig-file=\"https:\/\/i0.wp.com\/www.deuxchevaux.ch\/wordpress\/wp-content\/uploads\/2022\/06\/Raid_Marokko_22_20220507_140154.jpg?fit=2131%2C1200&amp;ssl=1\" data-orig-size=\"2131,1200\" data-comments-opened=\"0\" data-image-meta=\"{&quot;aperture&quot;:&quot;1.8&quot;,&quot;credit&quot;:&quot;&quot;,&quot;camera&quot;:&quot;SM-F711B&quot;,&quot;caption&quot;:&quot;&quot;,&quot;created_timestamp&quot;:&quot;1651932114&quot;,&quot;copyright&quot;:&quot;&quot;,&quot;focal_length&quot;:&quot;4.25&quot;,&quot;iso&quot;:&quot;50&quot;,&quot;shutter_speed&quot;:&quot;0.00020408163265306&quot;,&quot;title&quot;:&quot;&quot;,&quot;orientation&quot;:&quot;1&quot;}\" data-image-title=\"Raid_Marokko_22_20220507_140154\" data-image-description=\"\" data-image-caption=\"\" data-medium-file=\"https:\/\/i0.wp.com\/www.deuxchevaux.ch\/wordpress\/wp-content\/uploads\/2022\/06\/Raid_Marokko_22_20220507_140154.jpg?fit=300%2C169&amp;ssl=1\" data-large-file=\"https:\/\/i0.wp.com\/www.deuxchevaux.ch\/wordpress\/wp-content\/uploads\/2022\/06\/Raid_Marokko_22_20220507_140154.jpg?fit=1024%2C577&amp;ssl=1\" src=\"https:\/\/i0.wp.com\/www.deuxchevaux.ch\/wordpress\/wp-content\/uploads\/2022\/06\/Raid_Marokko_22_20220507_140154.jpg?resize=1024%2C577&#038;ssl=1\" alt=\"\" class=\"wp-image-16505\" srcset=\"https:\/\/i0.wp.com\/www.deuxchevaux.ch\/wordpress\/wp-content\/uploads\/2022\/06\/Raid_Marokko_22_20220507_140154.jpg?resize=1024%2C577&amp;ssl=1 1024w, https:\/\/i0.wp.com\/www.deuxchevaux.ch\/wordpress\/wp-content\/uploads\/2022\/06\/Raid_Marokko_22_20220507_140154.jpg?resize=300%2C169&amp;ssl=1 300w, https:\/\/i0.wp.com\/www.deuxchevaux.ch\/wordpress\/wp-content\/uploads\/2022\/06\/Raid_Marokko_22_20220507_140154.jpg?resize=150%2C84&amp;ssl=1 150w, https:\/\/i0.wp.com\/www.deuxchevaux.ch\/wordpress\/wp-content\/uploads\/2022\/06\/Raid_Marokko_22_20220507_140154.jpg?resize=768%2C432&amp;ssl=1 768w, https:\/\/i0.wp.com\/www.deuxchevaux.ch\/wordpress\/wp-content\/uploads\/2022\/06\/Raid_Marokko_22_20220507_140154.jpg?resize=1536%2C865&amp;ssl=1 1536w, https:\/\/i0.wp.com\/www.deuxchevaux.ch\/wordpress\/wp-content\/uploads\/2022\/06\/Raid_Marokko_22_20220507_140154.jpg?resize=2048%2C1153&amp;ssl=1 2048w, https:\/\/i0.wp.com\/www.deuxchevaux.ch\/wordpress\/wp-content\/uploads\/2022\/06\/Raid_Marokko_22_20220507_140154.jpg?resize=920%2C518&amp;ssl=1 920w, https:\/\/i0.wp.com\/www.deuxchevaux.ch\/wordpress\/wp-content\/uploads\/2022\/06\/Raid_Marokko_22_20220507_140154.jpg?resize=230%2C130&amp;ssl=1 230w, https:\/\/i0.wp.com\/www.deuxchevaux.ch\/wordpress\/wp-content\/uploads\/2022\/06\/Raid_Marokko_22_20220507_140154.jpg?resize=350%2C197&amp;ssl=1 350w, https:\/\/i0.wp.com\/www.deuxchevaux.ch\/wordpress\/wp-content\/uploads\/2022\/06\/Raid_Marokko_22_20220507_140154.jpg?resize=480%2C270&amp;ssl=1 480w\" sizes=\"(max-width: 1024px) 100vw, 1024px\" \/><\/figure>\n\n\n\n<p>Bald kommt dann Francis und Robert mit dem roten 2CV und parkt dann etwa 15 Autos hinter uns in der Reihe. Danach kommen Claudio und Michu, Lisa und Peter, Gabi und Christoph und zu guter Letzt Marion und Rafael mit der Acadiane aus dem Thurgau. Das Anstehen beim Check-In gestaltete sich trotz der langen Schlange kurzweilig, hatten wir doch einander einiges \u00fcber die Reise durch Italien zu erz\u00e4hlen sowie \u00fcber die letzten Vorbereitungen am Auto. Kurz darauf fuhren wir die Autos in den riesigen Schiffsrumpf des gro\u00dfen Stahlkolosses. <\/p>\n\n\n\n<figure class=\"wp-block-image size-large\"><img data-recalc-dims=\"1\" loading=\"lazy\" decoding=\"async\" width=\"1024\" height=\"577\" data-attachment-id=\"16504\" data-permalink=\"https:\/\/www.deuxchevaux.ch\/wordpress\/raid-marokko-22-wie-ihn-marc-erlebte\/raid_marokko_22_20220507_092423\/\" data-orig-file=\"https:\/\/i0.wp.com\/www.deuxchevaux.ch\/wordpress\/wp-content\/uploads\/2022\/06\/Raid_Marokko_22_20220507_092423.jpg?fit=2131%2C1200&amp;ssl=1\" data-orig-size=\"2131,1200\" data-comments-opened=\"0\" data-image-meta=\"{&quot;aperture&quot;:&quot;1.8&quot;,&quot;credit&quot;:&quot;&quot;,&quot;camera&quot;:&quot;SM-F711B&quot;,&quot;caption&quot;:&quot;&quot;,&quot;created_timestamp&quot;:&quot;1651915463&quot;,&quot;copyright&quot;:&quot;&quot;,&quot;focal_length&quot;:&quot;4.25&quot;,&quot;iso&quot;:&quot;50&quot;,&quot;shutter_speed&quot;:&quot;0.00041597337770383&quot;,&quot;title&quot;:&quot;&quot;,&quot;orientation&quot;:&quot;1&quot;}\" data-image-title=\"Raid_Marokko_22_20220507_092423\" data-image-description=\"\" data-image-caption=\"\" data-medium-file=\"https:\/\/i0.wp.com\/www.deuxchevaux.ch\/wordpress\/wp-content\/uploads\/2022\/06\/Raid_Marokko_22_20220507_092423.jpg?fit=300%2C169&amp;ssl=1\" data-large-file=\"https:\/\/i0.wp.com\/www.deuxchevaux.ch\/wordpress\/wp-content\/uploads\/2022\/06\/Raid_Marokko_22_20220507_092423.jpg?fit=1024%2C577&amp;ssl=1\" src=\"https:\/\/i0.wp.com\/www.deuxchevaux.ch\/wordpress\/wp-content\/uploads\/2022\/06\/Raid_Marokko_22_20220507_092423.jpg?resize=1024%2C577&#038;ssl=1\" alt=\"\" class=\"wp-image-16504\" srcset=\"https:\/\/i0.wp.com\/www.deuxchevaux.ch\/wordpress\/wp-content\/uploads\/2022\/06\/Raid_Marokko_22_20220507_092423.jpg?resize=1024%2C577&amp;ssl=1 1024w, https:\/\/i0.wp.com\/www.deuxchevaux.ch\/wordpress\/wp-content\/uploads\/2022\/06\/Raid_Marokko_22_20220507_092423.jpg?resize=300%2C169&amp;ssl=1 300w, https:\/\/i0.wp.com\/www.deuxchevaux.ch\/wordpress\/wp-content\/uploads\/2022\/06\/Raid_Marokko_22_20220507_092423.jpg?resize=150%2C84&amp;ssl=1 150w, https:\/\/i0.wp.com\/www.deuxchevaux.ch\/wordpress\/wp-content\/uploads\/2022\/06\/Raid_Marokko_22_20220507_092423.jpg?resize=768%2C432&amp;ssl=1 768w, https:\/\/i0.wp.com\/www.deuxchevaux.ch\/wordpress\/wp-content\/uploads\/2022\/06\/Raid_Marokko_22_20220507_092423.jpg?resize=1536%2C865&amp;ssl=1 1536w, https:\/\/i0.wp.com\/www.deuxchevaux.ch\/wordpress\/wp-content\/uploads\/2022\/06\/Raid_Marokko_22_20220507_092423.jpg?resize=2048%2C1153&amp;ssl=1 2048w, https:\/\/i0.wp.com\/www.deuxchevaux.ch\/wordpress\/wp-content\/uploads\/2022\/06\/Raid_Marokko_22_20220507_092423.jpg?resize=920%2C518&amp;ssl=1 920w, https:\/\/i0.wp.com\/www.deuxchevaux.ch\/wordpress\/wp-content\/uploads\/2022\/06\/Raid_Marokko_22_20220507_092423.jpg?resize=230%2C130&amp;ssl=1 230w, https:\/\/i0.wp.com\/www.deuxchevaux.ch\/wordpress\/wp-content\/uploads\/2022\/06\/Raid_Marokko_22_20220507_092423.jpg?resize=350%2C197&amp;ssl=1 350w, https:\/\/i0.wp.com\/www.deuxchevaux.ch\/wordpress\/wp-content\/uploads\/2022\/06\/Raid_Marokko_22_20220507_092423.jpg?resize=480%2C270&amp;ssl=1 480w\" sizes=\"(max-width: 1024px) 100vw, 1024px\" \/><\/figure>\n\n\n\n<p>Die MS Fantastic der italienischen Reederei GNV mit Jahrgang 1996. Um 16 Uhr legte die F\u00e4hre p\u00fcnktlich in Genua ab. Endlich auf Schnaufen wir haben es geschafft: Covid Zertifikate, Green Pass, Zollkontrollen erfolgreich passiert im wahrsten Sinne des Wortes! Prost, das Apero Bier in unserer Kabine mit Meersicht, schien uns verdient. Um 20 Uhr treffen wir uns dann im \u201eupper class\u201c Restaurant zum Znacht. Nach dem Essen mit einem feinen Chianti Leonardo ging&#8217;s f\u00fcr mich dann direkt ins Bett, fehlten mir doch noch ein paar Stunden Schlaf der letzten Nacht.<\/p>\n\n\n\n<figure class=\"wp-block-image size-large\"><img data-recalc-dims=\"1\" loading=\"lazy\" decoding=\"async\" width=\"1024\" height=\"768\" data-attachment-id=\"16507\" data-permalink=\"https:\/\/www.deuxchevaux.ch\/wordpress\/raid-marokko-22-wie-ihn-marc-erlebte\/raid_marokko_22_img_4807\/\" data-orig-file=\"https:\/\/i0.wp.com\/www.deuxchevaux.ch\/wordpress\/wp-content\/uploads\/2022\/06\/Raid_Marokko_22_IMG_4807.jpg?fit=1600%2C1200&amp;ssl=1\" data-orig-size=\"1600,1200\" data-comments-opened=\"0\" data-image-meta=\"{&quot;aperture&quot;:&quot;1.8&quot;,&quot;credit&quot;:&quot;&quot;,&quot;camera&quot;:&quot;iPhone SE (2nd generation)&quot;,&quot;caption&quot;:&quot;&quot;,&quot;created_timestamp&quot;:&quot;1651932417&quot;,&quot;copyright&quot;:&quot;&quot;,&quot;focal_length&quot;:&quot;3.99&quot;,&quot;iso&quot;:&quot;40&quot;,&quot;shutter_speed&quot;:&quot;0.0083333333333333&quot;,&quot;title&quot;:&quot;&quot;,&quot;orientation&quot;:&quot;1&quot;}\" data-image-title=\"Raid_Marokko_22_IMG_4807\" data-image-description=\"\" data-image-caption=\"\" data-medium-file=\"https:\/\/i0.wp.com\/www.deuxchevaux.ch\/wordpress\/wp-content\/uploads\/2022\/06\/Raid_Marokko_22_IMG_4807.jpg?fit=300%2C225&amp;ssl=1\" data-large-file=\"https:\/\/i0.wp.com\/www.deuxchevaux.ch\/wordpress\/wp-content\/uploads\/2022\/06\/Raid_Marokko_22_IMG_4807.jpg?fit=1024%2C768&amp;ssl=1\" src=\"https:\/\/i0.wp.com\/www.deuxchevaux.ch\/wordpress\/wp-content\/uploads\/2022\/06\/Raid_Marokko_22_IMG_4807.jpg?resize=1024%2C768&#038;ssl=1\" alt=\"\" class=\"wp-image-16507\" srcset=\"https:\/\/i0.wp.com\/www.deuxchevaux.ch\/wordpress\/wp-content\/uploads\/2022\/06\/Raid_Marokko_22_IMG_4807.jpg?resize=1024%2C768&amp;ssl=1 1024w, https:\/\/i0.wp.com\/www.deuxchevaux.ch\/wordpress\/wp-content\/uploads\/2022\/06\/Raid_Marokko_22_IMG_4807.jpg?resize=300%2C225&amp;ssl=1 300w, https:\/\/i0.wp.com\/www.deuxchevaux.ch\/wordpress\/wp-content\/uploads\/2022\/06\/Raid_Marokko_22_IMG_4807.jpg?resize=150%2C113&amp;ssl=1 150w, https:\/\/i0.wp.com\/www.deuxchevaux.ch\/wordpress\/wp-content\/uploads\/2022\/06\/Raid_Marokko_22_IMG_4807.jpg?resize=768%2C576&amp;ssl=1 768w, https:\/\/i0.wp.com\/www.deuxchevaux.ch\/wordpress\/wp-content\/uploads\/2022\/06\/Raid_Marokko_22_IMG_4807.jpg?resize=1536%2C1152&amp;ssl=1 1536w, https:\/\/i0.wp.com\/www.deuxchevaux.ch\/wordpress\/wp-content\/uploads\/2022\/06\/Raid_Marokko_22_IMG_4807.jpg?resize=920%2C690&amp;ssl=1 920w, https:\/\/i0.wp.com\/www.deuxchevaux.ch\/wordpress\/wp-content\/uploads\/2022\/06\/Raid_Marokko_22_IMG_4807.jpg?resize=230%2C173&amp;ssl=1 230w, https:\/\/i0.wp.com\/www.deuxchevaux.ch\/wordpress\/wp-content\/uploads\/2022\/06\/Raid_Marokko_22_IMG_4807.jpg?resize=350%2C263&amp;ssl=1 350w, https:\/\/i0.wp.com\/www.deuxchevaux.ch\/wordpress\/wp-content\/uploads\/2022\/06\/Raid_Marokko_22_IMG_4807.jpg?resize=480%2C360&amp;ssl=1 480w, https:\/\/i0.wp.com\/www.deuxchevaux.ch\/wordpress\/wp-content\/uploads\/2022\/06\/Raid_Marokko_22_IMG_4807.jpg?w=1600&amp;ssl=1 1600w\" sizes=\"(max-width: 1024px) 100vw, 1024px\" \/><\/figure>\n\n\n\n<p>Der Autor dieses Erlebnisberichtes ist <em>Marc<\/em><em>&nbsp;vom Team 1<\/em>. Vielen Dank! Die Bilder dazu findet ihr den beiden Ordnern <a rel=\"noreferrer noopener\" href=\"https:\/\/1drv.ms\/f\/s!AgoezRGZqWVSrvEIVHLL4mhLDHi4cg\" target=\"_blank\">Fotos Marokko 22<\/a> und <a rel=\"noreferrer noopener\" href=\"https:\/\/1drv.ms\/f\/s!AgoezRGZqWVSrvEpANVzO4Y9pY4lPQ\" target=\"_blank\">Videos Marokko 22<\/a>. Zu der immensen Foto- und Videosammlung haben alle Teams beigetragen. Im Moment gibt es 1&#8217;627 Bilder und 9 Videos!<\/p>\n\n\n\n<figure class=\"wp-block-image size-large\"><img data-recalc-dims=\"1\" loading=\"lazy\" decoding=\"async\" width=\"1024\" height=\"576\" data-attachment-id=\"16506\" data-permalink=\"https:\/\/www.deuxchevaux.ch\/wordpress\/raid-marokko-22-wie-ihn-marc-erlebte\/raid_marokko_22_20220507_163630\/\" data-orig-file=\"https:\/\/i0.wp.com\/www.deuxchevaux.ch\/wordpress\/wp-content\/uploads\/2022\/06\/Raid_Marokko_22_20220507_163630.jpg?fit=2133%2C1200&amp;ssl=1\" data-orig-size=\"2133,1200\" data-comments-opened=\"0\" data-image-meta=\"{&quot;aperture&quot;:&quot;1.8&quot;,&quot;credit&quot;:&quot;&quot;,&quot;camera&quot;:&quot;SM-A326B&quot;,&quot;caption&quot;:&quot;&quot;,&quot;created_timestamp&quot;:&quot;1651941390&quot;,&quot;copyright&quot;:&quot;&quot;,&quot;focal_length&quot;:&quot;4.6&quot;,&quot;iso&quot;:&quot;32&quot;,&quot;shutter_speed&quot;:&quot;0.002092050209205&quot;,&quot;title&quot;:&quot;&quot;,&quot;orientation&quot;:&quot;1&quot;}\" data-image-title=\"Raid_Marokko_22_20220507_163630\" data-image-description=\"\" data-image-caption=\"\" data-medium-file=\"https:\/\/i0.wp.com\/www.deuxchevaux.ch\/wordpress\/wp-content\/uploads\/2022\/06\/Raid_Marokko_22_20220507_163630.jpg?fit=300%2C169&amp;ssl=1\" data-large-file=\"https:\/\/i0.wp.com\/www.deuxchevaux.ch\/wordpress\/wp-content\/uploads\/2022\/06\/Raid_Marokko_22_20220507_163630.jpg?fit=1024%2C576&amp;ssl=1\" src=\"https:\/\/i0.wp.com\/www.deuxchevaux.ch\/wordpress\/wp-content\/uploads\/2022\/06\/Raid_Marokko_22_20220507_163630.jpg?resize=1024%2C576&#038;ssl=1\" alt=\"\" class=\"wp-image-16506\" srcset=\"https:\/\/i0.wp.com\/www.deuxchevaux.ch\/wordpress\/wp-content\/uploads\/2022\/06\/Raid_Marokko_22_20220507_163630.jpg?resize=1024%2C576&amp;ssl=1 1024w, https:\/\/i0.wp.com\/www.deuxchevaux.ch\/wordpress\/wp-content\/uploads\/2022\/06\/Raid_Marokko_22_20220507_163630.jpg?resize=300%2C169&amp;ssl=1 300w, https:\/\/i0.wp.com\/www.deuxchevaux.ch\/wordpress\/wp-content\/uploads\/2022\/06\/Raid_Marokko_22_20220507_163630.jpg?resize=150%2C84&amp;ssl=1 150w, https:\/\/i0.wp.com\/www.deuxchevaux.ch\/wordpress\/wp-content\/uploads\/2022\/06\/Raid_Marokko_22_20220507_163630.jpg?resize=768%2C432&amp;ssl=1 768w, https:\/\/i0.wp.com\/www.deuxchevaux.ch\/wordpress\/wp-content\/uploads\/2022\/06\/Raid_Marokko_22_20220507_163630.jpg?resize=1536%2C864&amp;ssl=1 1536w, https:\/\/i0.wp.com\/www.deuxchevaux.ch\/wordpress\/wp-content\/uploads\/2022\/06\/Raid_Marokko_22_20220507_163630.jpg?resize=2048%2C1152&amp;ssl=1 2048w, https:\/\/i0.wp.com\/www.deuxchevaux.ch\/wordpress\/wp-content\/uploads\/2022\/06\/Raid_Marokko_22_20220507_163630.jpg?resize=920%2C518&amp;ssl=1 920w, https:\/\/i0.wp.com\/www.deuxchevaux.ch\/wordpress\/wp-content\/uploads\/2022\/06\/Raid_Marokko_22_20220507_163630.jpg?resize=230%2C129&amp;ssl=1 230w, https:\/\/i0.wp.com\/www.deuxchevaux.ch\/wordpress\/wp-content\/uploads\/2022\/06\/Raid_Marokko_22_20220507_163630.jpg?resize=350%2C197&amp;ssl=1 350w, https:\/\/i0.wp.com\/www.deuxchevaux.ch\/wordpress\/wp-content\/uploads\/2022\/06\/Raid_Marokko_22_20220507_163630.jpg?resize=480%2C270&amp;ssl=1 480w\" sizes=\"(max-width: 1024px) 100vw, 1024px\" \/><\/figure>\n","protected":false},"excerpt":{"rendered":"<p>Marokko Raid 1. TagZu nachtschlafender Stunde ging es los Georg holte mich um 2 Uhr in Lyss ab. Wir fuhren in Kerzers [&hellip;]<\/p>\n","protected":false},"author":1,"featured_media":16508,"comment_status":"closed","ping_status":"closed","sticky":false,"template":"","format":"standard","meta":{"_jetpack_memberships_contains_paid_content":false,"footnotes":""},"categories":[1,9],"tags":[],"class_list":["post-16498","post","type-post","status-publish","format-standard","has-post-thumbnail","hentry","category-club","category-reise"],"jetpack_featured_media_url":"https:\/\/i0.wp.com\/www.deuxchevaux.ch\/wordpress\/wp-content\/uploads\/2022\/06\/Raid_Marokko_22_IMG_5567.jpg?fit=1600%2C1200&ssl=1","jetpack_sharing_enabled":true,"_links":{"self":[{"href":"https:\/\/www.deuxchevaux.ch\/wordpress\/wp-json\/wp\/v2\/posts\/16498"}],"collection":[{"href":"https:\/\/www.deuxchevaux.ch\/wordpress\/wp-json\/wp\/v2\/posts"}],"about":[{"href":"https:\/\/www.deuxchevaux.ch\/wordpress\/wp-json\/wp\/v2\/types\/post"}],"author":[{"embeddable":true,"href":"https:\/\/www.deuxchevaux.ch\/wordpress\/wp-json\/wp\/v2\/users\/1"}],"replies":[{"embeddable":true,"href":"https:\/\/www.deuxchevaux.ch\/wordpress\/wp-json\/wp\/v2\/comments?post=16498"}],"version-history":[{"count":5,"href":"https:\/\/www.deuxchevaux.ch\/wordpress\/wp-json\/wp\/v2\/posts\/16498\/revisions"}],"predecessor-version":[{"id":16509,"href":"https:\/\/www.deuxchevaux.ch\/wordpress\/wp-json\/wp\/v2\/posts\/16498\/revisions\/16509"}],"wp:featuredmedia":[{"embeddable":true,"href":"https:\/\/www.deuxchevaux.ch\/wordpress\/wp-json\/wp\/v2\/media\/16508"}],"wp:attachment":[{"href":"https:\/\/www.deuxchevaux.ch\/wordpress\/wp-json\/wp\/v2\/media?parent=16498"}],"wp:term":[{"taxonomy":"category","embeddable":true,"href":"https:\/\/www.deuxchevaux.ch\/wordpress\/wp-json\/wp\/v2\/categories?post=16498"},{"taxonomy":"post_tag","embeddable":true,"href":"https:\/\/www.deuxchevaux.ch\/wordpress\/wp-json\/wp\/v2\/tags?post=16498"}],"curies":[{"name":"wp","href":"https:\/\/api.w.org\/{rel}","templated":true}]}}