{"id":16512,"date":"2022-06-10T10:44:00","date_gmt":"2022-06-10T08:44:00","guid":{"rendered":"https:\/\/www.deuxchevaux.ch\/wordpress\/?p=16512"},"modified":"2022-09-27T18:07:23","modified_gmt":"2022-09-27T16:07:23","slug":"raid-marokko-22-wie-ihn-claudio-erlebte","status":"publish","type":"post","link":"https:\/\/www.deuxchevaux.ch\/wordpress\/raid-marokko-22-wie-ihn-claudio-erlebte\/","title":{"rendered":"Raid Marokko 22 &#8211; wie ihn Claudio erlebte"},"content":{"rendered":"\n<p><strong>2015<\/strong>, im Jahr meines 70zigten, schenkte mir Madeleine, meine Frau, die Reise nach Marokko mit einer Gruppe Bretonen. Inspiriert war ich durch die Lekt\u00fcre der drei von Citroen organisierten Fernfahrten mit dem D\u00f6schwo in den Jahren 1970, 1971 und 1973 (*.<\/p>\n\n\n\n<p>Fotodokumente dieser Reisen fanden sich in den Citroen-Brosch\u00fcren, in publizierten Videos und vor allem in den von Pierre Lacasta verfassten \u00abCarnet de voyages\u00bb, den ich an einer Nationale kennen lernte und mich zum reisen mit dem 2CV animierte.<\/p>\n\n\n\n<p>Geschenk angenommen und im Bewusstsein was f\u00fcr eine Vorbereitung dazu notwendig wurde, liess ich O(u)rsina Jg. 1987 die notwendigen Anpassungen ausf\u00fchren. \u00abBel Hubert\u00bb aus Sombeval im Jura, 2CV-Cross erfahren, wandelte O(u)rsina in ein w\u00fcstentaugliches Gef\u00e4hrt um! Schutzbleche unter Motor, Getriebe und Benzintank, Revision der Antriebseinheit, Verst\u00e4rkung der Schwingarme, neue Kupplung, Sonnenschutz in Form eines Gep\u00e4cktr\u00e4gers mit Einlageblech, usw.<\/p>\n\n\n\n<figure class=\"wp-block-image size-large\"><img data-recalc-dims=\"1\" loading=\"lazy\" decoding=\"async\" width=\"1024\" height=\"576\" data-attachment-id=\"16517\" data-permalink=\"https:\/\/www.deuxchevaux.ch\/wordpress\/raid-marokko-22-wie-ihn-claudio-erlebte\/raid_marokko_22_20220514_191356\/\" data-orig-file=\"https:\/\/i0.wp.com\/www.deuxchevaux.ch\/wordpress\/wp-content\/uploads\/2022\/06\/raid_marokko_22_20220514_191356.jpg?fit=2133%2C1200&amp;ssl=1\" data-orig-size=\"2133,1200\" data-comments-opened=\"0\" data-image-meta=\"{&quot;aperture&quot;:&quot;1.8&quot;,&quot;credit&quot;:&quot;&quot;,&quot;camera&quot;:&quot;SM-A326B&quot;,&quot;caption&quot;:&quot;&quot;,&quot;created_timestamp&quot;:&quot;1652555636&quot;,&quot;copyright&quot;:&quot;&quot;,&quot;focal_length&quot;:&quot;4.6&quot;,&quot;iso&quot;:&quot;32&quot;,&quot;shutter_speed&quot;:&quot;0.0058479532163743&quot;,&quot;title&quot;:&quot;&quot;,&quot;orientation&quot;:&quot;1&quot;}\" data-image-title=\"Raid_Marokko_22_20220514_191356\" data-image-description=\"\" data-image-caption=\"\" data-medium-file=\"https:\/\/i0.wp.com\/www.deuxchevaux.ch\/wordpress\/wp-content\/uploads\/2022\/06\/raid_marokko_22_20220514_191356.jpg?fit=300%2C169&amp;ssl=1\" data-large-file=\"https:\/\/i0.wp.com\/www.deuxchevaux.ch\/wordpress\/wp-content\/uploads\/2022\/06\/raid_marokko_22_20220514_191356.jpg?fit=1024%2C576&amp;ssl=1\" src=\"https:\/\/i0.wp.com\/www.deuxchevaux.ch\/wordpress\/wp-content\/uploads\/2022\/06\/raid_marokko_22_20220514_191356.jpg?resize=1024%2C576&#038;ssl=1\" alt=\"\" class=\"wp-image-16517\" srcset=\"https:\/\/i0.wp.com\/www.deuxchevaux.ch\/wordpress\/wp-content\/uploads\/2022\/06\/raid_marokko_22_20220514_191356.jpg?resize=1024%2C576&amp;ssl=1 1024w, https:\/\/i0.wp.com\/www.deuxchevaux.ch\/wordpress\/wp-content\/uploads\/2022\/06\/raid_marokko_22_20220514_191356.jpg?resize=300%2C169&amp;ssl=1 300w, https:\/\/i0.wp.com\/www.deuxchevaux.ch\/wordpress\/wp-content\/uploads\/2022\/06\/raid_marokko_22_20220514_191356.jpg?resize=150%2C84&amp;ssl=1 150w, https:\/\/i0.wp.com\/www.deuxchevaux.ch\/wordpress\/wp-content\/uploads\/2022\/06\/raid_marokko_22_20220514_191356.jpg?resize=768%2C432&amp;ssl=1 768w, https:\/\/i0.wp.com\/www.deuxchevaux.ch\/wordpress\/wp-content\/uploads\/2022\/06\/raid_marokko_22_20220514_191356.jpg?resize=1536%2C864&amp;ssl=1 1536w, https:\/\/i0.wp.com\/www.deuxchevaux.ch\/wordpress\/wp-content\/uploads\/2022\/06\/raid_marokko_22_20220514_191356.jpg?resize=2048%2C1152&amp;ssl=1 2048w, https:\/\/i0.wp.com\/www.deuxchevaux.ch\/wordpress\/wp-content\/uploads\/2022\/06\/raid_marokko_22_20220514_191356.jpg?resize=920%2C518&amp;ssl=1 920w, https:\/\/i0.wp.com\/www.deuxchevaux.ch\/wordpress\/wp-content\/uploads\/2022\/06\/raid_marokko_22_20220514_191356.jpg?resize=230%2C129&amp;ssl=1 230w, https:\/\/i0.wp.com\/www.deuxchevaux.ch\/wordpress\/wp-content\/uploads\/2022\/06\/raid_marokko_22_20220514_191356.jpg?resize=350%2C197&amp;ssl=1 350w, https:\/\/i0.wp.com\/www.deuxchevaux.ch\/wordpress\/wp-content\/uploads\/2022\/06\/raid_marokko_22_20220514_191356.jpg?resize=480%2C270&amp;ssl=1 480w\" sizes=\"(max-width: 1024px) 100vw, 1024px\" \/><\/figure>\n\n\n\n<p>Einen <a href=\"https:\/\/www.deuxchevaux.ch\/wordpress\/?p=689\">Reisebericht<\/a> von mir gibt es auf der HP.<\/p>\n\n\n\n<p><strong>2017<\/strong>, nochmals inspiriert durch die tolle Erfahrung, zweite Reise nach Marokko mit Georg Blum. War die erste Reise im Uhrzeigersinn erfolgt, im 2017 dann im Gegenuhrzeigersinn am Atlantik entlang bis Agadir, dann Ostw\u00e4rts dem Anti Atlas entlang in S\u00fcdmarokko bis Merzouga (via Lac Iriki), sowie via Midelt ins Hochland von Ostmarokko bis ans Mittelmeer. Von Al Hoceima (nicht weit von Nador-Melilla wo ebenfalls aus Frankreich und Spanien F\u00e4hren verkehren) der K\u00fcstenstrasse entlang bis hinauf nach Chefchauen, die touristische Attraktion auch des diesj\u00e4hrigen Raid.<\/p>\n\n\n\n<figure class=\"wp-block-image size-large\"><img data-recalc-dims=\"1\" loading=\"lazy\" decoding=\"async\" width=\"1024\" height=\"768\" data-attachment-id=\"6497\" data-permalink=\"https:\/\/www.deuxchevaux.ch\/wordpress\/2cv-raid-marokko-tag-12\/marokko_17_15069865705946\/\" data-orig-file=\"https:\/\/i0.wp.com\/www.deuxchevaux.ch\/wordpress\/wp-content\/uploads\/2017\/10\/Marokko_17_15069865705946.jpg?fit=1024%2C768&amp;ssl=1\" data-orig-size=\"1024,768\" data-comments-opened=\"0\" data-image-meta=\"{&quot;aperture&quot;:&quot;0&quot;,&quot;credit&quot;:&quot;&quot;,&quot;camera&quot;:&quot;&quot;,&quot;caption&quot;:&quot;&quot;,&quot;created_timestamp&quot;:&quot;0&quot;,&quot;copyright&quot;:&quot;&quot;,&quot;focal_length&quot;:&quot;0&quot;,&quot;iso&quot;:&quot;0&quot;,&quot;shutter_speed&quot;:&quot;0&quot;,&quot;title&quot;:&quot;&quot;,&quot;orientation&quot;:&quot;1&quot;}\" data-image-title=\"Marokko 17 15069865705946\" data-image-description=\"\" data-image-caption=\"\" data-medium-file=\"https:\/\/i0.wp.com\/www.deuxchevaux.ch\/wordpress\/wp-content\/uploads\/2017\/10\/Marokko_17_15069865705946.jpg?fit=300%2C225&amp;ssl=1\" data-large-file=\"https:\/\/i0.wp.com\/www.deuxchevaux.ch\/wordpress\/wp-content\/uploads\/2017\/10\/Marokko_17_15069865705946.jpg?fit=1024%2C768&amp;ssl=1\" src=\"https:\/\/i0.wp.com\/www.deuxchevaux.ch\/wordpress\/wp-content\/uploads\/2017\/10\/Marokko_17_15069865705946.jpg?resize=1024%2C768&#038;ssl=1\" alt=\"\" class=\"wp-image-6497\" srcset=\"https:\/\/i0.wp.com\/www.deuxchevaux.ch\/wordpress\/wp-content\/uploads\/2017\/10\/Marokko_17_15069865705946.jpg?w=1024&amp;ssl=1 1024w, https:\/\/i0.wp.com\/www.deuxchevaux.ch\/wordpress\/wp-content\/uploads\/2017\/10\/Marokko_17_15069865705946.jpg?resize=150%2C113&amp;ssl=1 150w, https:\/\/i0.wp.com\/www.deuxchevaux.ch\/wordpress\/wp-content\/uploads\/2017\/10\/Marokko_17_15069865705946.jpg?resize=300%2C225&amp;ssl=1 300w, https:\/\/i0.wp.com\/www.deuxchevaux.ch\/wordpress\/wp-content\/uploads\/2017\/10\/Marokko_17_15069865705946.jpg?resize=768%2C576&amp;ssl=1 768w, https:\/\/i0.wp.com\/www.deuxchevaux.ch\/wordpress\/wp-content\/uploads\/2017\/10\/Marokko_17_15069865705946.jpg?resize=400%2C300&amp;ssl=1 400w\" sizes=\"(max-width: 1024px) 100vw, 1024px\" \/><\/figure>\n\n\n\n<p>Auch von dieser Reise gibt es einen ausf\u00fchrlichen <a href=\"https:\/\/www.deuxchevaux.ch\/wordpress\/?p=6308\">Reisebericht<\/a> als Tagebuch auf der HP, verfasst von Georg und mit Schlusskommentaren von uns beiden..<\/p>\n\n\n\n<p><strong>2022<\/strong> nun das dritte Raid, f\u00fcr den 2CV-Club B\u00e4rn von Georg und mir vermittelt, melden sich definitiv sechs reisefreudige Mann(Frau)schaften aus unserem 2CV-Club B\u00e4rn sowie drei ausw\u00e4rtige Teams.<\/p>\n\n\n\n<p>Begleiten soll uns wie im 2017 Jean Claude Bru (Destination-180 aus Marrakech) und sein Assistent Sadik.<\/p>\n\n\n\n<p>Wir buchen bereits im Januar die F\u00e4hre von GNV (Grandi Navi Veloci) da das Angebot 30% billiger ist. Marokko h\u00e4lt seine Grenzen lange dicht. Erst das Treffen des Premierminister von Spanien, zu Gast beim K\u00f6nig Mohammed VI, befreit den F\u00e4hrverkehr von Spanien, etwas sp\u00e4ter den aus Frankreich und Italien.<\/p>\n\n\n\n<p>FREUDE HERRSCHT!<\/p>\n\n\n\n<figure class=\"wp-block-image size-large\"><img data-recalc-dims=\"1\" loading=\"lazy\" decoding=\"async\" width=\"1024\" height=\"576\" data-attachment-id=\"16519\" data-permalink=\"https:\/\/www.deuxchevaux.ch\/wordpress\/raid-marokko-22-wie-ihn-claudio-erlebte\/raid_marokko_22_20220525_200011\/\" data-orig-file=\"https:\/\/i0.wp.com\/www.deuxchevaux.ch\/wordpress\/wp-content\/uploads\/2022\/06\/raid_marokko_22_20220525_200011.jpg?fit=2133%2C1200&amp;ssl=1\" data-orig-size=\"2133,1200\" data-comments-opened=\"0\" data-image-meta=\"{&quot;aperture&quot;:&quot;1.8&quot;,&quot;credit&quot;:&quot;&quot;,&quot;camera&quot;:&quot;SM-A326B&quot;,&quot;caption&quot;:&quot;&quot;,&quot;created_timestamp&quot;:&quot;1653508811&quot;,&quot;copyright&quot;:&quot;&quot;,&quot;focal_length&quot;:&quot;4.6&quot;,&quot;iso&quot;:&quot;640&quot;,&quot;shutter_speed&quot;:&quot;0.040001&quot;,&quot;title&quot;:&quot;&quot;,&quot;orientation&quot;:&quot;1&quot;}\" data-image-title=\"Raid_Marokko_22_20220525_200011\" data-image-description=\"\" data-image-caption=\"\" data-medium-file=\"https:\/\/i0.wp.com\/www.deuxchevaux.ch\/wordpress\/wp-content\/uploads\/2022\/06\/raid_marokko_22_20220525_200011.jpg?fit=300%2C169&amp;ssl=1\" data-large-file=\"https:\/\/i0.wp.com\/www.deuxchevaux.ch\/wordpress\/wp-content\/uploads\/2022\/06\/raid_marokko_22_20220525_200011.jpg?fit=1024%2C576&amp;ssl=1\" src=\"https:\/\/i0.wp.com\/www.deuxchevaux.ch\/wordpress\/wp-content\/uploads\/2022\/06\/raid_marokko_22_20220525_200011.jpg?resize=1024%2C576&#038;ssl=1\" alt=\"\" class=\"wp-image-16519\" srcset=\"https:\/\/i0.wp.com\/www.deuxchevaux.ch\/wordpress\/wp-content\/uploads\/2022\/06\/raid_marokko_22_20220525_200011.jpg?resize=1024%2C576&amp;ssl=1 1024w, https:\/\/i0.wp.com\/www.deuxchevaux.ch\/wordpress\/wp-content\/uploads\/2022\/06\/raid_marokko_22_20220525_200011.jpg?resize=300%2C169&amp;ssl=1 300w, https:\/\/i0.wp.com\/www.deuxchevaux.ch\/wordpress\/wp-content\/uploads\/2022\/06\/raid_marokko_22_20220525_200011.jpg?resize=150%2C84&amp;ssl=1 150w, https:\/\/i0.wp.com\/www.deuxchevaux.ch\/wordpress\/wp-content\/uploads\/2022\/06\/raid_marokko_22_20220525_200011.jpg?resize=768%2C432&amp;ssl=1 768w, https:\/\/i0.wp.com\/www.deuxchevaux.ch\/wordpress\/wp-content\/uploads\/2022\/06\/raid_marokko_22_20220525_200011.jpg?resize=1536%2C864&amp;ssl=1 1536w, https:\/\/i0.wp.com\/www.deuxchevaux.ch\/wordpress\/wp-content\/uploads\/2022\/06\/raid_marokko_22_20220525_200011.jpg?resize=2048%2C1152&amp;ssl=1 2048w, https:\/\/i0.wp.com\/www.deuxchevaux.ch\/wordpress\/wp-content\/uploads\/2022\/06\/raid_marokko_22_20220525_200011.jpg?resize=920%2C518&amp;ssl=1 920w, https:\/\/i0.wp.com\/www.deuxchevaux.ch\/wordpress\/wp-content\/uploads\/2022\/06\/raid_marokko_22_20220525_200011.jpg?resize=230%2C129&amp;ssl=1 230w, https:\/\/i0.wp.com\/www.deuxchevaux.ch\/wordpress\/wp-content\/uploads\/2022\/06\/raid_marokko_22_20220525_200011.jpg?resize=350%2C197&amp;ssl=1 350w, https:\/\/i0.wp.com\/www.deuxchevaux.ch\/wordpress\/wp-content\/uploads\/2022\/06\/raid_marokko_22_20220525_200011.jpg?resize=480%2C270&amp;ssl=1 480w\" sizes=\"(max-width: 1024px) 100vw, 1024px\" \/><\/figure>\n\n\n\n<p>Die letzten Vorbereitungen an Autos und \u00c8quipages werden vorgenommen. Am 7 Mai Nachmittags sind wir vereint am Quai in Genua bereit zum einschiffen. Die Hafenbeh\u00f6rden tun ihren Dienst der Dokumenten- Covidkontrolle und nach langem warten verschwinden unsere Lieblinge im Bauch der \u00abFantastic\u00bb. Eine Erlebnisreise hat Ihren Beginn!<\/p>\n\n\n\n<p>Ich schliesse hier meinen Bericht ab und lasse gerne neue Eindr\u00fccke und Erlebnisse durch die erstmaligen Mitreisenden erz\u00e4hlen. Der Geschehnisse gibt es viele. Die Landschaft welche eindr\u00fccklich auf uns einwirkt, der Besuch von uns unbekannten und geschichtlich interessanten Orten wie Volubilis; F\u00e8z, Midelt, Gorge du Todra, Zagora, das W\u00fcstenzelt in Erg Che GaGa, Foum-Zguid, Tissint, Tata, Icht und die \u00abGreniers\u00bb, Tafraout, Agadir, Marrakech, schliesslich Rabat mit dem eindr\u00fccklichen TGV-Bahnhof und wieder Tanger Med.<\/p>\n\n\n\n<p>Es war toll mit Euch Allen zusammen diese etwas beschwerliche Reise, sie dauerte immerhin drei Wochen lang, gemeinsam zu erleben.<\/p>\n\n\n\n<p><em>(* erh\u00e4ltlich beim Verlag \u00ab2CV-Plan\u00e8te\u00bb<\/em><br \/>1970 Raid Paris \u2013 Persepolis \u2013 Paris<br \/>1971 Raid Paris &#8211; Kabul &#8211; Paris<br \/>1973 Raid Afrique von Abidjan (Elfenbeink\u00fcste) nach Tunis<\/p>\n\n\n\n<figure class=\"wp-block-image size-large\"><img data-recalc-dims=\"1\" loading=\"lazy\" decoding=\"async\" width=\"1024\" height=\"768\" data-attachment-id=\"16518\" data-permalink=\"https:\/\/www.deuxchevaux.ch\/wordpress\/raid-marokko-22-wie-ihn-claudio-erlebte\/raid_marokko_22_20220513_122110855_ios\/\" data-orig-file=\"https:\/\/i0.wp.com\/www.deuxchevaux.ch\/wordpress\/wp-content\/uploads\/2022\/06\/raid_marokko_22_20220513_122110855_ios.jpg?fit=1600%2C1200&amp;ssl=1\" data-orig-size=\"1600,1200\" data-comments-opened=\"0\" data-image-meta=\"{&quot;aperture&quot;:&quot;1.8&quot;,&quot;credit&quot;:&quot;&quot;,&quot;camera&quot;:&quot;iPhone SE (2nd generation)&quot;,&quot;caption&quot;:&quot;&quot;,&quot;created_timestamp&quot;:&quot;1652448071&quot;,&quot;copyright&quot;:&quot;&quot;,&quot;focal_length&quot;:&quot;3.99&quot;,&quot;iso&quot;:&quot;20&quot;,&quot;shutter_speed&quot;:&quot;0.00037495313085864&quot;,&quot;title&quot;:&quot;&quot;,&quot;orientation&quot;:&quot;1&quot;}\" data-image-title=\"Raid_Marokko_22_20220513_122110855_iOS\" data-image-description=\"\" data-image-caption=\"\" data-medium-file=\"https:\/\/i0.wp.com\/www.deuxchevaux.ch\/wordpress\/wp-content\/uploads\/2022\/06\/raid_marokko_22_20220513_122110855_ios.jpg?fit=300%2C225&amp;ssl=1\" data-large-file=\"https:\/\/i0.wp.com\/www.deuxchevaux.ch\/wordpress\/wp-content\/uploads\/2022\/06\/raid_marokko_22_20220513_122110855_ios.jpg?fit=1024%2C768&amp;ssl=1\" src=\"https:\/\/i0.wp.com\/www.deuxchevaux.ch\/wordpress\/wp-content\/uploads\/2022\/06\/raid_marokko_22_20220513_122110855_ios.jpg?resize=1024%2C768&#038;ssl=1\" alt=\"\" class=\"wp-image-16518\" srcset=\"https:\/\/i0.wp.com\/www.deuxchevaux.ch\/wordpress\/wp-content\/uploads\/2022\/06\/raid_marokko_22_20220513_122110855_ios.jpg?resize=1024%2C768&amp;ssl=1 1024w, https:\/\/i0.wp.com\/www.deuxchevaux.ch\/wordpress\/wp-content\/uploads\/2022\/06\/raid_marokko_22_20220513_122110855_ios.jpg?resize=300%2C225&amp;ssl=1 300w, https:\/\/i0.wp.com\/www.deuxchevaux.ch\/wordpress\/wp-content\/uploads\/2022\/06\/raid_marokko_22_20220513_122110855_ios.jpg?resize=150%2C113&amp;ssl=1 150w, https:\/\/i0.wp.com\/www.deuxchevaux.ch\/wordpress\/wp-content\/uploads\/2022\/06\/raid_marokko_22_20220513_122110855_ios.jpg?resize=768%2C576&amp;ssl=1 768w, https:\/\/i0.wp.com\/www.deuxchevaux.ch\/wordpress\/wp-content\/uploads\/2022\/06\/raid_marokko_22_20220513_122110855_ios.jpg?resize=1536%2C1152&amp;ssl=1 1536w, https:\/\/i0.wp.com\/www.deuxchevaux.ch\/wordpress\/wp-content\/uploads\/2022\/06\/raid_marokko_22_20220513_122110855_ios.jpg?resize=920%2C690&amp;ssl=1 920w, https:\/\/i0.wp.com\/www.deuxchevaux.ch\/wordpress\/wp-content\/uploads\/2022\/06\/raid_marokko_22_20220513_122110855_ios.jpg?resize=230%2C173&amp;ssl=1 230w, https:\/\/i0.wp.com\/www.deuxchevaux.ch\/wordpress\/wp-content\/uploads\/2022\/06\/raid_marokko_22_20220513_122110855_ios.jpg?resize=350%2C263&amp;ssl=1 350w, https:\/\/i0.wp.com\/www.deuxchevaux.ch\/wordpress\/wp-content\/uploads\/2022\/06\/raid_marokko_22_20220513_122110855_ios.jpg?resize=480%2C360&amp;ssl=1 480w, https:\/\/i0.wp.com\/www.deuxchevaux.ch\/wordpress\/wp-content\/uploads\/2022\/06\/raid_marokko_22_20220513_122110855_ios.jpg?w=1600&amp;ssl=1 1600w\" sizes=\"(max-width: 1024px) 100vw, 1024px\" \/><\/figure>\n\n\n\n<p>Der Autor dieses Erlebnisberichtes ist\u00a0<em>Claudio\u00a0vom Team 2<\/em>. Vielen Dank! Die Bilder dazu findet ihr den beiden Ordnern\u00a0<a rel=\"noreferrer noopener\" href=\"https:\/\/1drv.ms\/f\/s!AgoezRGZqWVSrvEIVHLL4mhLDHi4cg\" target=\"_blank\">Fotos Marokko 22<\/a>\u00a0und\u00a0<a rel=\"noreferrer noopener\" href=\"https:\/\/1drv.ms\/f\/s!AgoezRGZqWVSrvEpANVzO4Y9pY4lPQ\" target=\"_blank\">Videos Marokko 22<\/a>. Zu der immensen Foto- und Videosammlung haben alle Teams beigetragen. Im Moment gibt es 2\u2019093 Bilder und 23 Videos!<\/p>\n\n\n\n<figure class=\"wp-block-image size-large\"><img data-recalc-dims=\"1\" loading=\"lazy\" decoding=\"async\" width=\"1024\" height=\"576\" data-attachment-id=\"16520\" data-permalink=\"https:\/\/www.deuxchevaux.ch\/wordpress\/raid-marokko-22-wie-ihn-claudio-erlebte\/raid_marokko_22_20220518_125802\/\" data-orig-file=\"https:\/\/i0.wp.com\/www.deuxchevaux.ch\/wordpress\/wp-content\/uploads\/2022\/06\/raid_marokko_22_20220518_125802.jpg?fit=2133%2C1200&amp;ssl=1\" data-orig-size=\"2133,1200\" data-comments-opened=\"0\" data-image-meta=\"{&quot;aperture&quot;:&quot;1.8&quot;,&quot;credit&quot;:&quot;&quot;,&quot;camera&quot;:&quot;SM-A326B&quot;,&quot;caption&quot;:&quot;&quot;,&quot;created_timestamp&quot;:&quot;1652878682&quot;,&quot;copyright&quot;:&quot;&quot;,&quot;focal_length&quot;:&quot;4.6&quot;,&quot;iso&quot;:&quot;32&quot;,&quot;shutter_speed&quot;:&quot;0.001371&quot;,&quot;title&quot;:&quot;&quot;,&quot;orientation&quot;:&quot;1&quot;}\" data-image-title=\"Raid_Marokko_22_20220518_125802\" data-image-description=\"\" data-image-caption=\"\" data-medium-file=\"https:\/\/i0.wp.com\/www.deuxchevaux.ch\/wordpress\/wp-content\/uploads\/2022\/06\/raid_marokko_22_20220518_125802.jpg?fit=300%2C169&amp;ssl=1\" data-large-file=\"https:\/\/i0.wp.com\/www.deuxchevaux.ch\/wordpress\/wp-content\/uploads\/2022\/06\/raid_marokko_22_20220518_125802.jpg?fit=1024%2C576&amp;ssl=1\" src=\"https:\/\/i0.wp.com\/www.deuxchevaux.ch\/wordpress\/wp-content\/uploads\/2022\/06\/raid_marokko_22_20220518_125802.jpg?resize=1024%2C576&#038;ssl=1\" alt=\"\" class=\"wp-image-16520\" srcset=\"https:\/\/i0.wp.com\/www.deuxchevaux.ch\/wordpress\/wp-content\/uploads\/2022\/06\/raid_marokko_22_20220518_125802.jpg?resize=1024%2C576&amp;ssl=1 1024w, https:\/\/i0.wp.com\/www.deuxchevaux.ch\/wordpress\/wp-content\/uploads\/2022\/06\/raid_marokko_22_20220518_125802.jpg?resize=300%2C169&amp;ssl=1 300w, https:\/\/i0.wp.com\/www.deuxchevaux.ch\/wordpress\/wp-content\/uploads\/2022\/06\/raid_marokko_22_20220518_125802.jpg?resize=150%2C84&amp;ssl=1 150w, https:\/\/i0.wp.com\/www.deuxchevaux.ch\/wordpress\/wp-content\/uploads\/2022\/06\/raid_marokko_22_20220518_125802.jpg?resize=768%2C432&amp;ssl=1 768w, https:\/\/i0.wp.com\/www.deuxchevaux.ch\/wordpress\/wp-content\/uploads\/2022\/06\/raid_marokko_22_20220518_125802.jpg?resize=1536%2C864&amp;ssl=1 1536w, https:\/\/i0.wp.com\/www.deuxchevaux.ch\/wordpress\/wp-content\/uploads\/2022\/06\/raid_marokko_22_20220518_125802.jpg?resize=2048%2C1152&amp;ssl=1 2048w, https:\/\/i0.wp.com\/www.deuxchevaux.ch\/wordpress\/wp-content\/uploads\/2022\/06\/raid_marokko_22_20220518_125802.jpg?resize=920%2C518&amp;ssl=1 920w, https:\/\/i0.wp.com\/www.deuxchevaux.ch\/wordpress\/wp-content\/uploads\/2022\/06\/raid_marokko_22_20220518_125802.jpg?resize=230%2C129&amp;ssl=1 230w, https:\/\/i0.wp.com\/www.deuxchevaux.ch\/wordpress\/wp-content\/uploads\/2022\/06\/raid_marokko_22_20220518_125802.jpg?resize=350%2C197&amp;ssl=1 350w, https:\/\/i0.wp.com\/www.deuxchevaux.ch\/wordpress\/wp-content\/uploads\/2022\/06\/raid_marokko_22_20220518_125802.jpg?resize=480%2C270&amp;ssl=1 480w\" sizes=\"(max-width: 1024px) 100vw, 1024px\" \/><\/figure>\n","protected":false},"excerpt":{"rendered":"<p>2015, im Jahr meines 70zigten, schenkte mir Madeleine, meine Frau, die Reise nach Marokko mit einer Gruppe Bretonen. Inspiriert war ich durch [&hellip;]<\/p>\n","protected":false},"author":1,"featured_media":16516,"comment_status":"closed","ping_status":"closed","sticky":false,"template":"","format":"standard","meta":{"_jetpack_memberships_contains_paid_content":false,"footnotes":""},"categories":[1,9],"tags":[],"class_list":["post-16512","post","type-post","status-publish","format-standard","has-post-thumbnail","hentry","category-club","category-reise"],"jetpack_featured_media_url":"https:\/\/i0.wp.com\/www.deuxchevaux.ch\/wordpress\/wp-content\/uploads\/2022\/06\/raid_marokko_22_20220511_150252.jpg?fit=2133%2C1200&ssl=1","jetpack_sharing_enabled":true,"_links":{"self":[{"href":"https:\/\/www.deuxchevaux.ch\/wordpress\/wp-json\/wp\/v2\/posts\/16512"}],"collection":[{"href":"https:\/\/www.deuxchevaux.ch\/wordpress\/wp-json\/wp\/v2\/posts"}],"about":[{"href":"https:\/\/www.deuxchevaux.ch\/wordpress\/wp-json\/wp\/v2\/types\/post"}],"author":[{"embeddable":true,"href":"https:\/\/www.deuxchevaux.ch\/wordpress\/wp-json\/wp\/v2\/users\/1"}],"replies":[{"embeddable":true,"href":"https:\/\/www.deuxchevaux.ch\/wordpress\/wp-json\/wp\/v2\/comments?post=16512"}],"version-history":[{"count":5,"href":"https:\/\/www.deuxchevaux.ch\/wordpress\/wp-json\/wp\/v2\/posts\/16512\/revisions"}],"predecessor-version":[{"id":16535,"href":"https:\/\/www.deuxchevaux.ch\/wordpress\/wp-json\/wp\/v2\/posts\/16512\/revisions\/16535"}],"wp:featuredmedia":[{"embeddable":true,"href":"https:\/\/www.deuxchevaux.ch\/wordpress\/wp-json\/wp\/v2\/media\/16516"}],"wp:attachment":[{"href":"https:\/\/www.deuxchevaux.ch\/wordpress\/wp-json\/wp\/v2\/media?parent=16512"}],"wp:term":[{"taxonomy":"category","embeddable":true,"href":"https:\/\/www.deuxchevaux.ch\/wordpress\/wp-json\/wp\/v2\/categories?post=16512"},{"taxonomy":"post_tag","embeddable":true,"href":"https:\/\/www.deuxchevaux.ch\/wordpress\/wp-json\/wp\/v2\/tags?post=16512"}],"curies":[{"name":"wp","href":"https:\/\/api.w.org\/{rel}","templated":true}]}}