{"id":16590,"date":"2022-07-16T16:21:51","date_gmt":"2022-07-16T14:21:51","guid":{"rendered":"https:\/\/www.deuxchevaux.ch\/wordpress\/?p=16590"},"modified":"2022-09-27T18:06:05","modified_gmt":"2022-09-27T16:06:05","slug":"raid-marokko-22-wie-ihn-ruth-und-nello-erlebten","status":"publish","type":"post","link":"https:\/\/www.deuxchevaux.ch\/wordpress\/raid-marokko-22-wie-ihn-ruth-und-nello-erlebten\/","title":{"rendered":"Raid Marokko 22 \u2013 wie ihn Ruth und Nello erlebten"},"content":{"rendered":"\n<p>Wir starteten am 15. 4. 22 zusammen mit Bernadette Florio um auf dem Landweg nach Alceceira und mit der F\u00e4hre nach Tanger Med zu gelangen.<\/p>\n\n\n\n<figure class=\"wp-block-image size-large\"><img data-recalc-dims=\"1\" loading=\"lazy\" decoding=\"async\" width=\"1024\" height=\"576\" data-attachment-id=\"16620\" data-permalink=\"https:\/\/www.deuxchevaux.ch\/wordpress\/raid-marokko-22-wie-ihn-ruth-und-nello-erlebten\/raid_marokko_22_20220509_113520\/\" data-orig-file=\"https:\/\/i0.wp.com\/www.deuxchevaux.ch\/wordpress\/wp-content\/uploads\/2022\/07\/raid_marokko_22_20220509_113520.jpg?fit=2133%2C1200&amp;ssl=1\" data-orig-size=\"2133,1200\" data-comments-opened=\"0\" data-image-meta=\"{&quot;aperture&quot;:&quot;1.7&quot;,&quot;credit&quot;:&quot;&quot;,&quot;camera&quot;:&quot;SM-G930F&quot;,&quot;caption&quot;:&quot;&quot;,&quot;created_timestamp&quot;:&quot;1652096120&quot;,&quot;copyright&quot;:&quot;&quot;,&quot;focal_length&quot;:&quot;4.2&quot;,&quot;iso&quot;:&quot;50&quot;,&quot;shutter_speed&quot;:&quot;0.00025406504065041&quot;,&quot;title&quot;:&quot;&quot;,&quot;orientation&quot;:&quot;1&quot;}\" data-image-title=\"Raid_Marokko_22_20220509_113520\" data-image-description=\"\" data-image-caption=\"\" data-medium-file=\"https:\/\/i0.wp.com\/www.deuxchevaux.ch\/wordpress\/wp-content\/uploads\/2022\/07\/raid_marokko_22_20220509_113520.jpg?fit=300%2C169&amp;ssl=1\" data-large-file=\"https:\/\/i0.wp.com\/www.deuxchevaux.ch\/wordpress\/wp-content\/uploads\/2022\/07\/raid_marokko_22_20220509_113520.jpg?fit=1024%2C576&amp;ssl=1\" src=\"https:\/\/i0.wp.com\/www.deuxchevaux.ch\/wordpress\/wp-content\/uploads\/2022\/07\/raid_marokko_22_20220509_113520.jpg?resize=1024%2C576&#038;ssl=1\" alt=\"\" class=\"wp-image-16620\" srcset=\"https:\/\/i0.wp.com\/www.deuxchevaux.ch\/wordpress\/wp-content\/uploads\/2022\/07\/raid_marokko_22_20220509_113520.jpg?resize=1024%2C576&amp;ssl=1 1024w, https:\/\/i0.wp.com\/www.deuxchevaux.ch\/wordpress\/wp-content\/uploads\/2022\/07\/raid_marokko_22_20220509_113520.jpg?resize=300%2C169&amp;ssl=1 300w, https:\/\/i0.wp.com\/www.deuxchevaux.ch\/wordpress\/wp-content\/uploads\/2022\/07\/raid_marokko_22_20220509_113520.jpg?resize=150%2C84&amp;ssl=1 150w, https:\/\/i0.wp.com\/www.deuxchevaux.ch\/wordpress\/wp-content\/uploads\/2022\/07\/raid_marokko_22_20220509_113520.jpg?resize=768%2C432&amp;ssl=1 768w, https:\/\/i0.wp.com\/www.deuxchevaux.ch\/wordpress\/wp-content\/uploads\/2022\/07\/raid_marokko_22_20220509_113520.jpg?resize=1536%2C864&amp;ssl=1 1536w, https:\/\/i0.wp.com\/www.deuxchevaux.ch\/wordpress\/wp-content\/uploads\/2022\/07\/raid_marokko_22_20220509_113520.jpg?resize=2048%2C1152&amp;ssl=1 2048w, https:\/\/i0.wp.com\/www.deuxchevaux.ch\/wordpress\/wp-content\/uploads\/2022\/07\/raid_marokko_22_20220509_113520.jpg?resize=920%2C518&amp;ssl=1 920w, https:\/\/i0.wp.com\/www.deuxchevaux.ch\/wordpress\/wp-content\/uploads\/2022\/07\/raid_marokko_22_20220509_113520.jpg?resize=230%2C129&amp;ssl=1 230w, https:\/\/i0.wp.com\/www.deuxchevaux.ch\/wordpress\/wp-content\/uploads\/2022\/07\/raid_marokko_22_20220509_113520.jpg?resize=350%2C197&amp;ssl=1 350w, https:\/\/i0.wp.com\/www.deuxchevaux.ch\/wordpress\/wp-content\/uploads\/2022\/07\/raid_marokko_22_20220509_113520.jpg?resize=480%2C270&amp;ssl=1 480w\" sizes=\"(max-width: 1024px) 100vw, 1024px\" \/><\/figure>\n\n\n\n<p>9.5.22 Wir waren etwas fr\u00fcher im Hotel Villa Marine in Ksar Sghir. Unsere \u00dcberfahrt mit der F\u00e4hre dauerte auch nur 1 \u00bd Std. So hatten wir gen\u00fcgend Zeit uns einzunisten und dann nat\u00fcrlich gespannt auf den Rest der Gruppe und unsere Reiseleitung zu warten. Ein Teil der 2CV wurden im Innenhof des Nachbargeb\u00e4udes einparkiert. Nach einer feinen Lasagne und einem Glas Wein verbrachten wir unsere 1. Nacht auf dem afrikanischen Kontinent.<\/p>\n\n\n\n<figure class=\"wp-block-image size-large\"><img data-recalc-dims=\"1\" loading=\"lazy\" decoding=\"async\" width=\"1024\" height=\"576\" data-attachment-id=\"16596\" data-permalink=\"https:\/\/www.deuxchevaux.ch\/wordpress\/raid-marokko-22-wie-ihn-ruth-und-nello-erlebten\/raid_marokko_22_20220509_211922\/\" data-orig-file=\"https:\/\/i0.wp.com\/www.deuxchevaux.ch\/wordpress\/wp-content\/uploads\/2022\/07\/raid_marokko_22_20220509_211922.jpg?fit=2133%2C1200&amp;ssl=1\" data-orig-size=\"2133,1200\" data-comments-opened=\"0\" data-image-meta=\"{&quot;aperture&quot;:&quot;1.7&quot;,&quot;credit&quot;:&quot;&quot;,&quot;camera&quot;:&quot;SM-G930F&quot;,&quot;caption&quot;:&quot;&quot;,&quot;created_timestamp&quot;:&quot;1652131162&quot;,&quot;copyright&quot;:&quot;&quot;,&quot;focal_length&quot;:&quot;4.2&quot;,&quot;iso&quot;:&quot;64&quot;,&quot;shutter_speed&quot;:&quot;0.02&quot;,&quot;title&quot;:&quot;&quot;,&quot;orientation&quot;:&quot;1&quot;}\" data-image-title=\"Raid_Marokko_22_20220509_211922\" data-image-description=\"\" data-image-caption=\"\" data-medium-file=\"https:\/\/i0.wp.com\/www.deuxchevaux.ch\/wordpress\/wp-content\/uploads\/2022\/07\/raid_marokko_22_20220509_211922.jpg?fit=300%2C169&amp;ssl=1\" data-large-file=\"https:\/\/i0.wp.com\/www.deuxchevaux.ch\/wordpress\/wp-content\/uploads\/2022\/07\/raid_marokko_22_20220509_211922.jpg?fit=1024%2C576&amp;ssl=1\" src=\"https:\/\/i0.wp.com\/www.deuxchevaux.ch\/wordpress\/wp-content\/uploads\/2022\/07\/raid_marokko_22_20220509_211922.jpg?resize=1024%2C576&#038;ssl=1\" alt=\"\" class=\"wp-image-16596\" srcset=\"https:\/\/i0.wp.com\/www.deuxchevaux.ch\/wordpress\/wp-content\/uploads\/2022\/07\/raid_marokko_22_20220509_211922.jpg?resize=1024%2C576&amp;ssl=1 1024w, https:\/\/i0.wp.com\/www.deuxchevaux.ch\/wordpress\/wp-content\/uploads\/2022\/07\/raid_marokko_22_20220509_211922.jpg?resize=300%2C169&amp;ssl=1 300w, https:\/\/i0.wp.com\/www.deuxchevaux.ch\/wordpress\/wp-content\/uploads\/2022\/07\/raid_marokko_22_20220509_211922.jpg?resize=150%2C84&amp;ssl=1 150w, https:\/\/i0.wp.com\/www.deuxchevaux.ch\/wordpress\/wp-content\/uploads\/2022\/07\/raid_marokko_22_20220509_211922.jpg?resize=768%2C432&amp;ssl=1 768w, https:\/\/i0.wp.com\/www.deuxchevaux.ch\/wordpress\/wp-content\/uploads\/2022\/07\/raid_marokko_22_20220509_211922.jpg?resize=1536%2C864&amp;ssl=1 1536w, https:\/\/i0.wp.com\/www.deuxchevaux.ch\/wordpress\/wp-content\/uploads\/2022\/07\/raid_marokko_22_20220509_211922.jpg?resize=2048%2C1152&amp;ssl=1 2048w, https:\/\/i0.wp.com\/www.deuxchevaux.ch\/wordpress\/wp-content\/uploads\/2022\/07\/raid_marokko_22_20220509_211922.jpg?resize=920%2C518&amp;ssl=1 920w, https:\/\/i0.wp.com\/www.deuxchevaux.ch\/wordpress\/wp-content\/uploads\/2022\/07\/raid_marokko_22_20220509_211922.jpg?resize=230%2C129&amp;ssl=1 230w, https:\/\/i0.wp.com\/www.deuxchevaux.ch\/wordpress\/wp-content\/uploads\/2022\/07\/raid_marokko_22_20220509_211922.jpg?resize=350%2C197&amp;ssl=1 350w, https:\/\/i0.wp.com\/www.deuxchevaux.ch\/wordpress\/wp-content\/uploads\/2022\/07\/raid_marokko_22_20220509_211922.jpg?resize=480%2C270&amp;ssl=1 480w\" sizes=\"(max-width: 1024px) 100vw, 1024px\" \/><\/figure>\n\n\n\n<p>10.5.22 Unsere Fahrt f\u00fchrte uns \u00fcber gr\u00fcne H\u00fcgel und entlang der K\u00fcste \u00fcber Fnideq und Tetquan nach Chefchaou\u00e8n, der blauen Stadt. Auf Anraten des Hotelier der Villa Marine tankten wir unsere Gef\u00e4hrte nicht in Ksar Sghir auf wo das Benzin meistens verschmutzt und gestreckt ist, sondern etwas weiter entfernt Richtung Fnideq. Ein Erlebnis, wenn die Tankstelle von so vielen bunten Autos \u00abgeschwemmt\u00bb wird. Die Tankwarte waren etwas \u00fcberfordert mit tanken und bezahlen bevor die n\u00e4chste Tankf\u00fcllung in Angriff genommen wurde und der Z\u00e4hler wieder auf Null gestellt war. Wir \u00fcbten uns im Konvoi fahren, was gar nicht so einfach war. Das mit dem Navi klappte auch nicht sehr gut und der Funk blieb bei einigen stumm. Die Landschaft war sehr gr\u00fcn. Wir fuhren an Stauseen vorbei, die als Wasserspeicher f\u00fcr die Bev\u00f6lkerung dienten. Verschwitzt und m\u00fcde kamen wir in Chefchaou\u00e8n an. Die Autos wurden parkiert und ein Parkplatzw\u00e4chter engagiert. Wir machten uns auf Entdeckungsreise durch die wunderbare blaue Stadt mit Ihren vielen Gassen. Wir h\u00f6rten den Gebetsruf von 17 Moscheen, was sehr interessant war. Es war vor allem nicht synchron und einige Stimmen t\u00f6nten eher kr\u00e4chzend als singend.<\/p>\n\n\n\n<figure class=\"wp-block-image size-large\"><img data-recalc-dims=\"1\" loading=\"lazy\" decoding=\"async\" width=\"1024\" height=\"576\" data-attachment-id=\"16597\" data-permalink=\"https:\/\/www.deuxchevaux.ch\/wordpress\/raid-marokko-22-wie-ihn-ruth-und-nello-erlebten\/raid_marokko_22_20220510_1754380\/\" data-orig-file=\"https:\/\/i0.wp.com\/www.deuxchevaux.ch\/wordpress\/wp-content\/uploads\/2022\/07\/raid_marokko_22_20220510_1754380.jpg?fit=2133%2C1200&amp;ssl=1\" data-orig-size=\"2133,1200\" data-comments-opened=\"0\" data-image-meta=\"{&quot;aperture&quot;:&quot;1.7&quot;,&quot;credit&quot;:&quot;&quot;,&quot;camera&quot;:&quot;SM-G930F&quot;,&quot;caption&quot;:&quot;&quot;,&quot;created_timestamp&quot;:&quot;1652205278&quot;,&quot;copyright&quot;:&quot;&quot;,&quot;focal_length&quot;:&quot;4.2&quot;,&quot;iso&quot;:&quot;50&quot;,&quot;shutter_speed&quot;:&quot;0.0040485829959514&quot;,&quot;title&quot;:&quot;&quot;,&quot;orientation&quot;:&quot;1&quot;}\" data-image-title=\"Raid_Marokko_22_20220510_1754380\" data-image-description=\"\" data-image-caption=\"\" data-medium-file=\"https:\/\/i0.wp.com\/www.deuxchevaux.ch\/wordpress\/wp-content\/uploads\/2022\/07\/raid_marokko_22_20220510_1754380.jpg?fit=300%2C169&amp;ssl=1\" data-large-file=\"https:\/\/i0.wp.com\/www.deuxchevaux.ch\/wordpress\/wp-content\/uploads\/2022\/07\/raid_marokko_22_20220510_1754380.jpg?fit=1024%2C576&amp;ssl=1\" src=\"https:\/\/i0.wp.com\/www.deuxchevaux.ch\/wordpress\/wp-content\/uploads\/2022\/07\/raid_marokko_22_20220510_1754380.jpg?resize=1024%2C576&#038;ssl=1\" alt=\"\" class=\"wp-image-16597\" srcset=\"https:\/\/i0.wp.com\/www.deuxchevaux.ch\/wordpress\/wp-content\/uploads\/2022\/07\/raid_marokko_22_20220510_1754380.jpg?resize=1024%2C576&amp;ssl=1 1024w, https:\/\/i0.wp.com\/www.deuxchevaux.ch\/wordpress\/wp-content\/uploads\/2022\/07\/raid_marokko_22_20220510_1754380.jpg?resize=300%2C169&amp;ssl=1 300w, https:\/\/i0.wp.com\/www.deuxchevaux.ch\/wordpress\/wp-content\/uploads\/2022\/07\/raid_marokko_22_20220510_1754380.jpg?resize=150%2C84&amp;ssl=1 150w, https:\/\/i0.wp.com\/www.deuxchevaux.ch\/wordpress\/wp-content\/uploads\/2022\/07\/raid_marokko_22_20220510_1754380.jpg?resize=768%2C432&amp;ssl=1 768w, https:\/\/i0.wp.com\/www.deuxchevaux.ch\/wordpress\/wp-content\/uploads\/2022\/07\/raid_marokko_22_20220510_1754380.jpg?resize=1536%2C864&amp;ssl=1 1536w, https:\/\/i0.wp.com\/www.deuxchevaux.ch\/wordpress\/wp-content\/uploads\/2022\/07\/raid_marokko_22_20220510_1754380.jpg?resize=2048%2C1152&amp;ssl=1 2048w, https:\/\/i0.wp.com\/www.deuxchevaux.ch\/wordpress\/wp-content\/uploads\/2022\/07\/raid_marokko_22_20220510_1754380.jpg?resize=920%2C518&amp;ssl=1 920w, https:\/\/i0.wp.com\/www.deuxchevaux.ch\/wordpress\/wp-content\/uploads\/2022\/07\/raid_marokko_22_20220510_1754380.jpg?resize=230%2C129&amp;ssl=1 230w, https:\/\/i0.wp.com\/www.deuxchevaux.ch\/wordpress\/wp-content\/uploads\/2022\/07\/raid_marokko_22_20220510_1754380.jpg?resize=350%2C197&amp;ssl=1 350w, https:\/\/i0.wp.com\/www.deuxchevaux.ch\/wordpress\/wp-content\/uploads\/2022\/07\/raid_marokko_22_20220510_1754380.jpg?resize=480%2C270&amp;ssl=1 480w\" sizes=\"(max-width: 1024px) 100vw, 1024px\" \/><\/figure>\n\n\n\n<p>11.5.22 Ziel heute Fes. Wieder fuhren wir durch gr\u00fcne Landschaft \u00fcber Quezzane nach Volubilis. Diese alte R\u00f6merst\u00e4dte ist relativ gut erhalten. Wir genossen die Anlage auf eigene Faust ohne F\u00fchrer. Jeder Baum mit seinem Schatten war willkommen. Die hohen Temperaturen waren wir uns definitiv noch nicht gewohnt. Das Mittagessen nahmen wir am Rande des Marktes in Moulay-Idriss ein. Tische wurden zusammengeschoben, St\u00fchle herangeschleppt. Der Wirt liess das Essen in einer nahegelegenen K\u00fcche bereitstellen. Unsere Autos waren auf dem ganzen Platz verteilt und wurden nat\u00fcrlich wieder bewacht. Alles wunderbar. Die Fahrt ging weiter nach Fes. Unser Hotel hatte einen abgeschlossenen Innenhof wo wir unsere Autos parkieren konnten. Nach dem Zimmerbezug war ein Bad im Pool angesagt. Das tat gut, genauso wie das erfrischende Bier.<\/p>\n\n\n\n<figure class=\"wp-block-image size-large\"><img data-recalc-dims=\"1\" loading=\"lazy\" decoding=\"async\" width=\"1024\" height=\"576\" data-attachment-id=\"16598\" data-permalink=\"https:\/\/www.deuxchevaux.ch\/wordpress\/raid-marokko-22-wie-ihn-ruth-und-nello-erlebten\/raid_marokko_22_20220511_132731\/\" data-orig-file=\"https:\/\/i0.wp.com\/www.deuxchevaux.ch\/wordpress\/wp-content\/uploads\/2022\/07\/raid_marokko_22_20220511_132731.jpg?fit=2133%2C1200&amp;ssl=1\" data-orig-size=\"2133,1200\" data-comments-opened=\"0\" data-image-meta=\"{&quot;aperture&quot;:&quot;1.7&quot;,&quot;credit&quot;:&quot;&quot;,&quot;camera&quot;:&quot;SM-G930F&quot;,&quot;caption&quot;:&quot;&quot;,&quot;created_timestamp&quot;:&quot;1652275651&quot;,&quot;copyright&quot;:&quot;&quot;,&quot;focal_length&quot;:&quot;4.2&quot;,&quot;iso&quot;:&quot;50&quot;,&quot;shutter_speed&quot;:&quot;0.00029976019184652&quot;,&quot;title&quot;:&quot;&quot;,&quot;orientation&quot;:&quot;1&quot;}\" data-image-title=\"Raid_Marokko_22_20220511_132731\" data-image-description=\"\" data-image-caption=\"\" data-medium-file=\"https:\/\/i0.wp.com\/www.deuxchevaux.ch\/wordpress\/wp-content\/uploads\/2022\/07\/raid_marokko_22_20220511_132731.jpg?fit=300%2C169&amp;ssl=1\" data-large-file=\"https:\/\/i0.wp.com\/www.deuxchevaux.ch\/wordpress\/wp-content\/uploads\/2022\/07\/raid_marokko_22_20220511_132731.jpg?fit=1024%2C576&amp;ssl=1\" src=\"https:\/\/i0.wp.com\/www.deuxchevaux.ch\/wordpress\/wp-content\/uploads\/2022\/07\/raid_marokko_22_20220511_132731.jpg?resize=1024%2C576&#038;ssl=1\" alt=\"\" class=\"wp-image-16598\" srcset=\"https:\/\/i0.wp.com\/www.deuxchevaux.ch\/wordpress\/wp-content\/uploads\/2022\/07\/raid_marokko_22_20220511_132731.jpg?resize=1024%2C576&amp;ssl=1 1024w, https:\/\/i0.wp.com\/www.deuxchevaux.ch\/wordpress\/wp-content\/uploads\/2022\/07\/raid_marokko_22_20220511_132731.jpg?resize=300%2C169&amp;ssl=1 300w, https:\/\/i0.wp.com\/www.deuxchevaux.ch\/wordpress\/wp-content\/uploads\/2022\/07\/raid_marokko_22_20220511_132731.jpg?resize=150%2C84&amp;ssl=1 150w, https:\/\/i0.wp.com\/www.deuxchevaux.ch\/wordpress\/wp-content\/uploads\/2022\/07\/raid_marokko_22_20220511_132731.jpg?resize=768%2C432&amp;ssl=1 768w, https:\/\/i0.wp.com\/www.deuxchevaux.ch\/wordpress\/wp-content\/uploads\/2022\/07\/raid_marokko_22_20220511_132731.jpg?resize=1536%2C864&amp;ssl=1 1536w, https:\/\/i0.wp.com\/www.deuxchevaux.ch\/wordpress\/wp-content\/uploads\/2022\/07\/raid_marokko_22_20220511_132731.jpg?resize=2048%2C1152&amp;ssl=1 2048w, https:\/\/i0.wp.com\/www.deuxchevaux.ch\/wordpress\/wp-content\/uploads\/2022\/07\/raid_marokko_22_20220511_132731.jpg?resize=920%2C518&amp;ssl=1 920w, https:\/\/i0.wp.com\/www.deuxchevaux.ch\/wordpress\/wp-content\/uploads\/2022\/07\/raid_marokko_22_20220511_132731.jpg?resize=230%2C129&amp;ssl=1 230w, https:\/\/i0.wp.com\/www.deuxchevaux.ch\/wordpress\/wp-content\/uploads\/2022\/07\/raid_marokko_22_20220511_132731.jpg?resize=350%2C197&amp;ssl=1 350w, https:\/\/i0.wp.com\/www.deuxchevaux.ch\/wordpress\/wp-content\/uploads\/2022\/07\/raid_marokko_22_20220511_132731.jpg?resize=480%2C270&amp;ssl=1 480w\" sizes=\"(max-width: 1024px) 100vw, 1024px\" \/><\/figure>\n\n\n\n<p>12.5.22 Stadtbesichtigung Fes. Wir hatten eine gef\u00fchrte Tour durch Fes, eine sehr interessante und alte Stadt. Als erstes besuchten wir das \u00abJudenviertel\u00bb, dann den Suk und wir fuhren auf eine Befestigungsanlage, besuchten eine Gerberei und eine T\u00f6pferei. Sehr eindr\u00fccklich war auch die Universit\u00e4tsstadt. Sehr gefallen hat mir die Veterin\u00e4rklinik f\u00fcr Esel, die von den Amerikanern erbaut wurde und jeder Marokkaner kann hier seinen Esel gratis behandeln lassen. F\u00fcr die Marokkaner ist der Esel \u00abdas Transporttier\u00bb ohne das kann kein Handel betrieben, die Felder nicht bewirtschaftet werden etc. Eine wunderbare Geste der Amerikaner mit dieser Klinik.<\/p>\n\n\n\n<figure class=\"wp-block-image size-large\"><img data-recalc-dims=\"1\" loading=\"lazy\" decoding=\"async\" width=\"1024\" height=\"576\" data-attachment-id=\"16599\" data-permalink=\"https:\/\/www.deuxchevaux.ch\/wordpress\/raid-marokko-22-wie-ihn-ruth-und-nello-erlebten\/raid_marokko_22_20220512_155120\/\" data-orig-file=\"https:\/\/i0.wp.com\/www.deuxchevaux.ch\/wordpress\/wp-content\/uploads\/2022\/07\/raid_marokko_22_20220512_155120.jpg?fit=2133%2C1200&amp;ssl=1\" data-orig-size=\"2133,1200\" data-comments-opened=\"0\" data-image-meta=\"{&quot;aperture&quot;:&quot;1.7&quot;,&quot;credit&quot;:&quot;&quot;,&quot;camera&quot;:&quot;SM-G930F&quot;,&quot;caption&quot;:&quot;&quot;,&quot;created_timestamp&quot;:&quot;1652370680&quot;,&quot;copyright&quot;:&quot;&quot;,&quot;focal_length&quot;:&quot;4.2&quot;,&quot;iso&quot;:&quot;50&quot;,&quot;shutter_speed&quot;:&quot;0.00091575091575092&quot;,&quot;title&quot;:&quot;&quot;,&quot;orientation&quot;:&quot;1&quot;}\" data-image-title=\"Raid_Marokko_22_20220512_155120\" data-image-description=\"\" data-image-caption=\"\" data-medium-file=\"https:\/\/i0.wp.com\/www.deuxchevaux.ch\/wordpress\/wp-content\/uploads\/2022\/07\/raid_marokko_22_20220512_155120.jpg?fit=300%2C169&amp;ssl=1\" data-large-file=\"https:\/\/i0.wp.com\/www.deuxchevaux.ch\/wordpress\/wp-content\/uploads\/2022\/07\/raid_marokko_22_20220512_155120.jpg?fit=1024%2C576&amp;ssl=1\" src=\"https:\/\/i0.wp.com\/www.deuxchevaux.ch\/wordpress\/wp-content\/uploads\/2022\/07\/raid_marokko_22_20220512_155120.jpg?resize=1024%2C576&#038;ssl=1\" alt=\"\" class=\"wp-image-16599\" srcset=\"https:\/\/i0.wp.com\/www.deuxchevaux.ch\/wordpress\/wp-content\/uploads\/2022\/07\/raid_marokko_22_20220512_155120.jpg?resize=1024%2C576&amp;ssl=1 1024w, https:\/\/i0.wp.com\/www.deuxchevaux.ch\/wordpress\/wp-content\/uploads\/2022\/07\/raid_marokko_22_20220512_155120.jpg?resize=300%2C169&amp;ssl=1 300w, https:\/\/i0.wp.com\/www.deuxchevaux.ch\/wordpress\/wp-content\/uploads\/2022\/07\/raid_marokko_22_20220512_155120.jpg?resize=150%2C84&amp;ssl=1 150w, https:\/\/i0.wp.com\/www.deuxchevaux.ch\/wordpress\/wp-content\/uploads\/2022\/07\/raid_marokko_22_20220512_155120.jpg?resize=768%2C432&amp;ssl=1 768w, https:\/\/i0.wp.com\/www.deuxchevaux.ch\/wordpress\/wp-content\/uploads\/2022\/07\/raid_marokko_22_20220512_155120.jpg?resize=1536%2C864&amp;ssl=1 1536w, https:\/\/i0.wp.com\/www.deuxchevaux.ch\/wordpress\/wp-content\/uploads\/2022\/07\/raid_marokko_22_20220512_155120.jpg?resize=2048%2C1152&amp;ssl=1 2048w, https:\/\/i0.wp.com\/www.deuxchevaux.ch\/wordpress\/wp-content\/uploads\/2022\/07\/raid_marokko_22_20220512_155120.jpg?resize=920%2C518&amp;ssl=1 920w, https:\/\/i0.wp.com\/www.deuxchevaux.ch\/wordpress\/wp-content\/uploads\/2022\/07\/raid_marokko_22_20220512_155120.jpg?resize=230%2C129&amp;ssl=1 230w, https:\/\/i0.wp.com\/www.deuxchevaux.ch\/wordpress\/wp-content\/uploads\/2022\/07\/raid_marokko_22_20220512_155120.jpg?resize=350%2C197&amp;ssl=1 350w, https:\/\/i0.wp.com\/www.deuxchevaux.ch\/wordpress\/wp-content\/uploads\/2022\/07\/raid_marokko_22_20220512_155120.jpg?resize=480%2C270&amp;ssl=1 480w\" sizes=\"(max-width: 1024px) 100vw, 1024px\" \/><\/figure>\n\n\n\n<p>13.5.22 F\u00e8s-Azrou-Mrirt-Azrou-Midelt. Eine sehr lange Strecke \u00fcber ca. 300km. Unser 1. Ziel war Claude in Mrirt. Wir fuhren \u00fcber das Kandargebirge und den Col du Kandar nach Azrou. Eine wunderbare Strecke durch den Wald von Jaba. Weiter ging es Richtung Mrirt wo uns Claude abholte und zu seinem neuen Zuhause f\u00fchrte, sehr abgelegen und \u00fcber Piste. Seine \u00abadoptierte Familie\u00bb bewirtete uns mit einem sehr leckeren Lunch im Beduinenzelt. Hungrig langten wir noch so gerne zu.<\/p>\n\n\n\n<figure class=\"wp-block-image size-large\"><img data-recalc-dims=\"1\" loading=\"lazy\" decoding=\"async\" width=\"1024\" height=\"576\" data-attachment-id=\"16601\" data-permalink=\"https:\/\/www.deuxchevaux.ch\/wordpress\/raid-marokko-22-wie-ihn-ruth-und-nello-erlebten\/raid_marokko_22_20220513_140724\/\" data-orig-file=\"https:\/\/i0.wp.com\/www.deuxchevaux.ch\/wordpress\/wp-content\/uploads\/2022\/07\/raid_marokko_22_20220513_140724.jpg?fit=2133%2C1200&amp;ssl=1\" data-orig-size=\"2133,1200\" data-comments-opened=\"0\" data-image-meta=\"{&quot;aperture&quot;:&quot;1.7&quot;,&quot;credit&quot;:&quot;&quot;,&quot;camera&quot;:&quot;SM-G930F&quot;,&quot;caption&quot;:&quot;&quot;,&quot;created_timestamp&quot;:&quot;1652450844&quot;,&quot;copyright&quot;:&quot;&quot;,&quot;focal_length&quot;:&quot;4.2&quot;,&quot;iso&quot;:&quot;160&quot;,&quot;shutter_speed&quot;:&quot;0.02&quot;,&quot;title&quot;:&quot;&quot;,&quot;orientation&quot;:&quot;1&quot;}\" data-image-title=\"Raid_Marokko_22_20220513_140724\" data-image-description=\"\" data-image-caption=\"\" data-medium-file=\"https:\/\/i0.wp.com\/www.deuxchevaux.ch\/wordpress\/wp-content\/uploads\/2022\/07\/raid_marokko_22_20220513_140724.jpg?fit=300%2C169&amp;ssl=1\" data-large-file=\"https:\/\/i0.wp.com\/www.deuxchevaux.ch\/wordpress\/wp-content\/uploads\/2022\/07\/raid_marokko_22_20220513_140724.jpg?fit=1024%2C576&amp;ssl=1\" src=\"https:\/\/i0.wp.com\/www.deuxchevaux.ch\/wordpress\/wp-content\/uploads\/2022\/07\/raid_marokko_22_20220513_140724.jpg?resize=1024%2C576&#038;ssl=1\" alt=\"\" class=\"wp-image-16601\" srcset=\"https:\/\/i0.wp.com\/www.deuxchevaux.ch\/wordpress\/wp-content\/uploads\/2022\/07\/raid_marokko_22_20220513_140724.jpg?resize=1024%2C576&amp;ssl=1 1024w, https:\/\/i0.wp.com\/www.deuxchevaux.ch\/wordpress\/wp-content\/uploads\/2022\/07\/raid_marokko_22_20220513_140724.jpg?resize=300%2C169&amp;ssl=1 300w, https:\/\/i0.wp.com\/www.deuxchevaux.ch\/wordpress\/wp-content\/uploads\/2022\/07\/raid_marokko_22_20220513_140724.jpg?resize=150%2C84&amp;ssl=1 150w, https:\/\/i0.wp.com\/www.deuxchevaux.ch\/wordpress\/wp-content\/uploads\/2022\/07\/raid_marokko_22_20220513_140724.jpg?resize=768%2C432&amp;ssl=1 768w, https:\/\/i0.wp.com\/www.deuxchevaux.ch\/wordpress\/wp-content\/uploads\/2022\/07\/raid_marokko_22_20220513_140724.jpg?resize=1536%2C864&amp;ssl=1 1536w, https:\/\/i0.wp.com\/www.deuxchevaux.ch\/wordpress\/wp-content\/uploads\/2022\/07\/raid_marokko_22_20220513_140724.jpg?resize=2048%2C1152&amp;ssl=1 2048w, https:\/\/i0.wp.com\/www.deuxchevaux.ch\/wordpress\/wp-content\/uploads\/2022\/07\/raid_marokko_22_20220513_140724.jpg?resize=920%2C518&amp;ssl=1 920w, https:\/\/i0.wp.com\/www.deuxchevaux.ch\/wordpress\/wp-content\/uploads\/2022\/07\/raid_marokko_22_20220513_140724.jpg?resize=230%2C129&amp;ssl=1 230w, https:\/\/i0.wp.com\/www.deuxchevaux.ch\/wordpress\/wp-content\/uploads\/2022\/07\/raid_marokko_22_20220513_140724.jpg?resize=350%2C197&amp;ssl=1 350w, https:\/\/i0.wp.com\/www.deuxchevaux.ch\/wordpress\/wp-content\/uploads\/2022\/07\/raid_marokko_22_20220513_140724.jpg?resize=480%2C270&amp;ssl=1 480w\" sizes=\"(max-width: 1024px) 100vw, 1024px\" \/><\/figure>\n\n\n\n<p>Unser Weg f\u00fchrte weiter nach Midelt. Die Strecke war sch\u00f6n, lang und ziemlich anstrengend. Das Konvoi fahren funktionierte nicht optimal mit \u00dcberholen und nicht \u00dcberholen k\u00f6nnen. Lastwagen, die schwer beladen waren k\u00e4mpften sich im Schritttempo die H\u00fcgel hinauf und \u00abversperrten\u00bb den Weg. Nun, wir waren froh, als wir unser Hotel Kasbah Asmaa in Midelt endlich erreichten und waren sehr beeindruckt von dem \u00e4sthetisch wundervollen Geb\u00e4ude. Der Zimmerbezug war dann etwas weniger erfreulich. Das Badezimmer war in einem desolaten Zustand und sehr schmutzig. Mit der Sauberkeit hatte man es im ganzen Hotel nicht besonders, ob B\u00f6den, Tische oder Geschirr. Die Auswirkungen sp\u00fcrten wir dann in der Nacht. Unser Verdauungstrakt meldete sich resolut.<\/p>\n\n\n\n<figure class=\"wp-block-image size-large\"><img data-recalc-dims=\"1\" loading=\"lazy\" decoding=\"async\" width=\"1024\" height=\"576\" data-attachment-id=\"16602\" data-permalink=\"https:\/\/www.deuxchevaux.ch\/wordpress\/raid-marokko-22-wie-ihn-ruth-und-nello-erlebten\/raid_marokko_22_20220514_091702\/\" data-orig-file=\"https:\/\/i0.wp.com\/www.deuxchevaux.ch\/wordpress\/wp-content\/uploads\/2022\/07\/raid_marokko_22_20220514_091702.jpg?fit=2133%2C1200&amp;ssl=1\" data-orig-size=\"2133,1200\" data-comments-opened=\"0\" data-image-meta=\"{&quot;aperture&quot;:&quot;1.7&quot;,&quot;credit&quot;:&quot;&quot;,&quot;camera&quot;:&quot;SM-G930F&quot;,&quot;caption&quot;:&quot;&quot;,&quot;created_timestamp&quot;:&quot;1652519822&quot;,&quot;copyright&quot;:&quot;&quot;,&quot;focal_length&quot;:&quot;4.2&quot;,&quot;iso&quot;:&quot;50&quot;,&quot;shutter_speed&quot;:&quot;0.00042372881355932&quot;,&quot;title&quot;:&quot;&quot;,&quot;orientation&quot;:&quot;1&quot;}\" data-image-title=\"Raid_Marokko_22_20220514_091702\" data-image-description=\"\" data-image-caption=\"\" data-medium-file=\"https:\/\/i0.wp.com\/www.deuxchevaux.ch\/wordpress\/wp-content\/uploads\/2022\/07\/raid_marokko_22_20220514_091702.jpg?fit=300%2C169&amp;ssl=1\" data-large-file=\"https:\/\/i0.wp.com\/www.deuxchevaux.ch\/wordpress\/wp-content\/uploads\/2022\/07\/raid_marokko_22_20220514_091702.jpg?fit=1024%2C576&amp;ssl=1\" src=\"https:\/\/i0.wp.com\/www.deuxchevaux.ch\/wordpress\/wp-content\/uploads\/2022\/07\/raid_marokko_22_20220514_091702.jpg?resize=1024%2C576&#038;ssl=1\" alt=\"\" class=\"wp-image-16602\" srcset=\"https:\/\/i0.wp.com\/www.deuxchevaux.ch\/wordpress\/wp-content\/uploads\/2022\/07\/raid_marokko_22_20220514_091702.jpg?resize=1024%2C576&amp;ssl=1 1024w, https:\/\/i0.wp.com\/www.deuxchevaux.ch\/wordpress\/wp-content\/uploads\/2022\/07\/raid_marokko_22_20220514_091702.jpg?resize=300%2C169&amp;ssl=1 300w, https:\/\/i0.wp.com\/www.deuxchevaux.ch\/wordpress\/wp-content\/uploads\/2022\/07\/raid_marokko_22_20220514_091702.jpg?resize=150%2C84&amp;ssl=1 150w, https:\/\/i0.wp.com\/www.deuxchevaux.ch\/wordpress\/wp-content\/uploads\/2022\/07\/raid_marokko_22_20220514_091702.jpg?resize=768%2C432&amp;ssl=1 768w, https:\/\/i0.wp.com\/www.deuxchevaux.ch\/wordpress\/wp-content\/uploads\/2022\/07\/raid_marokko_22_20220514_091702.jpg?resize=1536%2C864&amp;ssl=1 1536w, https:\/\/i0.wp.com\/www.deuxchevaux.ch\/wordpress\/wp-content\/uploads\/2022\/07\/raid_marokko_22_20220514_091702.jpg?resize=2048%2C1152&amp;ssl=1 2048w, https:\/\/i0.wp.com\/www.deuxchevaux.ch\/wordpress\/wp-content\/uploads\/2022\/07\/raid_marokko_22_20220514_091702.jpg?resize=920%2C518&amp;ssl=1 920w, https:\/\/i0.wp.com\/www.deuxchevaux.ch\/wordpress\/wp-content\/uploads\/2022\/07\/raid_marokko_22_20220514_091702.jpg?resize=230%2C129&amp;ssl=1 230w, https:\/\/i0.wp.com\/www.deuxchevaux.ch\/wordpress\/wp-content\/uploads\/2022\/07\/raid_marokko_22_20220514_091702.jpg?resize=350%2C197&amp;ssl=1 350w, https:\/\/i0.wp.com\/www.deuxchevaux.ch\/wordpress\/wp-content\/uploads\/2022\/07\/raid_marokko_22_20220514_091702.jpg?resize=480%2C270&amp;ssl=1 480w\" sizes=\"(max-width: 1024px) 100vw, 1024px\" \/><\/figure>\n\n\n\n<p>14.5.22 \u2013 Midelt \u2013 Agoudal. Unsere Reise f\u00fchrte \u00fcber verschiedene P\u00e4sse nach Agoudal. Viel Schotterpiste, viele Schlagl\u00f6cher. F\u00fcr 200km hatten wir fast 10 Stunden Fahrt. Wir erlebten sehr viele sch\u00f6ne Landschaften. In den Bergen ist sehr viel Armut. Ein eindr\u00fccklicher Tag. Wir \u00fcbernachten in der Aub\u00e8rge Ibrahim. Eine einfache, aber herzliche Pension und sauber!<\/p>\n\n\n\n<figure class=\"wp-block-image size-large\"><img data-recalc-dims=\"1\" loading=\"lazy\" decoding=\"async\" width=\"1024\" height=\"576\" data-attachment-id=\"16624\" data-permalink=\"https:\/\/www.deuxchevaux.ch\/wordpress\/raid-marokko-22-wie-ihn-ruth-und-nello-erlebten\/raid_marokko_22_20220514_122535\/\" data-orig-file=\"https:\/\/i0.wp.com\/www.deuxchevaux.ch\/wordpress\/wp-content\/uploads\/2022\/07\/raid_marokko_22_20220514_122535.jpg?fit=2133%2C1200&amp;ssl=1\" data-orig-size=\"2133,1200\" data-comments-opened=\"0\" data-image-meta=\"{&quot;aperture&quot;:&quot;1.7&quot;,&quot;credit&quot;:&quot;&quot;,&quot;camera&quot;:&quot;SM-G930F&quot;,&quot;caption&quot;:&quot;&quot;,&quot;created_timestamp&quot;:&quot;1652531135&quot;,&quot;copyright&quot;:&quot;&quot;,&quot;focal_length&quot;:&quot;4.2&quot;,&quot;iso&quot;:&quot;50&quot;,&quot;shutter_speed&quot;:&quot;0.00020292207792208&quot;,&quot;title&quot;:&quot;&quot;,&quot;orientation&quot;:&quot;1&quot;}\" data-image-title=\"Raid_Marokko_22_20220514_122535\" data-image-description=\"\" data-image-caption=\"\" data-medium-file=\"https:\/\/i0.wp.com\/www.deuxchevaux.ch\/wordpress\/wp-content\/uploads\/2022\/07\/raid_marokko_22_20220514_122535.jpg?fit=300%2C169&amp;ssl=1\" data-large-file=\"https:\/\/i0.wp.com\/www.deuxchevaux.ch\/wordpress\/wp-content\/uploads\/2022\/07\/raid_marokko_22_20220514_122535.jpg?fit=1024%2C576&amp;ssl=1\" src=\"https:\/\/i0.wp.com\/www.deuxchevaux.ch\/wordpress\/wp-content\/uploads\/2022\/07\/raid_marokko_22_20220514_122535.jpg?resize=1024%2C576&#038;ssl=1\" alt=\"\" class=\"wp-image-16624\" srcset=\"https:\/\/i0.wp.com\/www.deuxchevaux.ch\/wordpress\/wp-content\/uploads\/2022\/07\/raid_marokko_22_20220514_122535.jpg?resize=1024%2C576&amp;ssl=1 1024w, https:\/\/i0.wp.com\/www.deuxchevaux.ch\/wordpress\/wp-content\/uploads\/2022\/07\/raid_marokko_22_20220514_122535.jpg?resize=300%2C169&amp;ssl=1 300w, https:\/\/i0.wp.com\/www.deuxchevaux.ch\/wordpress\/wp-content\/uploads\/2022\/07\/raid_marokko_22_20220514_122535.jpg?resize=150%2C84&amp;ssl=1 150w, https:\/\/i0.wp.com\/www.deuxchevaux.ch\/wordpress\/wp-content\/uploads\/2022\/07\/raid_marokko_22_20220514_122535.jpg?resize=768%2C432&amp;ssl=1 768w, https:\/\/i0.wp.com\/www.deuxchevaux.ch\/wordpress\/wp-content\/uploads\/2022\/07\/raid_marokko_22_20220514_122535.jpg?resize=1536%2C864&amp;ssl=1 1536w, https:\/\/i0.wp.com\/www.deuxchevaux.ch\/wordpress\/wp-content\/uploads\/2022\/07\/raid_marokko_22_20220514_122535.jpg?resize=2048%2C1152&amp;ssl=1 2048w, https:\/\/i0.wp.com\/www.deuxchevaux.ch\/wordpress\/wp-content\/uploads\/2022\/07\/raid_marokko_22_20220514_122535.jpg?resize=920%2C518&amp;ssl=1 920w, https:\/\/i0.wp.com\/www.deuxchevaux.ch\/wordpress\/wp-content\/uploads\/2022\/07\/raid_marokko_22_20220514_122535.jpg?resize=230%2C129&amp;ssl=1 230w, https:\/\/i0.wp.com\/www.deuxchevaux.ch\/wordpress\/wp-content\/uploads\/2022\/07\/raid_marokko_22_20220514_122535.jpg?resize=350%2C197&amp;ssl=1 350w, https:\/\/i0.wp.com\/www.deuxchevaux.ch\/wordpress\/wp-content\/uploads\/2022\/07\/raid_marokko_22_20220514_122535.jpg?resize=480%2C270&amp;ssl=1 480w\" sizes=\"(max-width: 1024px) 100vw, 1024px\" \/><\/figure>\n\n\n\n<p>15.5.22 \u2013 Agoudal \u2013 Boumalne du Dad\u00e8s. Die Abfahrt war etwas \u00abholprig\u00bb mit all den Kindern, die bettelten. Vor allem S\u00fcssigkeiten und Kugelschreiber waren gefragt. Wir mussten aber auch darauf achten, dass die Kinderh\u00e4nde nicht auf einmal in unseren Fahrzeugen waren und z.B. unsere Sonnenh\u00fcte klauten. Die Strassen waren voller Schlagl\u00f6cher und wir fuhren ziemliche Schlenker, obwohl wir n\u00fcchtern waren &#x1f609;. Weiter ging es auf \u00fcber 2600m \u00fc.M. \u00fcber das Atlasgebirge und durch die Schlucht von Todra, wau! \u00dcber Tineghir nach Boumaine ed Dades. Wir hatten eine sehr abwechslungsreiche Fahrt.<\/p>\n\n\n\n<figure class=\"wp-block-image size-large\"><img data-recalc-dims=\"1\" loading=\"lazy\" decoding=\"async\" width=\"768\" height=\"1024\" data-attachment-id=\"16604\" data-permalink=\"https:\/\/www.deuxchevaux.ch\/wordpress\/raid-marokko-22-wie-ihn-ruth-und-nello-erlebten\/raid_marokko_22_img_1967-rotated\/\" data-orig-file=\"https:\/\/i0.wp.com\/www.deuxchevaux.ch\/wordpress\/wp-content\/uploads\/2022\/07\/raid_marokko_22_img_1967-rotated.jpg?fit=1200%2C1600&amp;ssl=1\" data-orig-size=\"1200,1600\" data-comments-opened=\"0\" data-image-meta=\"{&quot;aperture&quot;:&quot;1.8&quot;,&quot;credit&quot;:&quot;&quot;,&quot;camera&quot;:&quot;iPhone SE (2nd generation)&quot;,&quot;caption&quot;:&quot;&quot;,&quot;created_timestamp&quot;:&quot;1652625911&quot;,&quot;copyright&quot;:&quot;&quot;,&quot;focal_length&quot;:&quot;3.99&quot;,&quot;iso&quot;:&quot;20&quot;,&quot;shutter_speed&quot;:&quot;0.00089605734767025&quot;,&quot;title&quot;:&quot;&quot;,&quot;orientation&quot;:&quot;1&quot;}\" data-image-title=\"Raid_Marokko_22_IMG_1967-rotated\" data-image-description=\"\" data-image-caption=\"\" data-medium-file=\"https:\/\/i0.wp.com\/www.deuxchevaux.ch\/wordpress\/wp-content\/uploads\/2022\/07\/raid_marokko_22_img_1967-rotated.jpg?fit=225%2C300&amp;ssl=1\" data-large-file=\"https:\/\/i0.wp.com\/www.deuxchevaux.ch\/wordpress\/wp-content\/uploads\/2022\/07\/raid_marokko_22_img_1967-rotated.jpg?fit=768%2C1024&amp;ssl=1\" src=\"https:\/\/i0.wp.com\/www.deuxchevaux.ch\/wordpress\/wp-content\/uploads\/2022\/07\/raid_marokko_22_img_1967-rotated.jpg?resize=768%2C1024&#038;ssl=1\" alt=\"\" class=\"wp-image-16604\" srcset=\"https:\/\/i0.wp.com\/www.deuxchevaux.ch\/wordpress\/wp-content\/uploads\/2022\/07\/raid_marokko_22_img_1967-rotated.jpg?resize=768%2C1024&amp;ssl=1 768w, https:\/\/i0.wp.com\/www.deuxchevaux.ch\/wordpress\/wp-content\/uploads\/2022\/07\/raid_marokko_22_img_1967-rotated.jpg?resize=225%2C300&amp;ssl=1 225w, https:\/\/i0.wp.com\/www.deuxchevaux.ch\/wordpress\/wp-content\/uploads\/2022\/07\/raid_marokko_22_img_1967-rotated.jpg?resize=113%2C150&amp;ssl=1 113w, https:\/\/i0.wp.com\/www.deuxchevaux.ch\/wordpress\/wp-content\/uploads\/2022\/07\/raid_marokko_22_img_1967-rotated.jpg?resize=1152%2C1536&amp;ssl=1 1152w, https:\/\/i0.wp.com\/www.deuxchevaux.ch\/wordpress\/wp-content\/uploads\/2022\/07\/raid_marokko_22_img_1967-rotated.jpg?resize=920%2C1227&amp;ssl=1 920w, https:\/\/i0.wp.com\/www.deuxchevaux.ch\/wordpress\/wp-content\/uploads\/2022\/07\/raid_marokko_22_img_1967-rotated.jpg?resize=230%2C307&amp;ssl=1 230w, https:\/\/i0.wp.com\/www.deuxchevaux.ch\/wordpress\/wp-content\/uploads\/2022\/07\/raid_marokko_22_img_1967-rotated.jpg?resize=350%2C467&amp;ssl=1 350w, https:\/\/i0.wp.com\/www.deuxchevaux.ch\/wordpress\/wp-content\/uploads\/2022\/07\/raid_marokko_22_img_1967-rotated.jpg?resize=480%2C640&amp;ssl=1 480w, https:\/\/i0.wp.com\/www.deuxchevaux.ch\/wordpress\/wp-content\/uploads\/2022\/07\/raid_marokko_22_img_1967-rotated.jpg?w=1200&amp;ssl=1 1200w\" sizes=\"(max-width: 768px) 100vw, 768px\" \/><\/figure>\n\n\n\n<p>16.5.22 \u2013 Boumalne \u2013 Zagora. Markus musste heute die ganze Strecke fahren. Ich wurde von \u00abMontezumas Rache\u00bb heimgesucht. Wir fuhren Piste \u00fcber den Pass Tizi-ni Tasaret. In einem unscheinbaren Haus mit einem grossartigen Innenleben hatten wir ein sehr feines Mittagessen mit verschiedenen Tagines und Spiesschen etc. etc. Ich begn\u00fcgte mich mit Wasser. Weiter ging es durch das Vall\u00e9e du Draa. Das Tal ist voll mit Dattelb\u00e4umen. Es wird aber auch Korn und Gem\u00fcse angebaut. Leider hat es seit 4 Jahren nicht mehr geregnet und die B\u00e4ume gehen ein. Das Bachbett ist v\u00f6llig ausgetrocknet. Es gibt \u00fcbrigens 60 verschiedene Sorten Datteln. Im Hotel Le Sauvage Noble haben wir \u00fcbernachtet in einem Zimmer und Badezimmer wie aus 1001 Nacht. Trotz der sch\u00f6nen Badewanne werden wir nur duschen.<\/p>\n\n\n\n<figure class=\"wp-block-image size-large\"><img data-recalc-dims=\"1\" loading=\"lazy\" decoding=\"async\" width=\"768\" height=\"1024\" data-attachment-id=\"16605\" data-permalink=\"https:\/\/www.deuxchevaux.ch\/wordpress\/raid-marokko-22-wie-ihn-ruth-und-nello-erlebten\/raid_marokko_22_20220516_175243-rotated\/\" data-orig-file=\"https:\/\/i0.wp.com\/www.deuxchevaux.ch\/wordpress\/wp-content\/uploads\/2022\/07\/raid_marokko_22_20220516_175243-rotated.jpg?fit=1200%2C1600&amp;ssl=1\" data-orig-size=\"1200,1600\" data-comments-opened=\"0\" data-image-meta=\"{&quot;aperture&quot;:&quot;1.7&quot;,&quot;credit&quot;:&quot;&quot;,&quot;camera&quot;:&quot;SM-G930F&quot;,&quot;caption&quot;:&quot;&quot;,&quot;created_timestamp&quot;:&quot;1652723563&quot;,&quot;copyright&quot;:&quot;&quot;,&quot;focal_length&quot;:&quot;4.2&quot;,&quot;iso&quot;:&quot;250&quot;,&quot;shutter_speed&quot;:&quot;0.05&quot;,&quot;title&quot;:&quot;&quot;,&quot;orientation&quot;:&quot;1&quot;}\" data-image-title=\"Raid_Marokko_22_20220516_175243-rotated\" data-image-description=\"\" data-image-caption=\"\" data-medium-file=\"https:\/\/i0.wp.com\/www.deuxchevaux.ch\/wordpress\/wp-content\/uploads\/2022\/07\/raid_marokko_22_20220516_175243-rotated.jpg?fit=225%2C300&amp;ssl=1\" data-large-file=\"https:\/\/i0.wp.com\/www.deuxchevaux.ch\/wordpress\/wp-content\/uploads\/2022\/07\/raid_marokko_22_20220516_175243-rotated.jpg?fit=768%2C1024&amp;ssl=1\" src=\"https:\/\/i0.wp.com\/www.deuxchevaux.ch\/wordpress\/wp-content\/uploads\/2022\/07\/raid_marokko_22_20220516_175243-rotated.jpg?resize=768%2C1024&#038;ssl=1\" alt=\"\" class=\"wp-image-16605\" srcset=\"https:\/\/i0.wp.com\/www.deuxchevaux.ch\/wordpress\/wp-content\/uploads\/2022\/07\/raid_marokko_22_20220516_175243-rotated.jpg?resize=768%2C1024&amp;ssl=1 768w, https:\/\/i0.wp.com\/www.deuxchevaux.ch\/wordpress\/wp-content\/uploads\/2022\/07\/raid_marokko_22_20220516_175243-rotated.jpg?resize=225%2C300&amp;ssl=1 225w, https:\/\/i0.wp.com\/www.deuxchevaux.ch\/wordpress\/wp-content\/uploads\/2022\/07\/raid_marokko_22_20220516_175243-rotated.jpg?resize=113%2C150&amp;ssl=1 113w, https:\/\/i0.wp.com\/www.deuxchevaux.ch\/wordpress\/wp-content\/uploads\/2022\/07\/raid_marokko_22_20220516_175243-rotated.jpg?resize=1152%2C1536&amp;ssl=1 1152w, https:\/\/i0.wp.com\/www.deuxchevaux.ch\/wordpress\/wp-content\/uploads\/2022\/07\/raid_marokko_22_20220516_175243-rotated.jpg?resize=920%2C1227&amp;ssl=1 920w, https:\/\/i0.wp.com\/www.deuxchevaux.ch\/wordpress\/wp-content\/uploads\/2022\/07\/raid_marokko_22_20220516_175243-rotated.jpg?resize=230%2C307&amp;ssl=1 230w, https:\/\/i0.wp.com\/www.deuxchevaux.ch\/wordpress\/wp-content\/uploads\/2022\/07\/raid_marokko_22_20220516_175243-rotated.jpg?resize=350%2C467&amp;ssl=1 350w, https:\/\/i0.wp.com\/www.deuxchevaux.ch\/wordpress\/wp-content\/uploads\/2022\/07\/raid_marokko_22_20220516_175243-rotated.jpg?resize=480%2C640&amp;ssl=1 480w, https:\/\/i0.wp.com\/www.deuxchevaux.ch\/wordpress\/wp-content\/uploads\/2022\/07\/raid_marokko_22_20220516_175243-rotated.jpg?w=1200&amp;ssl=1 1200w\" sizes=\"(max-width: 768px) 100vw, 768px\" \/><\/figure>\n\n\n\n<p>17.5.22 Zagora- Tagounite \u2013 Erg Che Gaga. Unser 1. W\u00fcstentag. Tourbane binden, viel Wasser einpacken. Unsere Reiseleitung organisierte auch gefrohrenes Wasser f\u00fcr uns. \u00abS\u00fc\u00fcferli\u00bb ging es los \u00fcber eine Piste mit Steinen. Dann fuhren wir in der W\u00fcste und blieben nat\u00fcrlich alle im Sand stecken. Wir wurden allesamt aus dem Sand abgeschleppt und \u00fcbten uns dann im Sandd\u00fcnen fahren. Eine Steinw\u00fcste war dann schon eine immense Herausforderung f\u00fcr uns und wir mussten umkehren. Weiter ging es auf fast direktem Weg nach Erg Che Gaga. Unser erster Plattfuss war angesagt. Die Piste war fast unbefahrbar, noch 3km bis zu den Berbern entpuppten sich als 7km \u00fcber Bachbeete. Um 20.30 Uhr kamen wir schliesslich in unserem Nachtlager an, total m\u00fcde und ausgelaugt. In den Bedouinenzelten war es so heiss, dass wir verkehrt in unserem Bett schliefen und versuchten bei offener T\u00fcr ein bischen frische Luft zu erhaschen. Einige Gl\u00fcckliche konnten unter dem wunderbaren imposanten Sternenhimmel auf der Sitzgruppe schlafen.<\/p>\n\n\n\n<figure class=\"wp-block-image size-large\"><img data-recalc-dims=\"1\" loading=\"lazy\" decoding=\"async\" width=\"1024\" height=\"768\" data-attachment-id=\"16607\" data-permalink=\"https:\/\/www.deuxchevaux.ch\/wordpress\/raid-marokko-22-wie-ihn-ruth-und-nello-erlebten\/raid_marokko_22_20220517_180053\/\" data-orig-file=\"https:\/\/i0.wp.com\/www.deuxchevaux.ch\/wordpress\/wp-content\/uploads\/2022\/07\/raid_marokko_22_20220517_180053.jpg?fit=1600%2C1200&amp;ssl=1\" data-orig-size=\"1600,1200\" data-comments-opened=\"0\" data-image-meta=\"{&quot;aperture&quot;:&quot;1.7&quot;,&quot;credit&quot;:&quot;&quot;,&quot;camera&quot;:&quot;SM-G930F&quot;,&quot;caption&quot;:&quot;&quot;,&quot;created_timestamp&quot;:&quot;1652810453&quot;,&quot;copyright&quot;:&quot;&quot;,&quot;focal_length&quot;:&quot;4.2&quot;,&quot;iso&quot;:&quot;50&quot;,&quot;shutter_speed&quot;:&quot;7.4404761904762E-5&quot;,&quot;title&quot;:&quot;&quot;,&quot;orientation&quot;:&quot;1&quot;}\" data-image-title=\"Raid_Marokko_22_20220517_180053\" data-image-description=\"\" data-image-caption=\"\" data-medium-file=\"https:\/\/i0.wp.com\/www.deuxchevaux.ch\/wordpress\/wp-content\/uploads\/2022\/07\/raid_marokko_22_20220517_180053.jpg?fit=300%2C225&amp;ssl=1\" data-large-file=\"https:\/\/i0.wp.com\/www.deuxchevaux.ch\/wordpress\/wp-content\/uploads\/2022\/07\/raid_marokko_22_20220517_180053.jpg?fit=1024%2C768&amp;ssl=1\" src=\"https:\/\/i0.wp.com\/www.deuxchevaux.ch\/wordpress\/wp-content\/uploads\/2022\/07\/raid_marokko_22_20220517_180053.jpg?resize=1024%2C768&#038;ssl=1\" alt=\"\" class=\"wp-image-16607\" srcset=\"https:\/\/i0.wp.com\/www.deuxchevaux.ch\/wordpress\/wp-content\/uploads\/2022\/07\/raid_marokko_22_20220517_180053.jpg?resize=1024%2C768&amp;ssl=1 1024w, https:\/\/i0.wp.com\/www.deuxchevaux.ch\/wordpress\/wp-content\/uploads\/2022\/07\/raid_marokko_22_20220517_180053.jpg?resize=300%2C225&amp;ssl=1 300w, https:\/\/i0.wp.com\/www.deuxchevaux.ch\/wordpress\/wp-content\/uploads\/2022\/07\/raid_marokko_22_20220517_180053.jpg?resize=150%2C113&amp;ssl=1 150w, https:\/\/i0.wp.com\/www.deuxchevaux.ch\/wordpress\/wp-content\/uploads\/2022\/07\/raid_marokko_22_20220517_180053.jpg?resize=768%2C576&amp;ssl=1 768w, https:\/\/i0.wp.com\/www.deuxchevaux.ch\/wordpress\/wp-content\/uploads\/2022\/07\/raid_marokko_22_20220517_180053.jpg?resize=1536%2C1152&amp;ssl=1 1536w, https:\/\/i0.wp.com\/www.deuxchevaux.ch\/wordpress\/wp-content\/uploads\/2022\/07\/raid_marokko_22_20220517_180053.jpg?resize=920%2C690&amp;ssl=1 920w, https:\/\/i0.wp.com\/www.deuxchevaux.ch\/wordpress\/wp-content\/uploads\/2022\/07\/raid_marokko_22_20220517_180053.jpg?resize=230%2C173&amp;ssl=1 230w, https:\/\/i0.wp.com\/www.deuxchevaux.ch\/wordpress\/wp-content\/uploads\/2022\/07\/raid_marokko_22_20220517_180053.jpg?resize=350%2C263&amp;ssl=1 350w, https:\/\/i0.wp.com\/www.deuxchevaux.ch\/wordpress\/wp-content\/uploads\/2022\/07\/raid_marokko_22_20220517_180053.jpg?resize=480%2C360&amp;ssl=1 480w, https:\/\/i0.wp.com\/www.deuxchevaux.ch\/wordpress\/wp-content\/uploads\/2022\/07\/raid_marokko_22_20220517_180053.jpg?w=1600&amp;ssl=1 1600w\" sizes=\"(max-width: 1024px) 100vw, 1024px\" \/><\/figure>\n\n\n\n<p>18.5.22 \u2013 Erg Che Gaga \u2013 Foum Zguid \u2013 Tissint. 2. Tag in der W\u00fcste. Es war wieder sehr anstrengend. Wir fuhren in einem Sandsturm. Das Fahren im Konvoi war noch einmal schwieriger. Du musst den Kontakt zum Vordermann nicht verlieren, aber noch weniger jener zum Hintermann. Es gab wieder verschiedene Ausf\u00e4lle. Wir wurden nach einem Batterieschaden 24km abgeschleppt aus der 47 Grad heissen W\u00fcste und das nicht zu langsam mit 45 \u2013 50 km\/h. Daf\u00fcr erhielten wir ein \u00abUpgrade\u00bb = Hotel mit Pool in Foum Zguid. Dieser wurde rege benutzt. Und wir hatten Klimaanlage im Zimmer. Wir mussten diese allerdings auf 30 Grad einstellen um nicht \u00abzu erfrieren\u00bb.<\/p>\n\n\n\n<figure class=\"wp-block-image size-large\"><img data-recalc-dims=\"1\" loading=\"lazy\" decoding=\"async\" width=\"1024\" height=\"768\" data-attachment-id=\"16608\" data-permalink=\"https:\/\/www.deuxchevaux.ch\/wordpress\/raid-marokko-22-wie-ihn-ruth-und-nello-erlebten\/raid_marokko_22_20220519_081302\/\" data-orig-file=\"https:\/\/i0.wp.com\/www.deuxchevaux.ch\/wordpress\/wp-content\/uploads\/2022\/07\/raid_marokko_22_20220519_081302.jpg?fit=1600%2C1200&amp;ssl=1\" data-orig-size=\"1600,1200\" data-comments-opened=\"0\" data-image-meta=\"{&quot;aperture&quot;:&quot;1.7&quot;,&quot;credit&quot;:&quot;&quot;,&quot;camera&quot;:&quot;SM-G930F&quot;,&quot;caption&quot;:&quot;&quot;,&quot;created_timestamp&quot;:&quot;1652947982&quot;,&quot;copyright&quot;:&quot;&quot;,&quot;focal_length&quot;:&quot;4.2&quot;,&quot;iso&quot;:&quot;50&quot;,&quot;shutter_speed&quot;:&quot;0.0023419203747073&quot;,&quot;title&quot;:&quot;&quot;,&quot;orientation&quot;:&quot;1&quot;}\" data-image-title=\"Raid_Marokko_22_20220519_081302\" data-image-description=\"\" data-image-caption=\"\" data-medium-file=\"https:\/\/i0.wp.com\/www.deuxchevaux.ch\/wordpress\/wp-content\/uploads\/2022\/07\/raid_marokko_22_20220519_081302.jpg?fit=300%2C225&amp;ssl=1\" data-large-file=\"https:\/\/i0.wp.com\/www.deuxchevaux.ch\/wordpress\/wp-content\/uploads\/2022\/07\/raid_marokko_22_20220519_081302.jpg?fit=1024%2C768&amp;ssl=1\" src=\"https:\/\/i0.wp.com\/www.deuxchevaux.ch\/wordpress\/wp-content\/uploads\/2022\/07\/raid_marokko_22_20220519_081302.jpg?resize=1024%2C768&#038;ssl=1\" alt=\"\" class=\"wp-image-16608\" srcset=\"https:\/\/i0.wp.com\/www.deuxchevaux.ch\/wordpress\/wp-content\/uploads\/2022\/07\/raid_marokko_22_20220519_081302.jpg?resize=1024%2C768&amp;ssl=1 1024w, https:\/\/i0.wp.com\/www.deuxchevaux.ch\/wordpress\/wp-content\/uploads\/2022\/07\/raid_marokko_22_20220519_081302.jpg?resize=300%2C225&amp;ssl=1 300w, https:\/\/i0.wp.com\/www.deuxchevaux.ch\/wordpress\/wp-content\/uploads\/2022\/07\/raid_marokko_22_20220519_081302.jpg?resize=150%2C113&amp;ssl=1 150w, https:\/\/i0.wp.com\/www.deuxchevaux.ch\/wordpress\/wp-content\/uploads\/2022\/07\/raid_marokko_22_20220519_081302.jpg?resize=768%2C576&amp;ssl=1 768w, https:\/\/i0.wp.com\/www.deuxchevaux.ch\/wordpress\/wp-content\/uploads\/2022\/07\/raid_marokko_22_20220519_081302.jpg?resize=1536%2C1152&amp;ssl=1 1536w, https:\/\/i0.wp.com\/www.deuxchevaux.ch\/wordpress\/wp-content\/uploads\/2022\/07\/raid_marokko_22_20220519_081302.jpg?resize=920%2C690&amp;ssl=1 920w, https:\/\/i0.wp.com\/www.deuxchevaux.ch\/wordpress\/wp-content\/uploads\/2022\/07\/raid_marokko_22_20220519_081302.jpg?resize=230%2C173&amp;ssl=1 230w, https:\/\/i0.wp.com\/www.deuxchevaux.ch\/wordpress\/wp-content\/uploads\/2022\/07\/raid_marokko_22_20220519_081302.jpg?resize=350%2C263&amp;ssl=1 350w, https:\/\/i0.wp.com\/www.deuxchevaux.ch\/wordpress\/wp-content\/uploads\/2022\/07\/raid_marokko_22_20220519_081302.jpg?resize=480%2C360&amp;ssl=1 480w, https:\/\/i0.wp.com\/www.deuxchevaux.ch\/wordpress\/wp-content\/uploads\/2022\/07\/raid_marokko_22_20220519_081302.jpg?w=1600&amp;ssl=1 1600w\" sizes=\"(max-width: 1024px) 100vw, 1024px\" \/><\/figure>\n\n\n\n<p>19.5.22 \u2013 Foum Zguid \u00fcber Tissint und Tata nach Icht, unserem s\u00fcdlichsten Punkt. Markus musste zuerst die Batterie ersetzen und 2 R\u00e4der wechseln. Wir hatten unseren ersten Platten eingefangen. Ich fand im Hof ein MOSA Notstromaggregat (wir haben die CH-Vertretung) Zustand, tia, als h\u00e4tte es eine Kuh in der \u00abSchnore\u00bb gehabt &#x1f60a;. Wir fuhren los via Tissint Richtung Tata und entdeckten einen Canyon, den wir nat\u00fcrlich unbedingt besichtigen mussten. Kurz darauf wurden wir telefonisch informiert, dass wir zur\u00fcck nach Tissint fahren sollen, es h\u00e4tte einen Notfall gegeben und wir w\u00fcrden da Zmittag essen. Claudio f\u00fchlte sich sehr unwohl und war in einem Hotelzimmer untergebracht. Die Wartezeit wurde mit einem Bad im Hotel Pool \u00fcberbr\u00fcckt. Claudio schien sich nicht zu erholen und es wurde beschlossen, ihn mit einem klimatisierten Taxi ins Spital nach Marrakesch zu fahren. Jean-Claude Bru w\u00fcrde ihn begleiten. So \u00fcbernahm Sadi unser Mechaniker die Reiseleitung f\u00fcr die weiteren Tage. Bei 47 Grad schipperten wir \u00fcber Strassen vorbei an ausgetrockneten Flussbetten und Palmenplantagen. Wir haben wilde Kamele gesehen. Die Natur leidet extrem unter der Trockenheit. In Icht bezogen wir jeder einen eigenen Hausteil in der Herberge Bori Biramane. Dies ist der s\u00fcdlichste Punkt unserer Reise. Die Anlage der Herberge ist sehr sch\u00f6n mit vielen Details, wie einem kleinen Pool mit Sitzbank, wo wir uns abk\u00fchlen konnten oder einer Dachterasse mit wunderbarem Ausblick auf des Tal.<\/p>\n\n\n\n<figure class=\"wp-block-image size-large\"><img data-recalc-dims=\"1\" loading=\"lazy\" decoding=\"async\" width=\"1024\" height=\"768\" data-attachment-id=\"16609\" data-permalink=\"https:\/\/www.deuxchevaux.ch\/wordpress\/raid-marokko-22-wie-ihn-ruth-und-nello-erlebten\/raid_marokko_22_20220520_075638\/\" data-orig-file=\"https:\/\/i0.wp.com\/www.deuxchevaux.ch\/wordpress\/wp-content\/uploads\/2022\/07\/raid_marokko_22_20220520_075638.jpg?fit=1600%2C1200&amp;ssl=1\" data-orig-size=\"1600,1200\" data-comments-opened=\"0\" data-image-meta=\"{&quot;aperture&quot;:&quot;1.7&quot;,&quot;credit&quot;:&quot;&quot;,&quot;camera&quot;:&quot;SM-G930F&quot;,&quot;caption&quot;:&quot;&quot;,&quot;created_timestamp&quot;:&quot;1653033398&quot;,&quot;copyright&quot;:&quot;&quot;,&quot;focal_length&quot;:&quot;4.2&quot;,&quot;iso&quot;:&quot;50&quot;,&quot;shutter_speed&quot;:&quot;0.00043706293706294&quot;,&quot;title&quot;:&quot;&quot;,&quot;orientation&quot;:&quot;1&quot;}\" data-image-title=\"Raid_Marokko_22_20220520_075638\" data-image-description=\"\" data-image-caption=\"\" data-medium-file=\"https:\/\/i0.wp.com\/www.deuxchevaux.ch\/wordpress\/wp-content\/uploads\/2022\/07\/raid_marokko_22_20220520_075638.jpg?fit=300%2C225&amp;ssl=1\" data-large-file=\"https:\/\/i0.wp.com\/www.deuxchevaux.ch\/wordpress\/wp-content\/uploads\/2022\/07\/raid_marokko_22_20220520_075638.jpg?fit=1024%2C768&amp;ssl=1\" src=\"https:\/\/i0.wp.com\/www.deuxchevaux.ch\/wordpress\/wp-content\/uploads\/2022\/07\/raid_marokko_22_20220520_075638.jpg?resize=1024%2C768&#038;ssl=1\" alt=\"\" class=\"wp-image-16609\" srcset=\"https:\/\/i0.wp.com\/www.deuxchevaux.ch\/wordpress\/wp-content\/uploads\/2022\/07\/raid_marokko_22_20220520_075638.jpg?resize=1024%2C768&amp;ssl=1 1024w, https:\/\/i0.wp.com\/www.deuxchevaux.ch\/wordpress\/wp-content\/uploads\/2022\/07\/raid_marokko_22_20220520_075638.jpg?resize=300%2C225&amp;ssl=1 300w, https:\/\/i0.wp.com\/www.deuxchevaux.ch\/wordpress\/wp-content\/uploads\/2022\/07\/raid_marokko_22_20220520_075638.jpg?resize=150%2C113&amp;ssl=1 150w, https:\/\/i0.wp.com\/www.deuxchevaux.ch\/wordpress\/wp-content\/uploads\/2022\/07\/raid_marokko_22_20220520_075638.jpg?resize=768%2C576&amp;ssl=1 768w, https:\/\/i0.wp.com\/www.deuxchevaux.ch\/wordpress\/wp-content\/uploads\/2022\/07\/raid_marokko_22_20220520_075638.jpg?resize=1536%2C1152&amp;ssl=1 1536w, https:\/\/i0.wp.com\/www.deuxchevaux.ch\/wordpress\/wp-content\/uploads\/2022\/07\/raid_marokko_22_20220520_075638.jpg?resize=920%2C690&amp;ssl=1 920w, https:\/\/i0.wp.com\/www.deuxchevaux.ch\/wordpress\/wp-content\/uploads\/2022\/07\/raid_marokko_22_20220520_075638.jpg?resize=230%2C173&amp;ssl=1 230w, https:\/\/i0.wp.com\/www.deuxchevaux.ch\/wordpress\/wp-content\/uploads\/2022\/07\/raid_marokko_22_20220520_075638.jpg?resize=350%2C263&amp;ssl=1 350w, https:\/\/i0.wp.com\/www.deuxchevaux.ch\/wordpress\/wp-content\/uploads\/2022\/07\/raid_marokko_22_20220520_075638.jpg?resize=480%2C360&amp;ssl=1 480w, https:\/\/i0.wp.com\/www.deuxchevaux.ch\/wordpress\/wp-content\/uploads\/2022\/07\/raid_marokko_22_20220520_075638.jpg?w=1600&amp;ssl=1 1600w\" sizes=\"(max-width: 1024px) 100vw, 1024px\" \/><\/figure>\n\n\n\n<p>20.5.22 Ausflug in einen \u00abGrenier\u00bb in d\u2019Amtoudi et Aguellou. Wir fuhren 70 km durch eine wundersch\u00f6ne Landschaft bis zum Ausgangspunkt zum Grenier. Ich konnte leider nicht mit hochgehen bei 40\u00b0 &#x1f609; und musste die Autos bewachen. Sadi bot mir einen Ritt auf dem Esel an. Ich wollte das arme Tier aber nicht plagen. Die Besucher des Grenier kamen alle begeistert zur\u00fcck. Es handelte sich um eine Befestigung aus dem 12. Jahrhundert die auch als Vorratskammer diente und Bienenv\u00f6lker Platz bot. Es wurden auch wichtige Dokumente und Vertr\u00e4ge aufbewahrt. Eigentlich wurde hier alles wichtige aufbewahrt f\u00fcr einen m\u00f6glichen fremden Angriff. Auf dem R\u00fcckweg hatte Bernadette einen Platten und die ganze Wagenkolone \u00abmusste\u00bb anhalten. Der Reifenwechsel dauerte 3 Minuten! Wir trainieren definitiv f\u00fcr die Formel 1.<\/p>\n\n\n\n<figure class=\"wp-block-image size-large\"><img data-recalc-dims=\"1\" loading=\"lazy\" decoding=\"async\" width=\"768\" height=\"1024\" data-attachment-id=\"16610\" data-permalink=\"https:\/\/www.deuxchevaux.ch\/wordpress\/raid-marokko-22-wie-ihn-ruth-und-nello-erlebten\/raid_marokko_22_20220520_145511-rotated\/\" data-orig-file=\"https:\/\/i0.wp.com\/www.deuxchevaux.ch\/wordpress\/wp-content\/uploads\/2022\/07\/raid_marokko_22_20220520_145511-rotated.jpg?fit=1200%2C1600&amp;ssl=1\" data-orig-size=\"1200,1600\" data-comments-opened=\"0\" data-image-meta=\"{&quot;aperture&quot;:&quot;1.7&quot;,&quot;credit&quot;:&quot;&quot;,&quot;camera&quot;:&quot;SM-G930F&quot;,&quot;caption&quot;:&quot;&quot;,&quot;created_timestamp&quot;:&quot;1653058510&quot;,&quot;copyright&quot;:&quot;&quot;,&quot;focal_length&quot;:&quot;4.2&quot;,&quot;iso&quot;:&quot;50&quot;,&quot;shutter_speed&quot;:&quot;0.00021258503401361&quot;,&quot;title&quot;:&quot;&quot;,&quot;orientation&quot;:&quot;1&quot;}\" data-image-title=\"Raid_Marokko_22_20220520_145511-rotated\" data-image-description=\"\" data-image-caption=\"\" data-medium-file=\"https:\/\/i0.wp.com\/www.deuxchevaux.ch\/wordpress\/wp-content\/uploads\/2022\/07\/raid_marokko_22_20220520_145511-rotated.jpg?fit=225%2C300&amp;ssl=1\" data-large-file=\"https:\/\/i0.wp.com\/www.deuxchevaux.ch\/wordpress\/wp-content\/uploads\/2022\/07\/raid_marokko_22_20220520_145511-rotated.jpg?fit=768%2C1024&amp;ssl=1\" src=\"https:\/\/i0.wp.com\/www.deuxchevaux.ch\/wordpress\/wp-content\/uploads\/2022\/07\/raid_marokko_22_20220520_145511-rotated.jpg?resize=768%2C1024&#038;ssl=1\" alt=\"\" class=\"wp-image-16610\" srcset=\"https:\/\/i0.wp.com\/www.deuxchevaux.ch\/wordpress\/wp-content\/uploads\/2022\/07\/raid_marokko_22_20220520_145511-rotated.jpg?resize=768%2C1024&amp;ssl=1 768w, https:\/\/i0.wp.com\/www.deuxchevaux.ch\/wordpress\/wp-content\/uploads\/2022\/07\/raid_marokko_22_20220520_145511-rotated.jpg?resize=225%2C300&amp;ssl=1 225w, https:\/\/i0.wp.com\/www.deuxchevaux.ch\/wordpress\/wp-content\/uploads\/2022\/07\/raid_marokko_22_20220520_145511-rotated.jpg?resize=113%2C150&amp;ssl=1 113w, https:\/\/i0.wp.com\/www.deuxchevaux.ch\/wordpress\/wp-content\/uploads\/2022\/07\/raid_marokko_22_20220520_145511-rotated.jpg?resize=1152%2C1536&amp;ssl=1 1152w, https:\/\/i0.wp.com\/www.deuxchevaux.ch\/wordpress\/wp-content\/uploads\/2022\/07\/raid_marokko_22_20220520_145511-rotated.jpg?resize=920%2C1227&amp;ssl=1 920w, https:\/\/i0.wp.com\/www.deuxchevaux.ch\/wordpress\/wp-content\/uploads\/2022\/07\/raid_marokko_22_20220520_145511-rotated.jpg?resize=230%2C307&amp;ssl=1 230w, https:\/\/i0.wp.com\/www.deuxchevaux.ch\/wordpress\/wp-content\/uploads\/2022\/07\/raid_marokko_22_20220520_145511-rotated.jpg?resize=350%2C467&amp;ssl=1 350w, https:\/\/i0.wp.com\/www.deuxchevaux.ch\/wordpress\/wp-content\/uploads\/2022\/07\/raid_marokko_22_20220520_145511-rotated.jpg?resize=480%2C640&amp;ssl=1 480w, https:\/\/i0.wp.com\/www.deuxchevaux.ch\/wordpress\/wp-content\/uploads\/2022\/07\/raid_marokko_22_20220520_145511-rotated.jpg?w=1200&amp;ssl=1 1200w\" sizes=\"(max-width: 768px) 100vw, 768px\" \/><\/figure>\n\n\n\n<p>21.5.22 Icht-Tafraoute \u00fcber die T\u00e4ler Igmir und Ait Mansour. Es ging rauf und runter, riesige Flussl\u00e4ufe ohne Wasser, gewaltige Felsformationen, weite Hochebenen und ein tolles Picknick im Palmenhain \u2013 inklusive Fussbad. Wir parkten unsere Autos auf dem Dorfplatz in Tafraoute. Es waren wieder einige Reparaturen angesagt und allgemeine Autopflege f\u00fcr die M\u00e4nner und Shopping f\u00fcr die Frauen. Wir wagten uns selbst\u00e4ndig in einen Souk und gaben unser Geld f\u00fcr Argan\u00f6l, Schuhe und Seife in einer Frauenkorporative aus. Herrlich! Wir genossen es.<\/p>\n\n\n\n<figure class=\"wp-block-image size-large\"><img data-recalc-dims=\"1\" loading=\"lazy\" decoding=\"async\" width=\"768\" height=\"1024\" data-attachment-id=\"16613\" data-permalink=\"https:\/\/www.deuxchevaux.ch\/wordpress\/raid-marokko-22-wie-ihn-ruth-und-nello-erlebten\/raid_marokko_22_20220521_130133-rotated\/\" data-orig-file=\"https:\/\/i0.wp.com\/www.deuxchevaux.ch\/wordpress\/wp-content\/uploads\/2022\/07\/raid_marokko_22_20220521_130133-rotated.jpg?fit=1200%2C1600&amp;ssl=1\" data-orig-size=\"1200,1600\" data-comments-opened=\"0\" data-image-meta=\"{&quot;aperture&quot;:&quot;1.7&quot;,&quot;credit&quot;:&quot;&quot;,&quot;camera&quot;:&quot;SM-G930F&quot;,&quot;caption&quot;:&quot;&quot;,&quot;created_timestamp&quot;:&quot;1653138093&quot;,&quot;copyright&quot;:&quot;&quot;,&quot;focal_length&quot;:&quot;4.2&quot;,&quot;iso&quot;:&quot;50&quot;,&quot;shutter_speed&quot;:&quot;0.002020202020202&quot;,&quot;title&quot;:&quot;&quot;,&quot;orientation&quot;:&quot;1&quot;}\" data-image-title=\"Raid_Marokko_22_20220521_130133-rotated\" data-image-description=\"\" data-image-caption=\"\" data-medium-file=\"https:\/\/i0.wp.com\/www.deuxchevaux.ch\/wordpress\/wp-content\/uploads\/2022\/07\/raid_marokko_22_20220521_130133-rotated.jpg?fit=225%2C300&amp;ssl=1\" data-large-file=\"https:\/\/i0.wp.com\/www.deuxchevaux.ch\/wordpress\/wp-content\/uploads\/2022\/07\/raid_marokko_22_20220521_130133-rotated.jpg?fit=768%2C1024&amp;ssl=1\" src=\"https:\/\/i0.wp.com\/www.deuxchevaux.ch\/wordpress\/wp-content\/uploads\/2022\/07\/raid_marokko_22_20220521_130133-rotated.jpg?resize=768%2C1024&#038;ssl=1\" alt=\"\" class=\"wp-image-16613\" srcset=\"https:\/\/i0.wp.com\/www.deuxchevaux.ch\/wordpress\/wp-content\/uploads\/2022\/07\/raid_marokko_22_20220521_130133-rotated.jpg?resize=768%2C1024&amp;ssl=1 768w, https:\/\/i0.wp.com\/www.deuxchevaux.ch\/wordpress\/wp-content\/uploads\/2022\/07\/raid_marokko_22_20220521_130133-rotated.jpg?resize=225%2C300&amp;ssl=1 225w, https:\/\/i0.wp.com\/www.deuxchevaux.ch\/wordpress\/wp-content\/uploads\/2022\/07\/raid_marokko_22_20220521_130133-rotated.jpg?resize=113%2C150&amp;ssl=1 113w, https:\/\/i0.wp.com\/www.deuxchevaux.ch\/wordpress\/wp-content\/uploads\/2022\/07\/raid_marokko_22_20220521_130133-rotated.jpg?resize=1152%2C1536&amp;ssl=1 1152w, https:\/\/i0.wp.com\/www.deuxchevaux.ch\/wordpress\/wp-content\/uploads\/2022\/07\/raid_marokko_22_20220521_130133-rotated.jpg?resize=920%2C1227&amp;ssl=1 920w, https:\/\/i0.wp.com\/www.deuxchevaux.ch\/wordpress\/wp-content\/uploads\/2022\/07\/raid_marokko_22_20220521_130133-rotated.jpg?resize=230%2C307&amp;ssl=1 230w, https:\/\/i0.wp.com\/www.deuxchevaux.ch\/wordpress\/wp-content\/uploads\/2022\/07\/raid_marokko_22_20220521_130133-rotated.jpg?resize=350%2C467&amp;ssl=1 350w, https:\/\/i0.wp.com\/www.deuxchevaux.ch\/wordpress\/wp-content\/uploads\/2022\/07\/raid_marokko_22_20220521_130133-rotated.jpg?resize=480%2C640&amp;ssl=1 480w, https:\/\/i0.wp.com\/www.deuxchevaux.ch\/wordpress\/wp-content\/uploads\/2022\/07\/raid_marokko_22_20220521_130133-rotated.jpg?w=1200&amp;ssl=1 1200w\" sizes=\"(max-width: 768px) 100vw, 768px\" \/><\/figure>\n\n\n\n<p>22.5.22 Tafraoute \u2013 Agadir. Heute hat Markus Geburtstag. Ich wurde gefragt, was ich ihm denn geschenkt h\u00e4tte. Meine Antwort \u2013 eine Fusssalbe mit Argan\u00f6l aus der Frauenkorporative &#x1f60a;. Die Fahrt nach Agadir f\u00fchrte durch eine enorm abwechslungsreiche und interessante Landschaft inklusive die Strasse querende riesige Schafherde. Die Temperatur lag bei \u00abk\u00fchlen\u00bb 27\u00b0. Man f\u00fchlte sich wieder wie ein Mensch, herrlich. Agadir ist eher modern. Wir haben den Hafen und den Strand besucht und man f\u00fchlte sich wieder etwas zur\u00fcck in der Zivilisation. Im Hafengebiet erhielt Markus v\/o Alibaba eine neue Frisur. Wir \u00fcbernachteten in einer wunderbaren Hotelanlage \u00abParadis Nomade\u00bb. Wir stiessen mit Markus an mit Bier und Wein.<\/p>\n\n\n\n<figure class=\"wp-block-image size-large\"><img data-recalc-dims=\"1\" loading=\"lazy\" decoding=\"async\" width=\"768\" height=\"1024\" data-attachment-id=\"16612\" data-permalink=\"https:\/\/www.deuxchevaux.ch\/wordpress\/raid-marokko-22-wie-ihn-ruth-und-nello-erlebten\/raid_marokko_22_20220522_173757-rotated\/\" data-orig-file=\"https:\/\/i0.wp.com\/www.deuxchevaux.ch\/wordpress\/wp-content\/uploads\/2022\/07\/raid_marokko_22_20220522_173757-rotated.jpg?fit=1200%2C1600&amp;ssl=1\" data-orig-size=\"1200,1600\" data-comments-opened=\"0\" data-image-meta=\"{&quot;aperture&quot;:&quot;1.7&quot;,&quot;credit&quot;:&quot;&quot;,&quot;camera&quot;:&quot;SM-G930F&quot;,&quot;caption&quot;:&quot;&quot;,&quot;created_timestamp&quot;:&quot;1653241077&quot;,&quot;copyright&quot;:&quot;&quot;,&quot;focal_length&quot;:&quot;4.2&quot;,&quot;iso&quot;:&quot;50&quot;,&quot;shutter_speed&quot;:&quot;0.0063694267515924&quot;,&quot;title&quot;:&quot;&quot;,&quot;orientation&quot;:&quot;1&quot;}\" data-image-title=\"Raid_Marokko_22_20220522_173757-rotated\" data-image-description=\"\" data-image-caption=\"\" data-medium-file=\"https:\/\/i0.wp.com\/www.deuxchevaux.ch\/wordpress\/wp-content\/uploads\/2022\/07\/raid_marokko_22_20220522_173757-rotated.jpg?fit=225%2C300&amp;ssl=1\" data-large-file=\"https:\/\/i0.wp.com\/www.deuxchevaux.ch\/wordpress\/wp-content\/uploads\/2022\/07\/raid_marokko_22_20220522_173757-rotated.jpg?fit=768%2C1024&amp;ssl=1\" src=\"https:\/\/i0.wp.com\/www.deuxchevaux.ch\/wordpress\/wp-content\/uploads\/2022\/07\/raid_marokko_22_20220522_173757-rotated.jpg?resize=768%2C1024&#038;ssl=1\" alt=\"\" class=\"wp-image-16612\" srcset=\"https:\/\/i0.wp.com\/www.deuxchevaux.ch\/wordpress\/wp-content\/uploads\/2022\/07\/raid_marokko_22_20220522_173757-rotated.jpg?resize=768%2C1024&amp;ssl=1 768w, https:\/\/i0.wp.com\/www.deuxchevaux.ch\/wordpress\/wp-content\/uploads\/2022\/07\/raid_marokko_22_20220522_173757-rotated.jpg?resize=225%2C300&amp;ssl=1 225w, https:\/\/i0.wp.com\/www.deuxchevaux.ch\/wordpress\/wp-content\/uploads\/2022\/07\/raid_marokko_22_20220522_173757-rotated.jpg?resize=113%2C150&amp;ssl=1 113w, https:\/\/i0.wp.com\/www.deuxchevaux.ch\/wordpress\/wp-content\/uploads\/2022\/07\/raid_marokko_22_20220522_173757-rotated.jpg?resize=1152%2C1536&amp;ssl=1 1152w, https:\/\/i0.wp.com\/www.deuxchevaux.ch\/wordpress\/wp-content\/uploads\/2022\/07\/raid_marokko_22_20220522_173757-rotated.jpg?resize=920%2C1227&amp;ssl=1 920w, https:\/\/i0.wp.com\/www.deuxchevaux.ch\/wordpress\/wp-content\/uploads\/2022\/07\/raid_marokko_22_20220522_173757-rotated.jpg?resize=230%2C307&amp;ssl=1 230w, https:\/\/i0.wp.com\/www.deuxchevaux.ch\/wordpress\/wp-content\/uploads\/2022\/07\/raid_marokko_22_20220522_173757-rotated.jpg?resize=350%2C467&amp;ssl=1 350w, https:\/\/i0.wp.com\/www.deuxchevaux.ch\/wordpress\/wp-content\/uploads\/2022\/07\/raid_marokko_22_20220522_173757-rotated.jpg?resize=480%2C640&amp;ssl=1 480w, https:\/\/i0.wp.com\/www.deuxchevaux.ch\/wordpress\/wp-content\/uploads\/2022\/07\/raid_marokko_22_20220522_173757-rotated.jpg?w=1200&amp;ssl=1 1200w\" sizes=\"(max-width: 768px) 100vw, 768px\" \/><\/figure>\n\n\n\n<p>23.5.22 Agadir \u2013 Marrakesch. Die Fahrt war ziemlich lang aber spannend. Wir parkten unsere Enten vor dem Hotel und gingen mit dem Taxi Downtown. Wir wollten den Souk besuchen. Er ist riesig. Die Ger\u00fcche und Farben \u00aberschlagen einem fast\u00bb. Wir haben uns noch mit letzten Souvenirs eingedeckt und eine Rast in einer Drogerie\/Apotheke gemacht. Wir bekamen eine kleine Einf\u00fchrung in die Heilpflanzen und Gew\u00fcrze von Marokko. Nach einer Teepause in einem netten Restaurant machten wir uns auf den R\u00fcckweg und versuchten uns im Wirrwarr des Souks zurechtzufinden. Wieder auf dem grossen Platz Jemaa-el-Fna entschlossen wir uns, mit der Pferdekutsche zur\u00fcck ins Hotel zu fahren.<\/p>\n\n\n\n<figure class=\"wp-block-image size-large\"><img data-recalc-dims=\"1\" loading=\"lazy\" decoding=\"async\" width=\"1024\" height=\"768\" data-attachment-id=\"16614\" data-permalink=\"https:\/\/www.deuxchevaux.ch\/wordpress\/raid-marokko-22-wie-ihn-ruth-und-nello-erlebten\/raid_marokko_22_20220524_090146\/\" data-orig-file=\"https:\/\/i0.wp.com\/www.deuxchevaux.ch\/wordpress\/wp-content\/uploads\/2022\/07\/raid_marokko_22_20220524_090146.jpg?fit=1600%2C1200&amp;ssl=1\" data-orig-size=\"1600,1200\" data-comments-opened=\"0\" data-image-meta=\"{&quot;aperture&quot;:&quot;1.7&quot;,&quot;credit&quot;:&quot;&quot;,&quot;camera&quot;:&quot;SM-G930F&quot;,&quot;caption&quot;:&quot;&quot;,&quot;created_timestamp&quot;:&quot;1653382906&quot;,&quot;copyright&quot;:&quot;&quot;,&quot;focal_length&quot;:&quot;4.2&quot;,&quot;iso&quot;:&quot;50&quot;,&quot;shutter_speed&quot;:&quot;0.0045871559633028&quot;,&quot;title&quot;:&quot;&quot;,&quot;orientation&quot;:&quot;1&quot;}\" data-image-title=\"Raid_Marokko_22_20220524_090146\" data-image-description=\"\" data-image-caption=\"\" data-medium-file=\"https:\/\/i0.wp.com\/www.deuxchevaux.ch\/wordpress\/wp-content\/uploads\/2022\/07\/raid_marokko_22_20220524_090146.jpg?fit=300%2C225&amp;ssl=1\" data-large-file=\"https:\/\/i0.wp.com\/www.deuxchevaux.ch\/wordpress\/wp-content\/uploads\/2022\/07\/raid_marokko_22_20220524_090146.jpg?fit=1024%2C768&amp;ssl=1\" src=\"https:\/\/i0.wp.com\/www.deuxchevaux.ch\/wordpress\/wp-content\/uploads\/2022\/07\/raid_marokko_22_20220524_090146.jpg?resize=1024%2C768&#038;ssl=1\" alt=\"\" class=\"wp-image-16614\" srcset=\"https:\/\/i0.wp.com\/www.deuxchevaux.ch\/wordpress\/wp-content\/uploads\/2022\/07\/raid_marokko_22_20220524_090146.jpg?resize=1024%2C768&amp;ssl=1 1024w, https:\/\/i0.wp.com\/www.deuxchevaux.ch\/wordpress\/wp-content\/uploads\/2022\/07\/raid_marokko_22_20220524_090146.jpg?resize=300%2C225&amp;ssl=1 300w, https:\/\/i0.wp.com\/www.deuxchevaux.ch\/wordpress\/wp-content\/uploads\/2022\/07\/raid_marokko_22_20220524_090146.jpg?resize=150%2C113&amp;ssl=1 150w, https:\/\/i0.wp.com\/www.deuxchevaux.ch\/wordpress\/wp-content\/uploads\/2022\/07\/raid_marokko_22_20220524_090146.jpg?resize=768%2C576&amp;ssl=1 768w, https:\/\/i0.wp.com\/www.deuxchevaux.ch\/wordpress\/wp-content\/uploads\/2022\/07\/raid_marokko_22_20220524_090146.jpg?resize=1536%2C1152&amp;ssl=1 1536w, https:\/\/i0.wp.com\/www.deuxchevaux.ch\/wordpress\/wp-content\/uploads\/2022\/07\/raid_marokko_22_20220524_090146.jpg?resize=920%2C690&amp;ssl=1 920w, https:\/\/i0.wp.com\/www.deuxchevaux.ch\/wordpress\/wp-content\/uploads\/2022\/07\/raid_marokko_22_20220524_090146.jpg?resize=230%2C173&amp;ssl=1 230w, https:\/\/i0.wp.com\/www.deuxchevaux.ch\/wordpress\/wp-content\/uploads\/2022\/07\/raid_marokko_22_20220524_090146.jpg?resize=350%2C263&amp;ssl=1 350w, https:\/\/i0.wp.com\/www.deuxchevaux.ch\/wordpress\/wp-content\/uploads\/2022\/07\/raid_marokko_22_20220524_090146.jpg?resize=480%2C360&amp;ssl=1 480w, https:\/\/i0.wp.com\/www.deuxchevaux.ch\/wordpress\/wp-content\/uploads\/2022\/07\/raid_marokko_22_20220524_090146.jpg?w=1600&amp;ssl=1 1600w\" sizes=\"(max-width: 1024px) 100vw, 1024px\" \/><\/figure>\n\n\n\n<p>24.5.22 Marrakesch \u2013 Rabat. Am Morgen fr\u00fch verabschieden wir uns von unserem Reiseleiter Jean-Claude Bru und seiner Enkelin. Sadi f\u00fchrte uns bis Rabat. Die abenteuerliche Reise f\u00fchrte uns einen Teil auf der Hauptstrasse. Wir haben sehr viele Tiertransporte gesehen. Es lohnt sich durchaus, die Bilder etwas zu vergr\u00f6ssern. Dann ging es kurz vor Casablanca auf die Autobahn. Es war sehr anspruchsvoll. \u00dcberholt wird links, rechts, zickzack oder einfach wie es einem gef\u00e4llt und das nicht zu langsam. Ich muss schnell mal austreten \u2013 Halt auf dem Pannenstreifen. Radwechsel beim Lastwagen auf der rechten Fahrspur. Ich halte den Bus auf um mitzufahren. Das Bord wird mit Schafen gem\u00e4ht \u2013 ohne Zaun! Nello sah sogar ein Huhn auf dem Grasstreifen. Nach dem Abschied von unserem lieben Freund Sadi sind die einen zum Strand gelaufen um dem Meer Hallo zu sagen, die anderen haben den Bahnhof genauer unter die Lupe genommen \u2013 Architekt ist Youssef Melehi. Es ist ein eindr\u00fccklicher Bau und Christoph konnte wieder einmal einen Zug anschauen.<\/p>\n\n\n\n<figure class=\"wp-block-image size-large\"><img data-recalc-dims=\"1\" loading=\"lazy\" decoding=\"async\" width=\"1024\" height=\"768\" data-attachment-id=\"16615\" data-permalink=\"https:\/\/www.deuxchevaux.ch\/wordpress\/raid-marokko-22-wie-ihn-ruth-und-nello-erlebten\/raid_marokko_22_20220524_115227\/\" data-orig-file=\"https:\/\/i0.wp.com\/www.deuxchevaux.ch\/wordpress\/wp-content\/uploads\/2022\/07\/raid_marokko_22_20220524_115227.jpg?fit=1600%2C1200&amp;ssl=1\" data-orig-size=\"1600,1200\" data-comments-opened=\"0\" data-image-meta=\"{&quot;aperture&quot;:&quot;1.7&quot;,&quot;credit&quot;:&quot;&quot;,&quot;camera&quot;:&quot;SM-G930F&quot;,&quot;caption&quot;:&quot;&quot;,&quot;created_timestamp&quot;:&quot;1653393147&quot;,&quot;copyright&quot;:&quot;&quot;,&quot;focal_length&quot;:&quot;4.2&quot;,&quot;iso&quot;:&quot;50&quot;,&quot;shutter_speed&quot;:&quot;0.00033244680851064&quot;,&quot;title&quot;:&quot;&quot;,&quot;orientation&quot;:&quot;1&quot;}\" data-image-title=\"Raid_Marokko_22_20220524_115227\" data-image-description=\"\" data-image-caption=\"\" data-medium-file=\"https:\/\/i0.wp.com\/www.deuxchevaux.ch\/wordpress\/wp-content\/uploads\/2022\/07\/raid_marokko_22_20220524_115227.jpg?fit=300%2C225&amp;ssl=1\" data-large-file=\"https:\/\/i0.wp.com\/www.deuxchevaux.ch\/wordpress\/wp-content\/uploads\/2022\/07\/raid_marokko_22_20220524_115227.jpg?fit=1024%2C768&amp;ssl=1\" src=\"https:\/\/i0.wp.com\/www.deuxchevaux.ch\/wordpress\/wp-content\/uploads\/2022\/07\/raid_marokko_22_20220524_115227.jpg?resize=1024%2C768&#038;ssl=1\" alt=\"\" class=\"wp-image-16615\" srcset=\"https:\/\/i0.wp.com\/www.deuxchevaux.ch\/wordpress\/wp-content\/uploads\/2022\/07\/raid_marokko_22_20220524_115227.jpg?resize=1024%2C768&amp;ssl=1 1024w, https:\/\/i0.wp.com\/www.deuxchevaux.ch\/wordpress\/wp-content\/uploads\/2022\/07\/raid_marokko_22_20220524_115227.jpg?resize=300%2C225&amp;ssl=1 300w, https:\/\/i0.wp.com\/www.deuxchevaux.ch\/wordpress\/wp-content\/uploads\/2022\/07\/raid_marokko_22_20220524_115227.jpg?resize=150%2C113&amp;ssl=1 150w, https:\/\/i0.wp.com\/www.deuxchevaux.ch\/wordpress\/wp-content\/uploads\/2022\/07\/raid_marokko_22_20220524_115227.jpg?resize=768%2C576&amp;ssl=1 768w, https:\/\/i0.wp.com\/www.deuxchevaux.ch\/wordpress\/wp-content\/uploads\/2022\/07\/raid_marokko_22_20220524_115227.jpg?resize=1536%2C1152&amp;ssl=1 1536w, https:\/\/i0.wp.com\/www.deuxchevaux.ch\/wordpress\/wp-content\/uploads\/2022\/07\/raid_marokko_22_20220524_115227.jpg?resize=920%2C690&amp;ssl=1 920w, https:\/\/i0.wp.com\/www.deuxchevaux.ch\/wordpress\/wp-content\/uploads\/2022\/07\/raid_marokko_22_20220524_115227.jpg?resize=230%2C173&amp;ssl=1 230w, https:\/\/i0.wp.com\/www.deuxchevaux.ch\/wordpress\/wp-content\/uploads\/2022\/07\/raid_marokko_22_20220524_115227.jpg?resize=350%2C263&amp;ssl=1 350w, https:\/\/i0.wp.com\/www.deuxchevaux.ch\/wordpress\/wp-content\/uploads\/2022\/07\/raid_marokko_22_20220524_115227.jpg?resize=480%2C360&amp;ssl=1 480w, https:\/\/i0.wp.com\/www.deuxchevaux.ch\/wordpress\/wp-content\/uploads\/2022\/07\/raid_marokko_22_20220524_115227.jpg?w=1600&amp;ssl=1 1600w\" sizes=\"(max-width: 1024px) 100vw, 1024px\" \/><\/figure>\n\n\n\n<p>25.5.22 Rabat \u2013 Tanger Med. Unser letzter Reisetag in Marokko. Es sind gute 300 km zu fahren, viel Autobahn immer wieder mit \u00dcberquerungen inkl. Rampen. So k\u00f6nnen auch Schafherden oder Esel die Autobahn queren. Wir haben auf einer Rastst\u00e4tte auch einen \u00abAbfallbaum\u00bb entdeckt und nat\u00fcrlich wieder Storchennester. Der Wirt unseres ersten Hotels Villa Marine in Ksar Sghir hat f\u00fcr uns Sandwiches vorbereitet und Getr\u00e4nke k\u00fchlgestellt. So k\u00f6nnen wir die Wartezeit bis zur Abfahrt der F\u00e4hre von Tanger Med nach Genua \u00fcberbr\u00fccken.<\/p>\n\n\n\n<figure class=\"wp-block-image size-large\"><img data-recalc-dims=\"1\" loading=\"lazy\" decoding=\"async\" width=\"1024\" height=\"768\" data-attachment-id=\"16616\" data-permalink=\"https:\/\/www.deuxchevaux.ch\/wordpress\/raid-marokko-22-wie-ihn-ruth-und-nello-erlebten\/raid_marokko_22_20220525_195911\/\" data-orig-file=\"https:\/\/i0.wp.com\/www.deuxchevaux.ch\/wordpress\/wp-content\/uploads\/2022\/07\/raid_marokko_22_20220525_195911.jpg?fit=1600%2C1200&amp;ssl=1\" data-orig-size=\"1600,1200\" data-comments-opened=\"0\" data-image-meta=\"{&quot;aperture&quot;:&quot;1.7&quot;,&quot;credit&quot;:&quot;&quot;,&quot;camera&quot;:&quot;SM-G930F&quot;,&quot;caption&quot;:&quot;&quot;,&quot;created_timestamp&quot;:&quot;1653508751&quot;,&quot;copyright&quot;:&quot;&quot;,&quot;focal_length&quot;:&quot;4.2&quot;,&quot;iso&quot;:&quot;50&quot;,&quot;shutter_speed&quot;:&quot;0.00049800796812749&quot;,&quot;title&quot;:&quot;&quot;,&quot;orientation&quot;:&quot;1&quot;}\" data-image-title=\"Raid_Marokko_22_20220525_195911\" data-image-description=\"\" data-image-caption=\"\" data-medium-file=\"https:\/\/i0.wp.com\/www.deuxchevaux.ch\/wordpress\/wp-content\/uploads\/2022\/07\/raid_marokko_22_20220525_195911.jpg?fit=300%2C225&amp;ssl=1\" data-large-file=\"https:\/\/i0.wp.com\/www.deuxchevaux.ch\/wordpress\/wp-content\/uploads\/2022\/07\/raid_marokko_22_20220525_195911.jpg?fit=1024%2C768&amp;ssl=1\" src=\"https:\/\/i0.wp.com\/www.deuxchevaux.ch\/wordpress\/wp-content\/uploads\/2022\/07\/raid_marokko_22_20220525_195911.jpg?resize=1024%2C768&#038;ssl=1\" alt=\"\" class=\"wp-image-16616\" srcset=\"https:\/\/i0.wp.com\/www.deuxchevaux.ch\/wordpress\/wp-content\/uploads\/2022\/07\/raid_marokko_22_20220525_195911.jpg?resize=1024%2C768&amp;ssl=1 1024w, https:\/\/i0.wp.com\/www.deuxchevaux.ch\/wordpress\/wp-content\/uploads\/2022\/07\/raid_marokko_22_20220525_195911.jpg?resize=300%2C225&amp;ssl=1 300w, https:\/\/i0.wp.com\/www.deuxchevaux.ch\/wordpress\/wp-content\/uploads\/2022\/07\/raid_marokko_22_20220525_195911.jpg?resize=150%2C113&amp;ssl=1 150w, https:\/\/i0.wp.com\/www.deuxchevaux.ch\/wordpress\/wp-content\/uploads\/2022\/07\/raid_marokko_22_20220525_195911.jpg?resize=768%2C576&amp;ssl=1 768w, https:\/\/i0.wp.com\/www.deuxchevaux.ch\/wordpress\/wp-content\/uploads\/2022\/07\/raid_marokko_22_20220525_195911.jpg?resize=1536%2C1152&amp;ssl=1 1536w, https:\/\/i0.wp.com\/www.deuxchevaux.ch\/wordpress\/wp-content\/uploads\/2022\/07\/raid_marokko_22_20220525_195911.jpg?resize=920%2C690&amp;ssl=1 920w, https:\/\/i0.wp.com\/www.deuxchevaux.ch\/wordpress\/wp-content\/uploads\/2022\/07\/raid_marokko_22_20220525_195911.jpg?resize=230%2C173&amp;ssl=1 230w, https:\/\/i0.wp.com\/www.deuxchevaux.ch\/wordpress\/wp-content\/uploads\/2022\/07\/raid_marokko_22_20220525_195911.jpg?resize=350%2C263&amp;ssl=1 350w, https:\/\/i0.wp.com\/www.deuxchevaux.ch\/wordpress\/wp-content\/uploads\/2022\/07\/raid_marokko_22_20220525_195911.jpg?resize=480%2C360&amp;ssl=1 480w, https:\/\/i0.wp.com\/www.deuxchevaux.ch\/wordpress\/wp-content\/uploads\/2022\/07\/raid_marokko_22_20220525_195911.jpg?w=1600&amp;ssl=1 1600w\" sizes=\"(max-width: 1024px) 100vw, 1024px\" \/><\/figure>\n\n\n\n<p>Und zum Schluss<br \/>Marokko hat sehr grossen Eindruck auf uns gemacht. Die verschiedenen Landschaften, die liebensw\u00fcrdigen und freundlichen Menschen, die fremde Kultur, merken &#8211; wo Wasser ist ist Leben. Aber auch die Armut und der viele herumliegende Plastik haben uns beeindruckt, die Trockenheit und sterbende Dattelplantagen. Man wird wieder geerdet und sch\u00e4tzt die vielen Annehmlichkeiten zuhause. Nicht vergessen m\u00f6chten wir Danke zu sagen. Ein riesengrosses Danke an George und Claudio f\u00fcr die Organisation und die Geduld mit uns. Wir waren manchmal ziemlich chaotisch. Ein Dank aber auch an alle Teilnehmer und den tollen Teamgeist. Es war sch\u00f6n mit Euch!<\/p>\n\n\n\n<p>Die Autoren dieses Erlebnisberichtes sind&nbsp;<em>Ruth und Markus v\/o Nello&nbsp;vom Team 7<\/em>. Vielen Dank! Die Bilder dazu findet ihr den beiden Ordnern&nbsp;<a rel=\"noreferrer noopener\" href=\"https:\/\/1drv.ms\/f\/s!AgoezRGZqWVSrvEIVHLL4mhLDHi4cg\" target=\"_blank\">Fotos Marokko 22<\/a>&nbsp;und&nbsp;<a rel=\"noreferrer noopener\" href=\"https:\/\/1drv.ms\/f\/s!AgoezRGZqWVSrvEpANVzO4Y9pY4lPQ\" target=\"_blank\">Videos Marokko 22<\/a>. Zu der immensen Foto- und Videosammlung haben alle Teams beigetragen. Im Moment gibt es 2\u2019505 Bilder und 37 Videos!<\/p>\n\n\n\n<figure class=\"wp-block-image size-large\"><img data-recalc-dims=\"1\" loading=\"lazy\" decoding=\"async\" width=\"768\" height=\"1024\" data-attachment-id=\"16618\" data-permalink=\"https:\/\/www.deuxchevaux.ch\/wordpress\/raid-marokko-22-wie-ihn-ruth-und-nello-erlebten\/raid_marokko_22_img_1884-rotated\/\" data-orig-file=\"https:\/\/i0.wp.com\/www.deuxchevaux.ch\/wordpress\/wp-content\/uploads\/2022\/07\/raid_marokko_22_img_1884-rotated.jpg?fit=1200%2C1600&amp;ssl=1\" data-orig-size=\"1200,1600\" data-comments-opened=\"0\" data-image-meta=\"{&quot;aperture&quot;:&quot;1.8&quot;,&quot;credit&quot;:&quot;&quot;,&quot;camera&quot;:&quot;iPhone SE (2nd generation)&quot;,&quot;caption&quot;:&quot;&quot;,&quot;created_timestamp&quot;:&quot;1652447764&quot;,&quot;copyright&quot;:&quot;&quot;,&quot;focal_length&quot;:&quot;3.99&quot;,&quot;iso&quot;:&quot;20&quot;,&quot;shutter_speed&quot;:&quot;0.00033300033300033&quot;,&quot;title&quot;:&quot;&quot;,&quot;orientation&quot;:&quot;1&quot;}\" data-image-title=\"Raid_Marokko_22_IMG_1884-rotated\" data-image-description=\"\" data-image-caption=\"\" data-medium-file=\"https:\/\/i0.wp.com\/www.deuxchevaux.ch\/wordpress\/wp-content\/uploads\/2022\/07\/raid_marokko_22_img_1884-rotated.jpg?fit=225%2C300&amp;ssl=1\" data-large-file=\"https:\/\/i0.wp.com\/www.deuxchevaux.ch\/wordpress\/wp-content\/uploads\/2022\/07\/raid_marokko_22_img_1884-rotated.jpg?fit=768%2C1024&amp;ssl=1\" src=\"https:\/\/i0.wp.com\/www.deuxchevaux.ch\/wordpress\/wp-content\/uploads\/2022\/07\/raid_marokko_22_img_1884-rotated.jpg?resize=768%2C1024&#038;ssl=1\" alt=\"\" class=\"wp-image-16618\" srcset=\"https:\/\/i0.wp.com\/www.deuxchevaux.ch\/wordpress\/wp-content\/uploads\/2022\/07\/raid_marokko_22_img_1884-rotated.jpg?resize=768%2C1024&amp;ssl=1 768w, https:\/\/i0.wp.com\/www.deuxchevaux.ch\/wordpress\/wp-content\/uploads\/2022\/07\/raid_marokko_22_img_1884-rotated.jpg?resize=225%2C300&amp;ssl=1 225w, https:\/\/i0.wp.com\/www.deuxchevaux.ch\/wordpress\/wp-content\/uploads\/2022\/07\/raid_marokko_22_img_1884-rotated.jpg?resize=113%2C150&amp;ssl=1 113w, https:\/\/i0.wp.com\/www.deuxchevaux.ch\/wordpress\/wp-content\/uploads\/2022\/07\/raid_marokko_22_img_1884-rotated.jpg?resize=1152%2C1536&amp;ssl=1 1152w, https:\/\/i0.wp.com\/www.deuxchevaux.ch\/wordpress\/wp-content\/uploads\/2022\/07\/raid_marokko_22_img_1884-rotated.jpg?resize=920%2C1227&amp;ssl=1 920w, https:\/\/i0.wp.com\/www.deuxchevaux.ch\/wordpress\/wp-content\/uploads\/2022\/07\/raid_marokko_22_img_1884-rotated.jpg?resize=230%2C307&amp;ssl=1 230w, https:\/\/i0.wp.com\/www.deuxchevaux.ch\/wordpress\/wp-content\/uploads\/2022\/07\/raid_marokko_22_img_1884-rotated.jpg?resize=350%2C467&amp;ssl=1 350w, https:\/\/i0.wp.com\/www.deuxchevaux.ch\/wordpress\/wp-content\/uploads\/2022\/07\/raid_marokko_22_img_1884-rotated.jpg?resize=480%2C640&amp;ssl=1 480w, https:\/\/i0.wp.com\/www.deuxchevaux.ch\/wordpress\/wp-content\/uploads\/2022\/07\/raid_marokko_22_img_1884-rotated.jpg?w=1200&amp;ssl=1 1200w\" sizes=\"(max-width: 768px) 100vw, 768px\" \/><\/figure>\n","protected":false},"excerpt":{"rendered":"<p>Wir starteten am 15. 4. 22 zusammen mit Bernadette Florio um auf dem Landweg nach Alceceira und mit der F\u00e4hre nach Tanger [&hellip;]<\/p>\n","protected":false},"author":1,"featured_media":16595,"comment_status":"closed","ping_status":"closed","sticky":false,"template":"","format":"standard","meta":{"_jetpack_memberships_contains_paid_content":false,"footnotes":""},"categories":[1,9],"tags":[],"class_list":["post-16590","post","type-post","status-publish","format-standard","has-post-thumbnail","hentry","category-club","category-reise"],"jetpack_featured_media_url":"https:\/\/i0.wp.com\/www.deuxchevaux.ch\/wordpress\/wp-content\/uploads\/2022\/07\/raid_marokko_22_20220518_134526-rotated.jpg?fit=1200%2C1600&ssl=1","jetpack_sharing_enabled":true,"_links":{"self":[{"href":"https:\/\/www.deuxchevaux.ch\/wordpress\/wp-json\/wp\/v2\/posts\/16590"}],"collection":[{"href":"https:\/\/www.deuxchevaux.ch\/wordpress\/wp-json\/wp\/v2\/posts"}],"about":[{"href":"https:\/\/www.deuxchevaux.ch\/wordpress\/wp-json\/wp\/v2\/types\/post"}],"author":[{"embeddable":true,"href":"https:\/\/www.deuxchevaux.ch\/wordpress\/wp-json\/wp\/v2\/users\/1"}],"replies":[{"embeddable":true,"href":"https:\/\/www.deuxchevaux.ch\/wordpress\/wp-json\/wp\/v2\/comments?post=16590"}],"version-history":[{"count":9,"href":"https:\/\/www.deuxchevaux.ch\/wordpress\/wp-json\/wp\/v2\/posts\/16590\/revisions"}],"predecessor-version":[{"id":16625,"href":"https:\/\/www.deuxchevaux.ch\/wordpress\/wp-json\/wp\/v2\/posts\/16590\/revisions\/16625"}],"wp:featuredmedia":[{"embeddable":true,"href":"https:\/\/www.deuxchevaux.ch\/wordpress\/wp-json\/wp\/v2\/media\/16595"}],"wp:attachment":[{"href":"https:\/\/www.deuxchevaux.ch\/wordpress\/wp-json\/wp\/v2\/media?parent=16590"}],"wp:term":[{"taxonomy":"category","embeddable":true,"href":"https:\/\/www.deuxchevaux.ch\/wordpress\/wp-json\/wp\/v2\/categories?post=16590"},{"taxonomy":"post_tag","embeddable":true,"href":"https:\/\/www.deuxchevaux.ch\/wordpress\/wp-json\/wp\/v2\/tags?post=16590"}],"curies":[{"name":"wp","href":"https:\/\/api.w.org\/{rel}","templated":true}]}}