{"id":17112,"date":"2023-09-07T18:13:15","date_gmt":"2023-09-07T16:13:15","guid":{"rendered":"https:\/\/www.deuxchevaux.ch\/wordpress\/?p=17112"},"modified":"2024-04-09T14:05:14","modified_gmt":"2024-04-09T12:05:14","slug":"herbstausflug-23","status":"publish","type":"post","link":"https:\/\/www.deuxchevaux.ch\/wordpress\/herbstausflug-23\/","title":{"rendered":"Herbstausflug 23"},"content":{"rendered":"\n<p>Wir trafen uns wieder im Heggidorn zu unserem aktuellen Herbstausflug. Am Sonntag, den 3. September 2023. Der Parkplatz der Minigolfanlage diente schon mehrmals als Treffpunkt f\u00fcr unsere Ausfl\u00fcge. <\/p>\n\n\n\n<figure class=\"wp-block-image size-large\"><img data-recalc-dims=\"1\" loading=\"lazy\" decoding=\"async\" width=\"1024\" height=\"485\" data-attachment-id=\"17113\" data-permalink=\"https:\/\/www.deuxchevaux.ch\/wordpress\/herbstausflug-23\/herbstausflug_23_20230903_95103\/\" data-orig-file=\"https:\/\/i0.wp.com\/www.deuxchevaux.ch\/wordpress\/wp-content\/uploads\/2023\/09\/herbstausflug_23_20230903_95103.jpg?fit=2536%2C1200&amp;ssl=1\" data-orig-size=\"2536,1200\" data-comments-opened=\"0\" data-image-meta=\"{&quot;aperture&quot;:&quot;2.4&quot;,&quot;credit&quot;:&quot;&quot;,&quot;camera&quot;:&quot;SM-G970U1&quot;,&quot;caption&quot;:&quot;&quot;,&quot;created_timestamp&quot;:&quot;1693734662&quot;,&quot;copyright&quot;:&quot;&quot;,&quot;focal_length&quot;:&quot;4.3&quot;,&quot;iso&quot;:&quot;50&quot;,&quot;shutter_speed&quot;:&quot;0.0011547344110855&quot;,&quot;title&quot;:&quot;&quot;,&quot;orientation&quot;:&quot;1&quot;}\" data-image-title=\"herbstausflug_23_20230903_095102\" data-image-description=\"\" data-image-caption=\"\" data-medium-file=\"https:\/\/i0.wp.com\/www.deuxchevaux.ch\/wordpress\/wp-content\/uploads\/2023\/09\/herbstausflug_23_20230903_95103.jpg?fit=300%2C142&amp;ssl=1\" data-large-file=\"https:\/\/i0.wp.com\/www.deuxchevaux.ch\/wordpress\/wp-content\/uploads\/2023\/09\/herbstausflug_23_20230903_95103.jpg?fit=1024%2C485&amp;ssl=1\" src=\"https:\/\/i0.wp.com\/www.deuxchevaux.ch\/wordpress\/wp-content\/uploads\/2023\/09\/herbstausflug_23_20230903_95103.jpg?resize=1024%2C485&#038;ssl=1\" alt=\"\" class=\"wp-image-17113\" srcset=\"https:\/\/i0.wp.com\/www.deuxchevaux.ch\/wordpress\/wp-content\/uploads\/2023\/09\/herbstausflug_23_20230903_95103.jpg?resize=1024%2C485&amp;ssl=1 1024w, https:\/\/i0.wp.com\/www.deuxchevaux.ch\/wordpress\/wp-content\/uploads\/2023\/09\/herbstausflug_23_20230903_95103.jpg?resize=300%2C142&amp;ssl=1 300w, https:\/\/i0.wp.com\/www.deuxchevaux.ch\/wordpress\/wp-content\/uploads\/2023\/09\/herbstausflug_23_20230903_95103.jpg?resize=150%2C71&amp;ssl=1 150w, https:\/\/i0.wp.com\/www.deuxchevaux.ch\/wordpress\/wp-content\/uploads\/2023\/09\/herbstausflug_23_20230903_95103.jpg?resize=768%2C363&amp;ssl=1 768w, https:\/\/i0.wp.com\/www.deuxchevaux.ch\/wordpress\/wp-content\/uploads\/2023\/09\/herbstausflug_23_20230903_95103.jpg?resize=1536%2C727&amp;ssl=1 1536w, https:\/\/i0.wp.com\/www.deuxchevaux.ch\/wordpress\/wp-content\/uploads\/2023\/09\/herbstausflug_23_20230903_95103.jpg?resize=2048%2C969&amp;ssl=1 2048w, https:\/\/i0.wp.com\/www.deuxchevaux.ch\/wordpress\/wp-content\/uploads\/2023\/09\/herbstausflug_23_20230903_95103.jpg?resize=1000%2C473&amp;ssl=1 1000w, https:\/\/i0.wp.com\/www.deuxchevaux.ch\/wordpress\/wp-content\/uploads\/2023\/09\/herbstausflug_23_20230903_95103.jpg?resize=230%2C109&amp;ssl=1 230w, https:\/\/i0.wp.com\/www.deuxchevaux.ch\/wordpress\/wp-content\/uploads\/2023\/09\/herbstausflug_23_20230903_95103.jpg?resize=350%2C166&amp;ssl=1 350w, https:\/\/i0.wp.com\/www.deuxchevaux.ch\/wordpress\/wp-content\/uploads\/2023\/09\/herbstausflug_23_20230903_95103.jpg?resize=480%2C227&amp;ssl=1 480w, https:\/\/i0.wp.com\/www.deuxchevaux.ch\/wordpress\/wp-content\/uploads\/2023\/09\/herbstausflug_23_20230903_95103.jpg?w=2340&amp;ssl=1 2340w\" sizes=\"(max-width: 1024px) 100vw, 1024px\" \/><\/figure>\n\n\n\n<p>Kurz vor 10:00h hatten sich knapp 20 Clubmitglieder mit 10 D\u00f6schwos eingefunden. Die Lysser-Fraktion erz\u00e4hlte enthusiastisch von der ph\u00e4nomenalen Aussicht, genossen bei ihrer Anfahrt \u00fcber Saurenhorn. Alfred, Linda und Stefan schilderten mit leuchtenden Augen die fordernden Steigungen der kleinen Str\u00e4sschen um den Stausee Niederried. Daneben erschien meine Anfahrt &#8211; Autobahn B\u00fcmpliz bis Frauenkappelen &#8211; doch eher bescheiden. Ich enthielt mich also neidvoll detaillierten Schilderungen derselben. Weils keine Details zu schildern gab \ud83d\ude41<\/p>\n\n\n\n<figure class=\"wp-block-image size-large\"><img data-recalc-dims=\"1\" loading=\"lazy\" decoding=\"async\" width=\"1024\" height=\"485\" data-attachment-id=\"17114\" data-permalink=\"https:\/\/www.deuxchevaux.ch\/wordpress\/herbstausflug-23\/herbstausflug_23_20230903_102058\/\" data-orig-file=\"https:\/\/i0.wp.com\/www.deuxchevaux.ch\/wordpress\/wp-content\/uploads\/2023\/09\/herbstausflug_23_20230903_102058.jpg?fit=2536%2C1200&amp;ssl=1\" data-orig-size=\"2536,1200\" data-comments-opened=\"0\" data-image-meta=\"{&quot;aperture&quot;:&quot;2.4&quot;,&quot;credit&quot;:&quot;&quot;,&quot;camera&quot;:&quot;SM-G970U1&quot;,&quot;caption&quot;:&quot;&quot;,&quot;created_timestamp&quot;:&quot;1693736458&quot;,&quot;copyright&quot;:&quot;&quot;,&quot;focal_length&quot;:&quot;4.3&quot;,&quot;iso&quot;:&quot;50&quot;,&quot;shutter_speed&quot;:&quot;0.0010449320794148&quot;,&quot;title&quot;:&quot;&quot;,&quot;orientation&quot;:&quot;1&quot;}\" data-image-title=\"herbstausflug_23_20230903_102057\" data-image-description=\"\" data-image-caption=\"\" data-medium-file=\"https:\/\/i0.wp.com\/www.deuxchevaux.ch\/wordpress\/wp-content\/uploads\/2023\/09\/herbstausflug_23_20230903_102058.jpg?fit=300%2C142&amp;ssl=1\" data-large-file=\"https:\/\/i0.wp.com\/www.deuxchevaux.ch\/wordpress\/wp-content\/uploads\/2023\/09\/herbstausflug_23_20230903_102058.jpg?fit=1024%2C485&amp;ssl=1\" src=\"https:\/\/i0.wp.com\/www.deuxchevaux.ch\/wordpress\/wp-content\/uploads\/2023\/09\/herbstausflug_23_20230903_102058.jpg?resize=1024%2C485&#038;ssl=1\" alt=\"\" class=\"wp-image-17114\" srcset=\"https:\/\/i0.wp.com\/www.deuxchevaux.ch\/wordpress\/wp-content\/uploads\/2023\/09\/herbstausflug_23_20230903_102058.jpg?resize=1024%2C485&amp;ssl=1 1024w, https:\/\/i0.wp.com\/www.deuxchevaux.ch\/wordpress\/wp-content\/uploads\/2023\/09\/herbstausflug_23_20230903_102058.jpg?resize=300%2C142&amp;ssl=1 300w, https:\/\/i0.wp.com\/www.deuxchevaux.ch\/wordpress\/wp-content\/uploads\/2023\/09\/herbstausflug_23_20230903_102058.jpg?resize=150%2C71&amp;ssl=1 150w, https:\/\/i0.wp.com\/www.deuxchevaux.ch\/wordpress\/wp-content\/uploads\/2023\/09\/herbstausflug_23_20230903_102058.jpg?resize=768%2C363&amp;ssl=1 768w, https:\/\/i0.wp.com\/www.deuxchevaux.ch\/wordpress\/wp-content\/uploads\/2023\/09\/herbstausflug_23_20230903_102058.jpg?resize=1536%2C727&amp;ssl=1 1536w, https:\/\/i0.wp.com\/www.deuxchevaux.ch\/wordpress\/wp-content\/uploads\/2023\/09\/herbstausflug_23_20230903_102058.jpg?resize=2048%2C969&amp;ssl=1 2048w, https:\/\/i0.wp.com\/www.deuxchevaux.ch\/wordpress\/wp-content\/uploads\/2023\/09\/herbstausflug_23_20230903_102058.jpg?resize=1000%2C473&amp;ssl=1 1000w, https:\/\/i0.wp.com\/www.deuxchevaux.ch\/wordpress\/wp-content\/uploads\/2023\/09\/herbstausflug_23_20230903_102058.jpg?resize=230%2C109&amp;ssl=1 230w, https:\/\/i0.wp.com\/www.deuxchevaux.ch\/wordpress\/wp-content\/uploads\/2023\/09\/herbstausflug_23_20230903_102058.jpg?resize=350%2C166&amp;ssl=1 350w, https:\/\/i0.wp.com\/www.deuxchevaux.ch\/wordpress\/wp-content\/uploads\/2023\/09\/herbstausflug_23_20230903_102058.jpg?resize=480%2C227&amp;ssl=1 480w, https:\/\/i0.wp.com\/www.deuxchevaux.ch\/wordpress\/wp-content\/uploads\/2023\/09\/herbstausflug_23_20230903_102058.jpg?w=2340&amp;ssl=1 2340w\" sizes=\"(max-width: 1024px) 100vw, 1024px\" \/><\/figure>\n\n\n\n<p>Marc gab um 10:00h den Start. Im Konvoi fuhren wir nun \u00fcber die Hauptstrasse nach Murten. Die Einfahrt ins historische St\u00e4dtchen war einmal mehr grandios. Wir freuten uns \u00fcber viel Applaus der zahlreich anwesenden Einwohner und Touristen. <\/p>\n\n\n\n<figure class=\"wp-block-image size-large\"><img data-recalc-dims=\"1\" loading=\"lazy\" decoding=\"async\" width=\"1024\" height=\"485\" data-attachment-id=\"17116\" data-permalink=\"https:\/\/www.deuxchevaux.ch\/wordpress\/herbstausflug-23\/herbstausflug_23_20230903_102309\/\" data-orig-file=\"https:\/\/i0.wp.com\/www.deuxchevaux.ch\/wordpress\/wp-content\/uploads\/2023\/09\/herbstausflug_23_20230903_102309.jpg?fit=2536%2C1200&amp;ssl=1\" data-orig-size=\"2536,1200\" data-comments-opened=\"0\" data-image-meta=\"{&quot;aperture&quot;:&quot;2.4&quot;,&quot;credit&quot;:&quot;&quot;,&quot;camera&quot;:&quot;SM-G970U1&quot;,&quot;caption&quot;:&quot;&quot;,&quot;created_timestamp&quot;:&quot;1693736588&quot;,&quot;copyright&quot;:&quot;&quot;,&quot;focal_length&quot;:&quot;4.3&quot;,&quot;iso&quot;:&quot;50&quot;,&quot;shutter_speed&quot;:&quot;0.00039200313602509&quot;,&quot;title&quot;:&quot;&quot;,&quot;orientation&quot;:&quot;1&quot;}\" data-image-title=\"herbstausflug_23_20230903_102308\" data-image-description=\"\" data-image-caption=\"\" data-medium-file=\"https:\/\/i0.wp.com\/www.deuxchevaux.ch\/wordpress\/wp-content\/uploads\/2023\/09\/herbstausflug_23_20230903_102309.jpg?fit=300%2C142&amp;ssl=1\" data-large-file=\"https:\/\/i0.wp.com\/www.deuxchevaux.ch\/wordpress\/wp-content\/uploads\/2023\/09\/herbstausflug_23_20230903_102309.jpg?fit=1024%2C485&amp;ssl=1\" src=\"https:\/\/i0.wp.com\/www.deuxchevaux.ch\/wordpress\/wp-content\/uploads\/2023\/09\/herbstausflug_23_20230903_102309.jpg?resize=1024%2C485&#038;ssl=1\" alt=\"\" class=\"wp-image-17116\" srcset=\"https:\/\/i0.wp.com\/www.deuxchevaux.ch\/wordpress\/wp-content\/uploads\/2023\/09\/herbstausflug_23_20230903_102309.jpg?resize=1024%2C485&amp;ssl=1 1024w, https:\/\/i0.wp.com\/www.deuxchevaux.ch\/wordpress\/wp-content\/uploads\/2023\/09\/herbstausflug_23_20230903_102309.jpg?resize=300%2C142&amp;ssl=1 300w, https:\/\/i0.wp.com\/www.deuxchevaux.ch\/wordpress\/wp-content\/uploads\/2023\/09\/herbstausflug_23_20230903_102309.jpg?resize=150%2C71&amp;ssl=1 150w, https:\/\/i0.wp.com\/www.deuxchevaux.ch\/wordpress\/wp-content\/uploads\/2023\/09\/herbstausflug_23_20230903_102309.jpg?resize=768%2C363&amp;ssl=1 768w, https:\/\/i0.wp.com\/www.deuxchevaux.ch\/wordpress\/wp-content\/uploads\/2023\/09\/herbstausflug_23_20230903_102309.jpg?resize=1536%2C727&amp;ssl=1 1536w, https:\/\/i0.wp.com\/www.deuxchevaux.ch\/wordpress\/wp-content\/uploads\/2023\/09\/herbstausflug_23_20230903_102309.jpg?resize=2048%2C969&amp;ssl=1 2048w, https:\/\/i0.wp.com\/www.deuxchevaux.ch\/wordpress\/wp-content\/uploads\/2023\/09\/herbstausflug_23_20230903_102309.jpg?resize=1000%2C473&amp;ssl=1 1000w, https:\/\/i0.wp.com\/www.deuxchevaux.ch\/wordpress\/wp-content\/uploads\/2023\/09\/herbstausflug_23_20230903_102309.jpg?resize=230%2C109&amp;ssl=1 230w, https:\/\/i0.wp.com\/www.deuxchevaux.ch\/wordpress\/wp-content\/uploads\/2023\/09\/herbstausflug_23_20230903_102309.jpg?resize=350%2C166&amp;ssl=1 350w, https:\/\/i0.wp.com\/www.deuxchevaux.ch\/wordpress\/wp-content\/uploads\/2023\/09\/herbstausflug_23_20230903_102309.jpg?resize=480%2C227&amp;ssl=1 480w, https:\/\/i0.wp.com\/www.deuxchevaux.ch\/wordpress\/wp-content\/uploads\/2023\/09\/herbstausflug_23_20230903_102309.jpg?w=2340&amp;ssl=1 2340w\" sizes=\"(max-width: 1024px) 100vw, 1024px\" \/><\/figure>\n\n\n\n<p>Dann gabs einen Bahn\u00fcbergang mit elend langer Wartezeit. Kurz sp\u00e4ter erreichten wir unser Ziel, <a href=\"http:\/\/www.dasdepot.ch\" target=\"_blank\" rel=\"noreferrer noopener\">das Depot<\/a> nahe des Bahnhofs Murten.<\/p>\n\n\n\n<figure class=\"wp-block-image size-large\"><img data-recalc-dims=\"1\" loading=\"lazy\" decoding=\"async\" width=\"1024\" height=\"485\" data-attachment-id=\"17115\" data-permalink=\"https:\/\/www.deuxchevaux.ch\/wordpress\/herbstausflug-23\/herbstausflug_23_20230903_103058\/\" data-orig-file=\"https:\/\/i0.wp.com\/www.deuxchevaux.ch\/wordpress\/wp-content\/uploads\/2023\/09\/herbstausflug_23_20230903_103058.jpg?fit=2536%2C1200&amp;ssl=1\" data-orig-size=\"2536,1200\" data-comments-opened=\"0\" data-image-meta=\"{&quot;aperture&quot;:&quot;2.4&quot;,&quot;credit&quot;:&quot;&quot;,&quot;camera&quot;:&quot;SM-G970U1&quot;,&quot;caption&quot;:&quot;&quot;,&quot;created_timestamp&quot;:&quot;1693737057&quot;,&quot;copyright&quot;:&quot;&quot;,&quot;focal_length&quot;:&quot;4.3&quot;,&quot;iso&quot;:&quot;50&quot;,&quot;shutter_speed&quot;:&quot;0.00052246603970742&quot;,&quot;title&quot;:&quot;&quot;,&quot;orientation&quot;:&quot;1&quot;}\" data-image-title=\"herbstausflug_23_20230903_103057\" data-image-description=\"\" data-image-caption=\"\" data-medium-file=\"https:\/\/i0.wp.com\/www.deuxchevaux.ch\/wordpress\/wp-content\/uploads\/2023\/09\/herbstausflug_23_20230903_103058.jpg?fit=300%2C142&amp;ssl=1\" data-large-file=\"https:\/\/i0.wp.com\/www.deuxchevaux.ch\/wordpress\/wp-content\/uploads\/2023\/09\/herbstausflug_23_20230903_103058.jpg?fit=1024%2C485&amp;ssl=1\" src=\"https:\/\/i0.wp.com\/www.deuxchevaux.ch\/wordpress\/wp-content\/uploads\/2023\/09\/herbstausflug_23_20230903_103058.jpg?resize=1024%2C485&#038;ssl=1\" alt=\"\" class=\"wp-image-17115\" srcset=\"https:\/\/i0.wp.com\/www.deuxchevaux.ch\/wordpress\/wp-content\/uploads\/2023\/09\/herbstausflug_23_20230903_103058.jpg?resize=1024%2C485&amp;ssl=1 1024w, https:\/\/i0.wp.com\/www.deuxchevaux.ch\/wordpress\/wp-content\/uploads\/2023\/09\/herbstausflug_23_20230903_103058.jpg?resize=300%2C142&amp;ssl=1 300w, https:\/\/i0.wp.com\/www.deuxchevaux.ch\/wordpress\/wp-content\/uploads\/2023\/09\/herbstausflug_23_20230903_103058.jpg?resize=150%2C71&amp;ssl=1 150w, https:\/\/i0.wp.com\/www.deuxchevaux.ch\/wordpress\/wp-content\/uploads\/2023\/09\/herbstausflug_23_20230903_103058.jpg?resize=768%2C363&amp;ssl=1 768w, https:\/\/i0.wp.com\/www.deuxchevaux.ch\/wordpress\/wp-content\/uploads\/2023\/09\/herbstausflug_23_20230903_103058.jpg?resize=1536%2C727&amp;ssl=1 1536w, https:\/\/i0.wp.com\/www.deuxchevaux.ch\/wordpress\/wp-content\/uploads\/2023\/09\/herbstausflug_23_20230903_103058.jpg?resize=2048%2C969&amp;ssl=1 2048w, https:\/\/i0.wp.com\/www.deuxchevaux.ch\/wordpress\/wp-content\/uploads\/2023\/09\/herbstausflug_23_20230903_103058.jpg?resize=1000%2C473&amp;ssl=1 1000w, https:\/\/i0.wp.com\/www.deuxchevaux.ch\/wordpress\/wp-content\/uploads\/2023\/09\/herbstausflug_23_20230903_103058.jpg?resize=230%2C109&amp;ssl=1 230w, https:\/\/i0.wp.com\/www.deuxchevaux.ch\/wordpress\/wp-content\/uploads\/2023\/09\/herbstausflug_23_20230903_103058.jpg?resize=350%2C166&amp;ssl=1 350w, https:\/\/i0.wp.com\/www.deuxchevaux.ch\/wordpress\/wp-content\/uploads\/2023\/09\/herbstausflug_23_20230903_103058.jpg?resize=480%2C227&amp;ssl=1 480w, https:\/\/i0.wp.com\/www.deuxchevaux.ch\/wordpress\/wp-content\/uploads\/2023\/09\/herbstausflug_23_20230903_103058.jpg?w=2340&amp;ssl=1 2340w\" sizes=\"(max-width: 1024px) 100vw, 1024px\" \/><\/figure>\n\n\n\n<p>Zusammen mit seinem Vater nahm uns dort der Initiator des Museums, Leonard Riesen, in Empfang. Parkplatz war reserviert, wir konnten unsere D\u00f6schwos gepflegt aufreihen. Die nun folgende F\u00fchrung durch das kleine, aber feine Museum gewann ungemein durch die kompetente F\u00fchrung von Herrn Riesen. <\/p>\n\n\n\n<figure class=\"wp-block-image size-large\"><img data-recalc-dims=\"1\" loading=\"lazy\" decoding=\"async\" width=\"1024\" height=\"485\" data-attachment-id=\"17117\" data-permalink=\"https:\/\/www.deuxchevaux.ch\/wordpress\/herbstausflug-23\/herbstausflug_23_20230903_110308\/\" data-orig-file=\"https:\/\/i0.wp.com\/www.deuxchevaux.ch\/wordpress\/wp-content\/uploads\/2023\/09\/herbstausflug_23_20230903_110308.jpg?fit=2536%2C1200&amp;ssl=1\" data-orig-size=\"2536,1200\" data-comments-opened=\"0\" data-image-meta=\"{&quot;aperture&quot;:&quot;2.4&quot;,&quot;credit&quot;:&quot;&quot;,&quot;camera&quot;:&quot;SM-G970U1&quot;,&quot;caption&quot;:&quot;&quot;,&quot;created_timestamp&quot;:&quot;1693738987&quot;,&quot;copyright&quot;:&quot;&quot;,&quot;focal_length&quot;:&quot;4.3&quot;,&quot;iso&quot;:&quot;250&quot;,&quot;shutter_speed&quot;:&quot;0.01&quot;,&quot;title&quot;:&quot;&quot;,&quot;orientation&quot;:&quot;1&quot;}\" data-image-title=\"herbstausflug_23_20230903_110307\" data-image-description=\"\" data-image-caption=\"\" data-medium-file=\"https:\/\/i0.wp.com\/www.deuxchevaux.ch\/wordpress\/wp-content\/uploads\/2023\/09\/herbstausflug_23_20230903_110308.jpg?fit=300%2C142&amp;ssl=1\" data-large-file=\"https:\/\/i0.wp.com\/www.deuxchevaux.ch\/wordpress\/wp-content\/uploads\/2023\/09\/herbstausflug_23_20230903_110308.jpg?fit=1024%2C485&amp;ssl=1\" src=\"https:\/\/i0.wp.com\/www.deuxchevaux.ch\/wordpress\/wp-content\/uploads\/2023\/09\/herbstausflug_23_20230903_110308.jpg?resize=1024%2C485&#038;ssl=1\" alt=\"\" class=\"wp-image-17117\" srcset=\"https:\/\/i0.wp.com\/www.deuxchevaux.ch\/wordpress\/wp-content\/uploads\/2023\/09\/herbstausflug_23_20230903_110308.jpg?resize=1024%2C485&amp;ssl=1 1024w, https:\/\/i0.wp.com\/www.deuxchevaux.ch\/wordpress\/wp-content\/uploads\/2023\/09\/herbstausflug_23_20230903_110308.jpg?resize=300%2C142&amp;ssl=1 300w, https:\/\/i0.wp.com\/www.deuxchevaux.ch\/wordpress\/wp-content\/uploads\/2023\/09\/herbstausflug_23_20230903_110308.jpg?resize=150%2C71&amp;ssl=1 150w, https:\/\/i0.wp.com\/www.deuxchevaux.ch\/wordpress\/wp-content\/uploads\/2023\/09\/herbstausflug_23_20230903_110308.jpg?resize=768%2C363&amp;ssl=1 768w, https:\/\/i0.wp.com\/www.deuxchevaux.ch\/wordpress\/wp-content\/uploads\/2023\/09\/herbstausflug_23_20230903_110308.jpg?resize=1536%2C727&amp;ssl=1 1536w, https:\/\/i0.wp.com\/www.deuxchevaux.ch\/wordpress\/wp-content\/uploads\/2023\/09\/herbstausflug_23_20230903_110308.jpg?resize=2048%2C969&amp;ssl=1 2048w, https:\/\/i0.wp.com\/www.deuxchevaux.ch\/wordpress\/wp-content\/uploads\/2023\/09\/herbstausflug_23_20230903_110308.jpg?resize=1000%2C473&amp;ssl=1 1000w, https:\/\/i0.wp.com\/www.deuxchevaux.ch\/wordpress\/wp-content\/uploads\/2023\/09\/herbstausflug_23_20230903_110308.jpg?resize=230%2C109&amp;ssl=1 230w, https:\/\/i0.wp.com\/www.deuxchevaux.ch\/wordpress\/wp-content\/uploads\/2023\/09\/herbstausflug_23_20230903_110308.jpg?resize=350%2C166&amp;ssl=1 350w, https:\/\/i0.wp.com\/www.deuxchevaux.ch\/wordpress\/wp-content\/uploads\/2023\/09\/herbstausflug_23_20230903_110308.jpg?resize=480%2C227&amp;ssl=1 480w, https:\/\/i0.wp.com\/www.deuxchevaux.ch\/wordpress\/wp-content\/uploads\/2023\/09\/herbstausflug_23_20230903_110308.jpg?w=2340&amp;ssl=1 2340w\" sizes=\"(max-width: 1024px) 100vw, 1024px\" \/><\/figure>\n\n\n\n<p>Er erl\u00e4uterte den Einsatz von Muskelkraft sehr anschaulich anhand der, aus vielen unterschiedlichen Einsatzgebieten zusammengetragenen Exponate. Eindr\u00fcckliche Fotos und Bildtafeln erg\u00e4nzten seinen Vortrag. Das Interesse war gross. Beim anschliessenden Ap\u00e9ro wurden viele einschl\u00e4gige Erfahrungen und Fragen diskutiert. Hut ab ob der Initiative des jugendlichen Kurators!<\/p>\n\n\n\n<figure class=\"wp-block-image size-large\"><img data-recalc-dims=\"1\" loading=\"lazy\" decoding=\"async\" width=\"1024\" height=\"473\" data-attachment-id=\"17118\" data-permalink=\"https:\/\/www.deuxchevaux.ch\/wordpress\/herbstausflug-23\/herbstausflug_23_img-20230903-wa6\/\" data-orig-file=\"https:\/\/i0.wp.com\/www.deuxchevaux.ch\/wordpress\/wp-content\/uploads\/2023\/09\/herbstausflug_23_img-20230903-wa6.jpg?fit=2000%2C924&amp;ssl=1\" data-orig-size=\"2000,924\" data-comments-opened=\"0\" data-image-meta=\"{&quot;aperture&quot;:&quot;0&quot;,&quot;credit&quot;:&quot;&quot;,&quot;camera&quot;:&quot;&quot;,&quot;caption&quot;:&quot;&quot;,&quot;created_timestamp&quot;:&quot;0&quot;,&quot;copyright&quot;:&quot;&quot;,&quot;focal_length&quot;:&quot;0&quot;,&quot;iso&quot;:&quot;0&quot;,&quot;shutter_speed&quot;:&quot;0&quot;,&quot;title&quot;:&quot;&quot;,&quot;orientation&quot;:&quot;0&quot;}\" data-image-title=\"herbstausflug_23_IMG-20230903-WA0005\" data-image-description=\"\" data-image-caption=\"\" data-medium-file=\"https:\/\/i0.wp.com\/www.deuxchevaux.ch\/wordpress\/wp-content\/uploads\/2023\/09\/herbstausflug_23_img-20230903-wa6.jpg?fit=300%2C139&amp;ssl=1\" data-large-file=\"https:\/\/i0.wp.com\/www.deuxchevaux.ch\/wordpress\/wp-content\/uploads\/2023\/09\/herbstausflug_23_img-20230903-wa6.jpg?fit=1024%2C473&amp;ssl=1\" src=\"https:\/\/i0.wp.com\/www.deuxchevaux.ch\/wordpress\/wp-content\/uploads\/2023\/09\/herbstausflug_23_img-20230903-wa6.jpg?resize=1024%2C473&#038;ssl=1\" alt=\"\" class=\"wp-image-17118\" srcset=\"https:\/\/i0.wp.com\/www.deuxchevaux.ch\/wordpress\/wp-content\/uploads\/2023\/09\/herbstausflug_23_img-20230903-wa6.jpg?resize=1024%2C473&amp;ssl=1 1024w, https:\/\/i0.wp.com\/www.deuxchevaux.ch\/wordpress\/wp-content\/uploads\/2023\/09\/herbstausflug_23_img-20230903-wa6.jpg?resize=300%2C139&amp;ssl=1 300w, https:\/\/i0.wp.com\/www.deuxchevaux.ch\/wordpress\/wp-content\/uploads\/2023\/09\/herbstausflug_23_img-20230903-wa6.jpg?resize=150%2C69&amp;ssl=1 150w, https:\/\/i0.wp.com\/www.deuxchevaux.ch\/wordpress\/wp-content\/uploads\/2023\/09\/herbstausflug_23_img-20230903-wa6.jpg?resize=768%2C355&amp;ssl=1 768w, https:\/\/i0.wp.com\/www.deuxchevaux.ch\/wordpress\/wp-content\/uploads\/2023\/09\/herbstausflug_23_img-20230903-wa6.jpg?resize=1536%2C710&amp;ssl=1 1536w, https:\/\/i0.wp.com\/www.deuxchevaux.ch\/wordpress\/wp-content\/uploads\/2023\/09\/herbstausflug_23_img-20230903-wa6.jpg?resize=1000%2C462&amp;ssl=1 1000w, https:\/\/i0.wp.com\/www.deuxchevaux.ch\/wordpress\/wp-content\/uploads\/2023\/09\/herbstausflug_23_img-20230903-wa6.jpg?resize=230%2C106&amp;ssl=1 230w, https:\/\/i0.wp.com\/www.deuxchevaux.ch\/wordpress\/wp-content\/uploads\/2023\/09\/herbstausflug_23_img-20230903-wa6.jpg?resize=350%2C162&amp;ssl=1 350w, https:\/\/i0.wp.com\/www.deuxchevaux.ch\/wordpress\/wp-content\/uploads\/2023\/09\/herbstausflug_23_img-20230903-wa6.jpg?resize=480%2C222&amp;ssl=1 480w, https:\/\/i0.wp.com\/www.deuxchevaux.ch\/wordpress\/wp-content\/uploads\/2023\/09\/herbstausflug_23_img-20230903-wa6.jpg?w=2000&amp;ssl=1 2000w\" sizes=\"(max-width: 1024px) 100vw, 1024px\" \/><\/figure>\n\n\n\n<p>Nach dem geistigen H\u00f6henflug gabs noch was f\u00fcr den K\u00f6rper. Marc f\u00fchrte uns zum Picknick an den nahen Badestrand beim Schlachtdenkmal. Wir waren da schon mal nach unserem Besuch bei der <a href=\"https:\/\/www.deuxchevaux.ch\/wordpress\/herbstausflug-19\/\" data-type=\"post\" data-id=\"8898\">Collection Dula<\/a> im Jahre 2019. Erstaunlicherweise fand sich sofort wieder ein Platz f\u00fcr unsere doch betr\u00e4chtliche Gruppe. Mit Schatten unter altem Baumbestand. Und einem unglaublich sanft abfallenden Sandstrand. Also Picknick und Badehose ausgepackt und rein ins Vergn\u00fcgen!<\/p>\n\n\n\n<figure class=\"wp-block-image size-full\"><img data-recalc-dims=\"1\" decoding=\"async\" data-attachment-id=\"17119\" data-permalink=\"https:\/\/www.deuxchevaux.ch\/wordpress\/herbstausflug-23\/herbstausflug_23_img-20230904-wa5\/\" data-orig-file=\"https:\/\/i0.wp.com\/www.deuxchevaux.ch\/wordpress\/wp-content\/uploads\/2023\/09\/herbstausflug_23_img-20230904-wa5.jpg?fit=768%2C1024&amp;ssl=1\" data-orig-size=\"768,1024\" data-comments-opened=\"0\" data-image-meta=\"{&quot;aperture&quot;:&quot;0&quot;,&quot;credit&quot;:&quot;&quot;,&quot;camera&quot;:&quot;&quot;,&quot;caption&quot;:&quot;&quot;,&quot;created_timestamp&quot;:&quot;0&quot;,&quot;copyright&quot;:&quot;&quot;,&quot;focal_length&quot;:&quot;0&quot;,&quot;iso&quot;:&quot;0&quot;,&quot;shutter_speed&quot;:&quot;0&quot;,&quot;title&quot;:&quot;&quot;,&quot;orientation&quot;:&quot;0&quot;}\" data-image-title=\"herbstausflug_23_IMG-20230904-WA0004\" data-image-description=\"\" data-image-caption=\"\" data-medium-file=\"https:\/\/i0.wp.com\/www.deuxchevaux.ch\/wordpress\/wp-content\/uploads\/2023\/09\/herbstausflug_23_img-20230904-wa5.jpg?fit=225%2C300&amp;ssl=1\" data-large-file=\"https:\/\/i0.wp.com\/www.deuxchevaux.ch\/wordpress\/wp-content\/uploads\/2023\/09\/herbstausflug_23_img-20230904-wa5.jpg?fit=768%2C1024&amp;ssl=1\" src=\"https:\/\/i0.wp.com\/www.deuxchevaux.ch\/wordpress\/wp-content\/uploads\/2023\/09\/IMG-20230904-WA0004.jpg?w=1170&#038;ssl=1\" alt=\"\" class=\"wp-image-17119\"\/><\/figure>\n\n\n\n<p>Nach dieser gepflegten Abk\u00fchlung hielt es den Autor aber nicht mehr l\u00e4nger. Die Strasse rief! Ein grosser Umweg \u00fcber Fribourg, Giffers, Plaffeien, Guggisberg und Riggisberg f\u00fchrte ihn schliesslich wieder nach Bern. Er war es zufrieden. So kam er doch noch zu einem nennenswerten F\u00e4hrtli \ud83d\ude42<\/p>\n\n\n\n<p><em>Admin<\/em><\/p>\n\n\n\n<figure class=\"wp-block-image size-large\"><img data-recalc-dims=\"1\" loading=\"lazy\" decoding=\"async\" width=\"768\" height=\"1024\" data-attachment-id=\"17120\" data-permalink=\"https:\/\/www.deuxchevaux.ch\/wordpress\/herbstausflug-23\/herbstausflug_23_img-20230813-wa4\/\" data-orig-file=\"https:\/\/i0.wp.com\/www.deuxchevaux.ch\/wordpress\/wp-content\/uploads\/2023\/09\/herbstausflug_23_img-20230813-wa4.jpg?fit=1536%2C2048&amp;ssl=1\" data-orig-size=\"1536,2048\" data-comments-opened=\"0\" data-image-meta=\"{&quot;aperture&quot;:&quot;0&quot;,&quot;credit&quot;:&quot;&quot;,&quot;camera&quot;:&quot;&quot;,&quot;caption&quot;:&quot;&quot;,&quot;created_timestamp&quot;:&quot;0&quot;,&quot;copyright&quot;:&quot;&quot;,&quot;focal_length&quot;:&quot;0&quot;,&quot;iso&quot;:&quot;0&quot;,&quot;shutter_speed&quot;:&quot;0&quot;,&quot;title&quot;:&quot;&quot;,&quot;orientation&quot;:&quot;0&quot;}\" data-image-title=\"herbstausflug_23_IMG-20230813-WA0003\" data-image-description=\"\" data-image-caption=\"\" data-medium-file=\"https:\/\/i0.wp.com\/www.deuxchevaux.ch\/wordpress\/wp-content\/uploads\/2023\/09\/herbstausflug_23_img-20230813-wa4.jpg?fit=225%2C300&amp;ssl=1\" data-large-file=\"https:\/\/i0.wp.com\/www.deuxchevaux.ch\/wordpress\/wp-content\/uploads\/2023\/09\/herbstausflug_23_img-20230813-wa4.jpg?fit=768%2C1024&amp;ssl=1\" src=\"https:\/\/i0.wp.com\/www.deuxchevaux.ch\/wordpress\/wp-content\/uploads\/2023\/09\/herbstausflug_23_img-20230813-wa4.jpg?resize=768%2C1024&#038;ssl=1\" alt=\"\" class=\"wp-image-17120\" srcset=\"https:\/\/i0.wp.com\/www.deuxchevaux.ch\/wordpress\/wp-content\/uploads\/2023\/09\/herbstausflug_23_img-20230813-wa4.jpg?resize=768%2C1024&amp;ssl=1 768w, https:\/\/i0.wp.com\/www.deuxchevaux.ch\/wordpress\/wp-content\/uploads\/2023\/09\/herbstausflug_23_img-20230813-wa4.jpg?resize=225%2C300&amp;ssl=1 225w, https:\/\/i0.wp.com\/www.deuxchevaux.ch\/wordpress\/wp-content\/uploads\/2023\/09\/herbstausflug_23_img-20230813-wa4.jpg?resize=113%2C150&amp;ssl=1 113w, https:\/\/i0.wp.com\/www.deuxchevaux.ch\/wordpress\/wp-content\/uploads\/2023\/09\/herbstausflug_23_img-20230813-wa4.jpg?resize=1152%2C1536&amp;ssl=1 1152w, https:\/\/i0.wp.com\/www.deuxchevaux.ch\/wordpress\/wp-content\/uploads\/2023\/09\/herbstausflug_23_img-20230813-wa4.jpg?resize=1000%2C1333&amp;ssl=1 1000w, https:\/\/i0.wp.com\/www.deuxchevaux.ch\/wordpress\/wp-content\/uploads\/2023\/09\/herbstausflug_23_img-20230813-wa4.jpg?resize=230%2C307&amp;ssl=1 230w, https:\/\/i0.wp.com\/www.deuxchevaux.ch\/wordpress\/wp-content\/uploads\/2023\/09\/herbstausflug_23_img-20230813-wa4.jpg?resize=350%2C467&amp;ssl=1 350w, https:\/\/i0.wp.com\/www.deuxchevaux.ch\/wordpress\/wp-content\/uploads\/2023\/09\/herbstausflug_23_img-20230813-wa4.jpg?resize=480%2C640&amp;ssl=1 480w, https:\/\/i0.wp.com\/www.deuxchevaux.ch\/wordpress\/wp-content\/uploads\/2023\/09\/herbstausflug_23_img-20230813-wa4.jpg?w=1536&amp;ssl=1 1536w\" sizes=\"(max-width: 768px) 100vw, 768px\" \/><\/figure>\n","protected":false},"excerpt":{"rendered":"<p>Wir trafen uns wieder im Heggidorn zu unserem aktuellen Herbstausflug. Am Sonntag, den 3. September 2023. Der Parkplatz der Minigolfanlage diente schon [&hellip;]<\/p>\n","protected":false},"author":1,"featured_media":17121,"comment_status":"closed","ping_status":"closed","sticky":false,"template":"","format":"standard","meta":{"_jetpack_memberships_contains_paid_content":false,"footnotes":""},"categories":[8,16,20,1,19,15],"tags":[],"class_list":["post-17112","post","type-post","status-publish","format-standard","has-post-thumbnail","hentry","category-ausflug","category-ballade","category-besichtigung","category-club","category-mitglied","category-treffen"],"jetpack_featured_media_url":"https:\/\/i0.wp.com\/www.deuxchevaux.ch\/wordpress\/wp-content\/uploads\/2023\/09\/herbstausflug_23_20230907_171552-scaled.jpg?fit=1211%2C2560&ssl=1","jetpack_sharing_enabled":true,"_links":{"self":[{"href":"https:\/\/www.deuxchevaux.ch\/wordpress\/wp-json\/wp\/v2\/posts\/17112"}],"collection":[{"href":"https:\/\/www.deuxchevaux.ch\/wordpress\/wp-json\/wp\/v2\/posts"}],"about":[{"href":"https:\/\/www.deuxchevaux.ch\/wordpress\/wp-json\/wp\/v2\/types\/post"}],"author":[{"embeddable":true,"href":"https:\/\/www.deuxchevaux.ch\/wordpress\/wp-json\/wp\/v2\/users\/1"}],"replies":[{"embeddable":true,"href":"https:\/\/www.deuxchevaux.ch\/wordpress\/wp-json\/wp\/v2\/comments?post=17112"}],"version-history":[{"count":19,"href":"https:\/\/www.deuxchevaux.ch\/wordpress\/wp-json\/wp\/v2\/posts\/17112\/revisions"}],"predecessor-version":[{"id":17485,"href":"https:\/\/www.deuxchevaux.ch\/wordpress\/wp-json\/wp\/v2\/posts\/17112\/revisions\/17485"}],"wp:featuredmedia":[{"embeddable":true,"href":"https:\/\/www.deuxchevaux.ch\/wordpress\/wp-json\/wp\/v2\/media\/17121"}],"wp:attachment":[{"href":"https:\/\/www.deuxchevaux.ch\/wordpress\/wp-json\/wp\/v2\/media?parent=17112"}],"wp:term":[{"taxonomy":"category","embeddable":true,"href":"https:\/\/www.deuxchevaux.ch\/wordpress\/wp-json\/wp\/v2\/categories?post=17112"},{"taxonomy":"post_tag","embeddable":true,"href":"https:\/\/www.deuxchevaux.ch\/wordpress\/wp-json\/wp\/v2\/tags?post=17112"}],"curies":[{"name":"wp","href":"https:\/\/api.w.org\/{rel}","templated":true}]}}