{"id":3501,"date":"2015-12-17T17:16:59","date_gmt":"2015-12-17T16:16:59","guid":{"rendered":"http:\/\/www.amisdeuxchevaux.ch\/wordpress\/?p=3501"},"modified":"2015-12-17T17:18:23","modified_gmt":"2015-12-17T16:18:23","slug":"emehari","status":"publish","type":"post","link":"https:\/\/www.deuxchevaux.ch\/wordpress\/emehari\/","title":{"rendered":"E-MEHARI"},"content":{"rendered":"<p>Man glaubt es kaum! Im Fr\u00fchjahr 2016 kommt das Elektroauto Citro\u00ebn E-M\u00e9hari auf den Markt. Mit dem E-Buggy soll man bis zu 200 Kilometer weit fahren k\u00f6nnen. Unter diesen Links findet ihr weitere Infos:<\/p>\n<ul>\n<li><a href=\"http:\/\/www.citroen.fr\/vehicules-neufs\/futurs-vehicules\/citroen-e-mehari.html\" target=\"_blank\">Citro\u00ebn<\/a><\/li>\n<li><a href=\"http:\/\/www.blick.ch\/auto\/news_n_trends\/citroen-e-mehari-extravagantes-elektro-cabrio-id4445620.html\" target=\"_blank\">Blick<\/a><\/li>\n<li><a href=\"http:\/\/www.mein-elektroauto.com\/tag\/emehari\/\" target=\"_blank\">Mein Elektroauto<\/a><\/li>\n<li><a href=\"http:\/\/www.freenet.de\/auto\/neuheiten\/citroen-emehari_5130898_4717844.html\" target=\"_blank\">freenet<\/a><\/li>\n<li><a href=\"http:\/\/www.autoblog.com\/2015\/12\/10\/citroen-emehari-production-confirmed\/\" target=\"_blank\">autoblog<\/a><\/li>\n<\/ul>\n","protected":false},"excerpt":{"rendered":"<p>Man glaubt es kaum! Im Fr\u00fchjahr 2016 kommt das Elektroauto Citro\u00ebn E-M\u00e9hari auf den Markt. Mit dem E-Buggy soll man bis zu [&hellip;]<\/p>\n","protected":false},"author":1,"featured_media":3491,"comment_status":"open","ping_status":"open","sticky":false,"template":"","format":"standard","meta":{"_jetpack_memberships_contains_paid_content":false,"footnotes":""},"categories":[1],"tags":[],"class_list":["post-3501","post","type-post","status-publish","format-standard","has-post-thumbnail","hentry","category-club"],"jetpack_featured_media_url":"https:\/\/i0.wp.com\/www.deuxchevaux.ch\/wordpress\/wp-content\/uploads\/2015\/12\/e-mehari.png?fit=640%2C380&ssl=1","jetpack_sharing_enabled":true,"_links":{"self":[{"href":"https:\/\/www.deuxchevaux.ch\/wordpress\/wp-json\/wp\/v2\/posts\/3501"}],"collection":[{"href":"https:\/\/www.deuxchevaux.ch\/wordpress\/wp-json\/wp\/v2\/posts"}],"about":[{"href":"https:\/\/www.deuxchevaux.ch\/wordpress\/wp-json\/wp\/v2\/types\/post"}],"author":[{"embeddable":true,"href":"https:\/\/www.deuxchevaux.ch\/wordpress\/wp-json\/wp\/v2\/users\/1"}],"replies":[{"embeddable":true,"href":"https:\/\/www.deuxchevaux.ch\/wordpress\/wp-json\/wp\/v2\/comments?post=3501"}],"version-history":[{"count":2,"href":"https:\/\/www.deuxchevaux.ch\/wordpress\/wp-json\/wp\/v2\/posts\/3501\/revisions"}],"predecessor-version":[{"id":3503,"href":"https:\/\/www.deuxchevaux.ch\/wordpress\/wp-json\/wp\/v2\/posts\/3501\/revisions\/3503"}],"wp:featuredmedia":[{"embeddable":true,"href":"https:\/\/www.deuxchevaux.ch\/wordpress\/wp-json\/wp\/v2\/media\/3491"}],"wp:attachment":[{"href":"https:\/\/www.deuxchevaux.ch\/wordpress\/wp-json\/wp\/v2\/media?parent=3501"}],"wp:term":[{"taxonomy":"category","embeddable":true,"href":"https:\/\/www.deuxchevaux.ch\/wordpress\/wp-json\/wp\/v2\/categories?post=3501"},{"taxonomy":"post_tag","embeddable":true,"href":"https:\/\/www.deuxchevaux.ch\/wordpress\/wp-json\/wp\/v2\/tags?post=3501"}],"curies":[{"name":"wp","href":"https:\/\/api.w.org\/{rel}","templated":true}]}}