{"id":4346,"date":"2016-07-22T22:27:50","date_gmt":"2016-07-22T20:27:50","guid":{"rendered":"http:\/\/www.amisdeuxchevaux.ch\/wordpress\/?p=4346"},"modified":"2016-10-13T16:54:40","modified_gmt":"2016-10-13T14:54:40","slug":"facelifting","status":"publish","type":"post","link":"https:\/\/www.deuxchevaux.ch\/wordpress\/facelifting\/","title":{"rendered":"Facelifting"},"content":{"rendered":"<p>Nach all den Werkstattaufenthalten im letzten Jahr hatte Leo dringend ein paar visuelle Retouchen n\u00f6tig. Die Kotfl\u00fcgel waren ja etlichste Male ab. Und die beiden seitlichen Schutzleisten hatten auch so einiges abgekriegt. Also habe ich ihn in unsere &#8218;clubeigenen&#8216; Carrosserie zur Kur gebracht.<\/p>\n<p><a href=\"https:\/\/i0.wp.com\/www.deuxchevaux.ch\/wordpress\/wp-content\/uploads\/2016\/07\/facelifting_2.jpg?ssl=1\" target=\"_blank\"><img data-recalc-dims=\"1\" loading=\"lazy\" decoding=\"async\" data-attachment-id=\"4344\" data-permalink=\"https:\/\/www.deuxchevaux.ch\/wordpress\/facelifting\/facelifting_2\/\" data-orig-file=\"https:\/\/i0.wp.com\/www.deuxchevaux.ch\/wordpress\/wp-content\/uploads\/2016\/07\/facelifting_2.jpg?fit=3840%2C2160&amp;ssl=1\" data-orig-size=\"3840,2160\" data-comments-opened=\"0\" data-image-meta=\"{&quot;aperture&quot;:&quot;0&quot;,&quot;credit&quot;:&quot;&quot;,&quot;camera&quot;:&quot;&quot;,&quot;caption&quot;:&quot;&quot;,&quot;created_timestamp&quot;:&quot;0&quot;,&quot;copyright&quot;:&quot;&quot;,&quot;focal_length&quot;:&quot;0&quot;,&quot;iso&quot;:&quot;0&quot;,&quot;shutter_speed&quot;:&quot;0&quot;,&quot;title&quot;:&quot;&quot;,&quot;orientation&quot;:&quot;0&quot;}\" data-image-title=\"Facelifting 2\" data-image-description=\"\" data-image-caption=\"\" data-medium-file=\"https:\/\/i0.wp.com\/www.deuxchevaux.ch\/wordpress\/wp-content\/uploads\/2016\/07\/facelifting_2.jpg?fit=300%2C169&amp;ssl=1\" data-large-file=\"https:\/\/i0.wp.com\/www.deuxchevaux.ch\/wordpress\/wp-content\/uploads\/2016\/07\/facelifting_2.jpg?fit=1024%2C576&amp;ssl=1\" class=\"alignnone wp-image-4344 size-large\" src=\"https:\/\/i0.wp.com\/www.deuxchevaux.ch\/wordpress\/wp-content\/uploads\/2016\/07\/facelifting_2.jpg?resize=848%2C477&#038;ssl=1\" alt=\"DSC_0025\" width=\"848\" height=\"477\" srcset=\"https:\/\/i0.wp.com\/www.deuxchevaux.ch\/wordpress\/wp-content\/uploads\/2016\/07\/facelifting_2.jpg?resize=1024%2C576&amp;ssl=1 1024w, https:\/\/i0.wp.com\/www.deuxchevaux.ch\/wordpress\/wp-content\/uploads\/2016\/07\/facelifting_2.jpg?resize=150%2C84&amp;ssl=1 150w, https:\/\/i0.wp.com\/www.deuxchevaux.ch\/wordpress\/wp-content\/uploads\/2016\/07\/facelifting_2.jpg?resize=300%2C169&amp;ssl=1 300w, https:\/\/i0.wp.com\/www.deuxchevaux.ch\/wordpress\/wp-content\/uploads\/2016\/07\/facelifting_2.jpg?resize=768%2C432&amp;ssl=1 768w, https:\/\/i0.wp.com\/www.deuxchevaux.ch\/wordpress\/wp-content\/uploads\/2016\/07\/facelifting_2.jpg?resize=400%2C225&amp;ssl=1 400w, https:\/\/i0.wp.com\/www.deuxchevaux.ch\/wordpress\/wp-content\/uploads\/2016\/07\/facelifting_2.jpg?w=2340&amp;ssl=1 2340w, https:\/\/i0.wp.com\/www.deuxchevaux.ch\/wordpress\/wp-content\/uploads\/2016\/07\/facelifting_2.jpg?w=3510&amp;ssl=1 3510w\" sizes=\"(max-width: 848px) 100vw, 848px\" \/><\/a><\/p>\n<p>Heute nun konnte ich Leo wieder abholen. Rahel hat ganze Arbeit geleistet. Die Dellen sind verschwunden und eine gr\u00fcner Streifen ziert die Flanken. Dieser wird sp\u00e4ter mit einem Firmenkleber erg\u00e4nzt. Den bestelle ich selbstverst\u00e4ndlich bei Rolf, unserem &#8218;clubeigenen&#8216; Kommunikationsprofi. Toll, diese Ressourcen!<\/p>\n<p><a href=\"https:\/\/i0.wp.com\/www.deuxchevaux.ch\/wordpress\/wp-content\/uploads\/2016\/07\/facelifting_1.jpg?ssl=1\" target=\"_blank\"><img data-recalc-dims=\"1\" loading=\"lazy\" decoding=\"async\" data-attachment-id=\"4345\" data-permalink=\"https:\/\/www.deuxchevaux.ch\/wordpress\/facelifting\/facelifting_1\/\" data-orig-file=\"https:\/\/i0.wp.com\/www.deuxchevaux.ch\/wordpress\/wp-content\/uploads\/2016\/07\/facelifting_1.jpg?fit=3840%2C2160&amp;ssl=1\" data-orig-size=\"3840,2160\" data-comments-opened=\"0\" data-image-meta=\"{&quot;aperture&quot;:&quot;0&quot;,&quot;credit&quot;:&quot;&quot;,&quot;camera&quot;:&quot;&quot;,&quot;caption&quot;:&quot;&quot;,&quot;created_timestamp&quot;:&quot;0&quot;,&quot;copyright&quot;:&quot;&quot;,&quot;focal_length&quot;:&quot;0&quot;,&quot;iso&quot;:&quot;0&quot;,&quot;shutter_speed&quot;:&quot;0&quot;,&quot;title&quot;:&quot;&quot;,&quot;orientation&quot;:&quot;0&quot;}\" data-image-title=\"Facelifting 1\" data-image-description=\"\" data-image-caption=\"\" data-medium-file=\"https:\/\/i0.wp.com\/www.deuxchevaux.ch\/wordpress\/wp-content\/uploads\/2016\/07\/facelifting_1.jpg?fit=300%2C169&amp;ssl=1\" data-large-file=\"https:\/\/i0.wp.com\/www.deuxchevaux.ch\/wordpress\/wp-content\/uploads\/2016\/07\/facelifting_1.jpg?fit=1024%2C576&amp;ssl=1\" class=\"alignnone wp-image-4345 size-large\" src=\"https:\/\/i0.wp.com\/www.deuxchevaux.ch\/wordpress\/wp-content\/uploads\/2016\/07\/facelifting_1.jpg?resize=848%2C477&#038;ssl=1\" alt=\"DSC_0023\" width=\"848\" height=\"477\" srcset=\"https:\/\/i0.wp.com\/www.deuxchevaux.ch\/wordpress\/wp-content\/uploads\/2016\/07\/facelifting_1.jpg?resize=1024%2C576&amp;ssl=1 1024w, https:\/\/i0.wp.com\/www.deuxchevaux.ch\/wordpress\/wp-content\/uploads\/2016\/07\/facelifting_1.jpg?resize=150%2C84&amp;ssl=1 150w, https:\/\/i0.wp.com\/www.deuxchevaux.ch\/wordpress\/wp-content\/uploads\/2016\/07\/facelifting_1.jpg?resize=300%2C169&amp;ssl=1 300w, https:\/\/i0.wp.com\/www.deuxchevaux.ch\/wordpress\/wp-content\/uploads\/2016\/07\/facelifting_1.jpg?resize=768%2C432&amp;ssl=1 768w, https:\/\/i0.wp.com\/www.deuxchevaux.ch\/wordpress\/wp-content\/uploads\/2016\/07\/facelifting_1.jpg?resize=400%2C225&amp;ssl=1 400w, https:\/\/i0.wp.com\/www.deuxchevaux.ch\/wordpress\/wp-content\/uploads\/2016\/07\/facelifting_1.jpg?w=2340&amp;ssl=1 2340w, https:\/\/i0.wp.com\/www.deuxchevaux.ch\/wordpress\/wp-content\/uploads\/2016\/07\/facelifting_1.jpg?w=3510&amp;ssl=1 3510w\" sizes=\"(max-width: 848px) 100vw, 848px\" \/><\/a><\/p>\n<p>&nbsp;<\/p>\n","protected":false},"excerpt":{"rendered":"<p>Nach all den Werkstattaufenthalten im letzten Jahr hatte Leo dringend ein paar visuelle Retouchen n\u00f6tig. Die Kotfl\u00fcgel waren ja etlichste Male ab. [&hellip;]<\/p>\n","protected":false},"author":1,"featured_media":4343,"comment_status":"open","ping_status":"open","sticky":false,"template":"","format":"standard","meta":{"_jetpack_memberships_contains_paid_content":false,"footnotes":""},"categories":[1,19,48],"tags":[],"class_list":["post-4346","post","type-post","status-publish","format-standard","has-post-thumbnail","hentry","category-club","category-mitglied","category-technik"],"jetpack_featured_media_url":"https:\/\/i0.wp.com\/www.deuxchevaux.ch\/wordpress\/wp-content\/uploads\/2016\/07\/facelifting_3.jpg?fit=3840%2C2160&ssl=1","jetpack_sharing_enabled":true,"_links":{"self":[{"href":"https:\/\/www.deuxchevaux.ch\/wordpress\/wp-json\/wp\/v2\/posts\/4346"}],"collection":[{"href":"https:\/\/www.deuxchevaux.ch\/wordpress\/wp-json\/wp\/v2\/posts"}],"about":[{"href":"https:\/\/www.deuxchevaux.ch\/wordpress\/wp-json\/wp\/v2\/types\/post"}],"author":[{"embeddable":true,"href":"https:\/\/www.deuxchevaux.ch\/wordpress\/wp-json\/wp\/v2\/users\/1"}],"replies":[{"embeddable":true,"href":"https:\/\/www.deuxchevaux.ch\/wordpress\/wp-json\/wp\/v2\/comments?post=4346"}],"version-history":[{"count":4,"href":"https:\/\/www.deuxchevaux.ch\/wordpress\/wp-json\/wp\/v2\/posts\/4346\/revisions"}],"predecessor-version":[{"id":4798,"href":"https:\/\/www.deuxchevaux.ch\/wordpress\/wp-json\/wp\/v2\/posts\/4346\/revisions\/4798"}],"wp:featuredmedia":[{"embeddable":true,"href":"https:\/\/www.deuxchevaux.ch\/wordpress\/wp-json\/wp\/v2\/media\/4343"}],"wp:attachment":[{"href":"https:\/\/www.deuxchevaux.ch\/wordpress\/wp-json\/wp\/v2\/media?parent=4346"}],"wp:term":[{"taxonomy":"category","embeddable":true,"href":"https:\/\/www.deuxchevaux.ch\/wordpress\/wp-json\/wp\/v2\/categories?post=4346"},{"taxonomy":"post_tag","embeddable":true,"href":"https:\/\/www.deuxchevaux.ch\/wordpress\/wp-json\/wp\/v2\/tags?post=4346"}],"curies":[{"name":"wp","href":"https:\/\/api.w.org\/{rel}","templated":true}]}}