{"id":6592,"date":"2017-10-08T18:14:28","date_gmt":"2017-10-08T16:14:28","guid":{"rendered":"http:\/\/www.deuxchevaux.ch\/wordpress\/?p=6592"},"modified":"2017-10-22T14:16:24","modified_gmt":"2017-10-22T12:16:24","slug":"2cv-raid-marokko-tag-18","status":"publish","type":"post","link":"https:\/\/www.deuxchevaux.ch\/wordpress\/2cv-raid-marokko-tag-18\/","title":{"rendered":"2cv Raid Marokko &#8211; Tag 18"},"content":{"rendered":"<hr \/>\n<p>Nach einen nicht sehr \u00fcberzeugenden Fr\u00fchst\u00fcck verliessen wir unsere Casa Paca in Richtung Tetouan.<\/p>\n<p><a href=\"https:\/\/i0.wp.com\/www.deuxchevaux.ch\/wordpress\/wp-content\/uploads\/2017\/10\/Marokko_17_15074780764420.jpg?ssl=1\" target=\"_blank\" rel=\"noopener\"><img data-recalc-dims=\"1\" loading=\"lazy\" decoding=\"async\" data-attachment-id=\"6599\" data-permalink=\"https:\/\/www.deuxchevaux.ch\/wordpress\/2cv-raid-marokko-tag-18\/marokko_17_15074780764420\/\" data-orig-file=\"https:\/\/i0.wp.com\/www.deuxchevaux.ch\/wordpress\/wp-content\/uploads\/2017\/10\/Marokko_17_15074780764420.jpg?fit=1024%2C768&amp;ssl=1\" data-orig-size=\"1024,768\" data-comments-opened=\"0\" data-image-meta=\"{&quot;aperture&quot;:&quot;0&quot;,&quot;credit&quot;:&quot;&quot;,&quot;camera&quot;:&quot;&quot;,&quot;caption&quot;:&quot;&quot;,&quot;created_timestamp&quot;:&quot;0&quot;,&quot;copyright&quot;:&quot;&quot;,&quot;focal_length&quot;:&quot;0&quot;,&quot;iso&quot;:&quot;0&quot;,&quot;shutter_speed&quot;:&quot;0&quot;,&quot;title&quot;:&quot;&quot;,&quot;orientation&quot;:&quot;1&quot;}\" data-image-title=\"Marokko 17 15074780764420\" data-image-description=\"\" data-image-caption=\"\" data-medium-file=\"https:\/\/i0.wp.com\/www.deuxchevaux.ch\/wordpress\/wp-content\/uploads\/2017\/10\/Marokko_17_15074780764420.jpg?fit=300%2C225&amp;ssl=1\" data-large-file=\"https:\/\/i0.wp.com\/www.deuxchevaux.ch\/wordpress\/wp-content\/uploads\/2017\/10\/Marokko_17_15074780764420.jpg?fit=1024%2C768&amp;ssl=1\" class=\"alignnone wp-image-6599 size-large\" src=\"https:\/\/i0.wp.com\/www.deuxchevaux.ch\/wordpress\/wp-content\/uploads\/2017\/10\/Marokko_17_15074780764420.jpg?resize=945%2C709&#038;ssl=1\" alt=\"\" width=\"945\" height=\"709\" srcset=\"https:\/\/i0.wp.com\/www.deuxchevaux.ch\/wordpress\/wp-content\/uploads\/2017\/10\/Marokko_17_15074780764420.jpg?w=1024&amp;ssl=1 1024w, https:\/\/i0.wp.com\/www.deuxchevaux.ch\/wordpress\/wp-content\/uploads\/2017\/10\/Marokko_17_15074780764420.jpg?resize=150%2C113&amp;ssl=1 150w, https:\/\/i0.wp.com\/www.deuxchevaux.ch\/wordpress\/wp-content\/uploads\/2017\/10\/Marokko_17_15074780764420.jpg?resize=300%2C225&amp;ssl=1 300w, https:\/\/i0.wp.com\/www.deuxchevaux.ch\/wordpress\/wp-content\/uploads\/2017\/10\/Marokko_17_15074780764420.jpg?resize=768%2C576&amp;ssl=1 768w, https:\/\/i0.wp.com\/www.deuxchevaux.ch\/wordpress\/wp-content\/uploads\/2017\/10\/Marokko_17_15074780764420.jpg?resize=400%2C300&amp;ssl=1 400w\" sizes=\"(max-width: 945px) 100vw, 945px\" \/><\/a><\/p>\n<p>Erst f\u00fchrte uns die N16 entlang des Parc&#8217;s national d&#8217;Al Hoce\u00efma immer h\u00f6her. Heute ist Sonntag, wir querten einige M\u00e4rkte. Erstaunlich, wieviel Volk sich da immer einfindet. Die meisten Leute besuchen diese M\u00e4rkte zu Fuss. Du siehst sie jeweils der Strasse entlang gehen. Die Marokkaner, wahrlich ein Volk der Geher \ud83d\ude42<\/p>\n<p><a href=\"https:\/\/i0.wp.com\/www.deuxchevaux.ch\/wordpress\/wp-content\/uploads\/2017\/10\/Marokko_17_15074788190135.jpg?ssl=1\" target=\"_blank\" rel=\"noopener\"><img data-recalc-dims=\"1\" loading=\"lazy\" decoding=\"async\" data-attachment-id=\"6600\" data-permalink=\"https:\/\/www.deuxchevaux.ch\/wordpress\/2cv-raid-marokko-tag-18\/marokko_17_15074788190135\/\" data-orig-file=\"https:\/\/i0.wp.com\/www.deuxchevaux.ch\/wordpress\/wp-content\/uploads\/2017\/10\/Marokko_17_15074788190135.jpg?fit=1024%2C768&amp;ssl=1\" data-orig-size=\"1024,768\" data-comments-opened=\"0\" data-image-meta=\"{&quot;aperture&quot;:&quot;0&quot;,&quot;credit&quot;:&quot;&quot;,&quot;camera&quot;:&quot;&quot;,&quot;caption&quot;:&quot;&quot;,&quot;created_timestamp&quot;:&quot;0&quot;,&quot;copyright&quot;:&quot;&quot;,&quot;focal_length&quot;:&quot;0&quot;,&quot;iso&quot;:&quot;0&quot;,&quot;shutter_speed&quot;:&quot;0&quot;,&quot;title&quot;:&quot;&quot;,&quot;orientation&quot;:&quot;1&quot;}\" data-image-title=\"Marokko 17 15074788190135\" data-image-description=\"\" data-image-caption=\"\" data-medium-file=\"https:\/\/i0.wp.com\/www.deuxchevaux.ch\/wordpress\/wp-content\/uploads\/2017\/10\/Marokko_17_15074788190135.jpg?fit=300%2C225&amp;ssl=1\" data-large-file=\"https:\/\/i0.wp.com\/www.deuxchevaux.ch\/wordpress\/wp-content\/uploads\/2017\/10\/Marokko_17_15074788190135.jpg?fit=1024%2C768&amp;ssl=1\" class=\"alignnone wp-image-6600 size-large\" src=\"https:\/\/i0.wp.com\/www.deuxchevaux.ch\/wordpress\/wp-content\/uploads\/2017\/10\/Marokko_17_15074788190135.jpg?resize=945%2C709&#038;ssl=1\" alt=\"\" width=\"945\" height=\"709\" srcset=\"https:\/\/i0.wp.com\/www.deuxchevaux.ch\/wordpress\/wp-content\/uploads\/2017\/10\/Marokko_17_15074788190135.jpg?w=1024&amp;ssl=1 1024w, https:\/\/i0.wp.com\/www.deuxchevaux.ch\/wordpress\/wp-content\/uploads\/2017\/10\/Marokko_17_15074788190135.jpg?resize=150%2C113&amp;ssl=1 150w, https:\/\/i0.wp.com\/www.deuxchevaux.ch\/wordpress\/wp-content\/uploads\/2017\/10\/Marokko_17_15074788190135.jpg?resize=300%2C225&amp;ssl=1 300w, https:\/\/i0.wp.com\/www.deuxchevaux.ch\/wordpress\/wp-content\/uploads\/2017\/10\/Marokko_17_15074788190135.jpg?resize=768%2C576&amp;ssl=1 768w, https:\/\/i0.wp.com\/www.deuxchevaux.ch\/wordpress\/wp-content\/uploads\/2017\/10\/Marokko_17_15074788190135.jpg?resize=400%2C300&amp;ssl=1 400w\" sizes=\"(max-width: 945px) 100vw, 945px\" \/><\/a><\/p>\n<p>Nach ca. 100km dann der spektakul\u00e4rste Abschnitt des heutigen Tages. Nach einen steilen Abstieg auf Meeresh\u00f6he folgen 50km K\u00fcstenstrasse. Eine Corniche mit einer Kurve nach der anderen und extremen Steigungen und Gef\u00e4llen. Die Aussicht ist meist atemberaubend (f\u00fcr den Beifahrer, der Fahrer hat keine Zeit) \ud83d\ude41 Erstaunlicherweise ist dieser Abschnitt touristisch \u00fcberhaupt nicht erschlossen. Wir hatten vielmehr das Gef\u00fchl, durch die \u00e4rmste Region Marokkos zu fahren.<\/p>\n<p><a href=\"https:\/\/i0.wp.com\/www.deuxchevaux.ch\/wordpress\/wp-content\/uploads\/2017\/10\/Marokko_17_15074782777132.jpg?ssl=1\" target=\"_blank\" rel=\"noopener\"><img data-recalc-dims=\"1\" loading=\"lazy\" decoding=\"async\" data-attachment-id=\"6597\" data-permalink=\"https:\/\/www.deuxchevaux.ch\/wordpress\/2cv-raid-marokko-tag-18\/marokko_17_15074782777132\/\" data-orig-file=\"https:\/\/i0.wp.com\/www.deuxchevaux.ch\/wordpress\/wp-content\/uploads\/2017\/10\/Marokko_17_15074782777132.jpg?fit=1024%2C768&amp;ssl=1\" data-orig-size=\"1024,768\" data-comments-opened=\"0\" data-image-meta=\"{&quot;aperture&quot;:&quot;0&quot;,&quot;credit&quot;:&quot;&quot;,&quot;camera&quot;:&quot;&quot;,&quot;caption&quot;:&quot;&quot;,&quot;created_timestamp&quot;:&quot;0&quot;,&quot;copyright&quot;:&quot;&quot;,&quot;focal_length&quot;:&quot;0&quot;,&quot;iso&quot;:&quot;0&quot;,&quot;shutter_speed&quot;:&quot;0&quot;,&quot;title&quot;:&quot;&quot;,&quot;orientation&quot;:&quot;1&quot;}\" data-image-title=\"Marokko 17 15074782777132\" data-image-description=\"\" data-image-caption=\"\" data-medium-file=\"https:\/\/i0.wp.com\/www.deuxchevaux.ch\/wordpress\/wp-content\/uploads\/2017\/10\/Marokko_17_15074782777132.jpg?fit=300%2C225&amp;ssl=1\" data-large-file=\"https:\/\/i0.wp.com\/www.deuxchevaux.ch\/wordpress\/wp-content\/uploads\/2017\/10\/Marokko_17_15074782777132.jpg?fit=1024%2C768&amp;ssl=1\" class=\"alignnone wp-image-6597 size-large\" src=\"https:\/\/i0.wp.com\/www.deuxchevaux.ch\/wordpress\/wp-content\/uploads\/2017\/10\/Marokko_17_15074782777132.jpg?resize=945%2C709&#038;ssl=1\" alt=\"\" width=\"945\" height=\"709\" srcset=\"https:\/\/i0.wp.com\/www.deuxchevaux.ch\/wordpress\/wp-content\/uploads\/2017\/10\/Marokko_17_15074782777132.jpg?w=1024&amp;ssl=1 1024w, https:\/\/i0.wp.com\/www.deuxchevaux.ch\/wordpress\/wp-content\/uploads\/2017\/10\/Marokko_17_15074782777132.jpg?resize=150%2C113&amp;ssl=1 150w, https:\/\/i0.wp.com\/www.deuxchevaux.ch\/wordpress\/wp-content\/uploads\/2017\/10\/Marokko_17_15074782777132.jpg?resize=300%2C225&amp;ssl=1 300w, https:\/\/i0.wp.com\/www.deuxchevaux.ch\/wordpress\/wp-content\/uploads\/2017\/10\/Marokko_17_15074782777132.jpg?resize=768%2C576&amp;ssl=1 768w, https:\/\/i0.wp.com\/www.deuxchevaux.ch\/wordpress\/wp-content\/uploads\/2017\/10\/Marokko_17_15074782777132.jpg?resize=400%2C300&amp;ssl=1 400w\" sizes=\"(max-width: 945px) 100vw, 945px\" \/><\/a><\/p>\n<p>Und schliesslich f\u00fchrte uns eine Regionalstrasse durch den Parc nationale de Talassemtan. Die Strasse windet sich entlang eines Flusses wieder in die H\u00f6he. Eine neue Landschaft mit anderen, wunderbaren Motiven er\u00f6ffnet sich. Marokko, wahrlich das Land mit den 1001 Gesichtern. Ich kam aus dem F\u00f6telen gar nicht mehr raus.<\/p>\n<p><a href=\"https:\/\/i0.wp.com\/www.deuxchevaux.ch\/wordpress\/wp-content\/uploads\/2017\/10\/Marokko_17_15074783498694-1.jpg?ssl=1\" target=\"_blank\" rel=\"noopener\"><img data-recalc-dims=\"1\" loading=\"lazy\" decoding=\"async\" data-attachment-id=\"6598\" data-permalink=\"https:\/\/www.deuxchevaux.ch\/wordpress\/2cv-raid-marokko-tag-18\/marokko_17_15074783498694-1\/\" data-orig-file=\"https:\/\/i0.wp.com\/www.deuxchevaux.ch\/wordpress\/wp-content\/uploads\/2017\/10\/Marokko_17_15074783498694-1.jpg?fit=1024%2C768&amp;ssl=1\" data-orig-size=\"1024,768\" data-comments-opened=\"0\" data-image-meta=\"{&quot;aperture&quot;:&quot;0&quot;,&quot;credit&quot;:&quot;&quot;,&quot;camera&quot;:&quot;&quot;,&quot;caption&quot;:&quot;&quot;,&quot;created_timestamp&quot;:&quot;0&quot;,&quot;copyright&quot;:&quot;&quot;,&quot;focal_length&quot;:&quot;0&quot;,&quot;iso&quot;:&quot;0&quot;,&quot;shutter_speed&quot;:&quot;0&quot;,&quot;title&quot;:&quot;&quot;,&quot;orientation&quot;:&quot;1&quot;}\" data-image-title=\"Marokko 17 15074783498694 1\" data-image-description=\"\" data-image-caption=\"\" data-medium-file=\"https:\/\/i0.wp.com\/www.deuxchevaux.ch\/wordpress\/wp-content\/uploads\/2017\/10\/Marokko_17_15074783498694-1.jpg?fit=300%2C225&amp;ssl=1\" data-large-file=\"https:\/\/i0.wp.com\/www.deuxchevaux.ch\/wordpress\/wp-content\/uploads\/2017\/10\/Marokko_17_15074783498694-1.jpg?fit=1024%2C768&amp;ssl=1\" class=\"alignnone wp-image-6598 size-large\" src=\"https:\/\/i0.wp.com\/www.deuxchevaux.ch\/wordpress\/wp-content\/uploads\/2017\/10\/Marokko_17_15074783498694-1.jpg?resize=945%2C709&#038;ssl=1\" alt=\"\" width=\"945\" height=\"709\" srcset=\"https:\/\/i0.wp.com\/www.deuxchevaux.ch\/wordpress\/wp-content\/uploads\/2017\/10\/Marokko_17_15074783498694-1.jpg?w=1024&amp;ssl=1 1024w, https:\/\/i0.wp.com\/www.deuxchevaux.ch\/wordpress\/wp-content\/uploads\/2017\/10\/Marokko_17_15074783498694-1.jpg?resize=150%2C113&amp;ssl=1 150w, https:\/\/i0.wp.com\/www.deuxchevaux.ch\/wordpress\/wp-content\/uploads\/2017\/10\/Marokko_17_15074783498694-1.jpg?resize=300%2C225&amp;ssl=1 300w, https:\/\/i0.wp.com\/www.deuxchevaux.ch\/wordpress\/wp-content\/uploads\/2017\/10\/Marokko_17_15074783498694-1.jpg?resize=768%2C576&amp;ssl=1 768w, https:\/\/i0.wp.com\/www.deuxchevaux.ch\/wordpress\/wp-content\/uploads\/2017\/10\/Marokko_17_15074783498694-1.jpg?resize=400%2C300&amp;ssl=1 400w\" sizes=\"(max-width: 945px) 100vw, 945px\" \/><\/a><\/p>\n<p>Schliesslich erreichten wir die N2, welche uns morgen nach Tetouan und schliesslich Tanger bringen wird. An dieser Strasse liegt unser heutiges Etappenziel Chefchaouen. Claudio kennt die Stadt von seiner letzten Marokkoreise her. Sie soll eine sehr sch\u00f6ne Medina haben. Jedenfalls ists ein beliebtes Ausflugsziel. Die Stadt wimmelt von meist marrokanischen Touristen. Und die lieben alle den D\u00f6schwo. Wie eigentlich alle Marokkaner \ud83d\ude42<\/p>\n<p><a href=\"https:\/\/i0.wp.com\/www.deuxchevaux.ch\/wordpress\/wp-content\/uploads\/2017\/10\/Marokko_17_15074783170833.jpg?ssl=1\" target=\"_blank\" rel=\"noopener\"><img data-recalc-dims=\"1\" loading=\"lazy\" decoding=\"async\" data-attachment-id=\"6596\" data-permalink=\"https:\/\/www.deuxchevaux.ch\/wordpress\/2cv-raid-marokko-tag-18\/marokko_17_15074783170833\/\" data-orig-file=\"https:\/\/i0.wp.com\/www.deuxchevaux.ch\/wordpress\/wp-content\/uploads\/2017\/10\/Marokko_17_15074783170833.jpg?fit=1024%2C768&amp;ssl=1\" data-orig-size=\"1024,768\" data-comments-opened=\"0\" data-image-meta=\"{&quot;aperture&quot;:&quot;0&quot;,&quot;credit&quot;:&quot;&quot;,&quot;camera&quot;:&quot;&quot;,&quot;caption&quot;:&quot;&quot;,&quot;created_timestamp&quot;:&quot;0&quot;,&quot;copyright&quot;:&quot;&quot;,&quot;focal_length&quot;:&quot;0&quot;,&quot;iso&quot;:&quot;0&quot;,&quot;shutter_speed&quot;:&quot;0&quot;,&quot;title&quot;:&quot;&quot;,&quot;orientation&quot;:&quot;1&quot;}\" data-image-title=\"Marokko 17 15074783170833\" data-image-description=\"\" data-image-caption=\"\" data-medium-file=\"https:\/\/i0.wp.com\/www.deuxchevaux.ch\/wordpress\/wp-content\/uploads\/2017\/10\/Marokko_17_15074783170833.jpg?fit=300%2C225&amp;ssl=1\" data-large-file=\"https:\/\/i0.wp.com\/www.deuxchevaux.ch\/wordpress\/wp-content\/uploads\/2017\/10\/Marokko_17_15074783170833.jpg?fit=1024%2C768&amp;ssl=1\" class=\"alignnone wp-image-6596 size-large\" src=\"https:\/\/i0.wp.com\/www.deuxchevaux.ch\/wordpress\/wp-content\/uploads\/2017\/10\/Marokko_17_15074783170833.jpg?resize=945%2C709&#038;ssl=1\" alt=\"\" width=\"945\" height=\"709\" srcset=\"https:\/\/i0.wp.com\/www.deuxchevaux.ch\/wordpress\/wp-content\/uploads\/2017\/10\/Marokko_17_15074783170833.jpg?w=1024&amp;ssl=1 1024w, https:\/\/i0.wp.com\/www.deuxchevaux.ch\/wordpress\/wp-content\/uploads\/2017\/10\/Marokko_17_15074783170833.jpg?resize=150%2C113&amp;ssl=1 150w, https:\/\/i0.wp.com\/www.deuxchevaux.ch\/wordpress\/wp-content\/uploads\/2017\/10\/Marokko_17_15074783170833.jpg?resize=300%2C225&amp;ssl=1 300w, https:\/\/i0.wp.com\/www.deuxchevaux.ch\/wordpress\/wp-content\/uploads\/2017\/10\/Marokko_17_15074783170833.jpg?resize=768%2C576&amp;ssl=1 768w, https:\/\/i0.wp.com\/www.deuxchevaux.ch\/wordpress\/wp-content\/uploads\/2017\/10\/Marokko_17_15074783170833.jpg?resize=400%2C300&amp;ssl=1 400w\" sizes=\"(max-width: 945px) 100vw, 945px\" \/><\/a><\/p>\n","protected":false},"excerpt":{"rendered":"<p>Nach einen nicht sehr \u00fcberzeugenden Fr\u00fchst\u00fcck verliessen wir unsere Casa Paca in Richtung Tetouan. Erst f\u00fchrte uns die N16 entlang des Parc&#8217;s [&hellip;]<\/p>\n","protected":false},"author":1,"featured_media":6601,"comment_status":"open","ping_status":"open","sticky":false,"template":"","format":"standard","meta":{"_jetpack_memberships_contains_paid_content":false,"footnotes":""},"categories":[1,9],"tags":[],"class_list":["post-6592","post","type-post","status-publish","format-standard","has-post-thumbnail","hentry","category-club","category-reise"],"jetpack_featured_media_url":"https:\/\/i0.wp.com\/www.deuxchevaux.ch\/wordpress\/wp-content\/uploads\/2017\/10\/Marokko_17_15074781837221.jpg?fit=1024%2C768&ssl=1","jetpack_sharing_enabled":true,"_links":{"self":[{"href":"https:\/\/www.deuxchevaux.ch\/wordpress\/wp-json\/wp\/v2\/posts\/6592"}],"collection":[{"href":"https:\/\/www.deuxchevaux.ch\/wordpress\/wp-json\/wp\/v2\/posts"}],"about":[{"href":"https:\/\/www.deuxchevaux.ch\/wordpress\/wp-json\/wp\/v2\/types\/post"}],"author":[{"embeddable":true,"href":"https:\/\/www.deuxchevaux.ch\/wordpress\/wp-json\/wp\/v2\/users\/1"}],"replies":[{"embeddable":true,"href":"https:\/\/www.deuxchevaux.ch\/wordpress\/wp-json\/wp\/v2\/comments?post=6592"}],"version-history":[{"count":13,"href":"https:\/\/www.deuxchevaux.ch\/wordpress\/wp-json\/wp\/v2\/posts\/6592\/revisions"}],"predecessor-version":[{"id":6612,"href":"https:\/\/www.deuxchevaux.ch\/wordpress\/wp-json\/wp\/v2\/posts\/6592\/revisions\/6612"}],"wp:featuredmedia":[{"embeddable":true,"href":"https:\/\/www.deuxchevaux.ch\/wordpress\/wp-json\/wp\/v2\/media\/6601"}],"wp:attachment":[{"href":"https:\/\/www.deuxchevaux.ch\/wordpress\/wp-json\/wp\/v2\/media?parent=6592"}],"wp:term":[{"taxonomy":"category","embeddable":true,"href":"https:\/\/www.deuxchevaux.ch\/wordpress\/wp-json\/wp\/v2\/categories?post=6592"},{"taxonomy":"post_tag","embeddable":true,"href":"https:\/\/www.deuxchevaux.ch\/wordpress\/wp-json\/wp\/v2\/tags?post=6592"}],"curies":[{"name":"wp","href":"https:\/\/api.w.org\/{rel}","templated":true}]}}