{"id":6849,"date":"2017-11-22T12:01:01","date_gmt":"2017-11-22T11:01:01","guid":{"rendered":"http:\/\/www.deuxchevaux.ch\/wordpress\/?p=6849"},"modified":"2017-11-22T12:22:28","modified_gmt":"2017-11-22T11:22:28","slug":"5-gv-des-vereins-2cv-welttreffen-schweiz","status":"publish","type":"post","link":"https:\/\/www.deuxchevaux.ch\/wordpress\/5-gv-des-vereins-2cv-welttreffen-schweiz\/","title":{"rendered":"5. GV des Vereins &#8222;2CV-Welttreffen Schweiz&#8220;"},"content":{"rendered":"<p>Letzten Sonntag waren wir zur letzten GV des &#8218;alten&#8216; Vereins geladen. Und damit gleichzeitig zur Gr\u00fcndungsversammlung des neuen Vereins?!<\/p>\n<p><a href=\"https:\/\/i0.wp.com\/www.deuxchevaux.ch\/wordpress\/wp-content\/uploads\/2017\/11\/5_GV_des_Vereins_2CV_Welttreffen_20171119_165122.jpg?ssl=1\"><img data-recalc-dims=\"1\" loading=\"lazy\" decoding=\"async\" data-attachment-id=\"6854\" data-permalink=\"https:\/\/www.deuxchevaux.ch\/wordpress\/5-gv-des-vereins-2cv-welttreffen-schweiz\/5_gv_des_vereins_2cv_welttreffen_20171119_165122\/\" data-orig-file=\"https:\/\/i0.wp.com\/www.deuxchevaux.ch\/wordpress\/wp-content\/uploads\/2017\/11\/5_GV_des_Vereins_2CV_Welttreffen_20171119_165122.jpg?fit=1600%2C1200&amp;ssl=1\" data-orig-size=\"1600,1200\" data-comments-opened=\"0\" data-image-meta=\"{&quot;aperture&quot;:&quot;1.7&quot;,&quot;credit&quot;:&quot;&quot;,&quot;camera&quot;:&quot;SM-G930F&quot;,&quot;caption&quot;:&quot;&quot;,&quot;created_timestamp&quot;:&quot;1511110282&quot;,&quot;copyright&quot;:&quot;&quot;,&quot;focal_length&quot;:&quot;4.2&quot;,&quot;iso&quot;:&quot;64&quot;,&quot;shutter_speed&quot;:&quot;0.01&quot;,&quot;title&quot;:&quot;&quot;,&quot;orientation&quot;:&quot;1&quot;}\" data-image-title=\"5 GV Des Vereins 2CV Welttreffen 20171119 165122\" data-image-description=\"\" data-image-caption=\"\" data-medium-file=\"https:\/\/i0.wp.com\/www.deuxchevaux.ch\/wordpress\/wp-content\/uploads\/2017\/11\/5_GV_des_Vereins_2CV_Welttreffen_20171119_165122.jpg?fit=300%2C225&amp;ssl=1\" data-large-file=\"https:\/\/i0.wp.com\/www.deuxchevaux.ch\/wordpress\/wp-content\/uploads\/2017\/11\/5_GV_des_Vereins_2CV_Welttreffen_20171119_165122.jpg?fit=1024%2C768&amp;ssl=1\" class=\"alignnone size-large wp-image-6854\" src=\"https:\/\/i0.wp.com\/www.deuxchevaux.ch\/wordpress\/wp-content\/uploads\/2017\/11\/5_GV_des_Vereins_2CV_Welttreffen_20171119_165122.jpg?resize=945%2C709&#038;ssl=1\" alt=\"\" width=\"945\" height=\"709\" srcset=\"https:\/\/i0.wp.com\/www.deuxchevaux.ch\/wordpress\/wp-content\/uploads\/2017\/11\/5_GV_des_Vereins_2CV_Welttreffen_20171119_165122.jpg?resize=1024%2C768&amp;ssl=1 1024w, https:\/\/i0.wp.com\/www.deuxchevaux.ch\/wordpress\/wp-content\/uploads\/2017\/11\/5_GV_des_Vereins_2CV_Welttreffen_20171119_165122.jpg?resize=150%2C113&amp;ssl=1 150w, https:\/\/i0.wp.com\/www.deuxchevaux.ch\/wordpress\/wp-content\/uploads\/2017\/11\/5_GV_des_Vereins_2CV_Welttreffen_20171119_165122.jpg?resize=300%2C225&amp;ssl=1 300w, https:\/\/i0.wp.com\/www.deuxchevaux.ch\/wordpress\/wp-content\/uploads\/2017\/11\/5_GV_des_Vereins_2CV_Welttreffen_20171119_165122.jpg?resize=768%2C576&amp;ssl=1 768w, https:\/\/i0.wp.com\/www.deuxchevaux.ch\/wordpress\/wp-content\/uploads\/2017\/11\/5_GV_des_Vereins_2CV_Welttreffen_20171119_165122.jpg?resize=400%2C300&amp;ssl=1 400w, https:\/\/i0.wp.com\/www.deuxchevaux.ch\/wordpress\/wp-content\/uploads\/2017\/11\/5_GV_des_Vereins_2CV_Welttreffen_20171119_165122.jpg?w=1600&amp;ssl=1 1600w\" sizes=\"(max-width: 945px) 100vw, 945px\" \/><\/a><\/p>\n<p>Diese 5. GV fand im Airporthotel Grenchen statt. Ein w\u00fcrdiger Rahmen f\u00fcr einen wichtigen Anlass. Warum war der Anlass wichtig? Nun, wie allgemein bekannt, hat die Schweiz dieses Jahr den Zuschlag f\u00fcr die Ausrichtung des 2CV-Welttreffens 21 erhalten. Aus diesem Grund wurde der alte Verein liquidiert, resp. transformiert. Er befasste sich mit der Kandidatur der Schweiz f\u00fcr das Welttreffen. Der neue Verein hat die konkrete Durchf\u00fchrung des Welttreffens 21 zur Aufgabe. Und dieser neue Verein mit seinen heute ca. 250 Mitgliedern steht nun seit letztem Sonntag!\u00a0Ca. 60 dieser Mitglieder waren bei diesem historischen Anlass anwesend.<\/p>\n<p><a href=\"https:\/\/i0.wp.com\/www.deuxchevaux.ch\/wordpress\/wp-content\/uploads\/2017\/11\/5_GV_des_Vereins_2CV_Welttreffen_20171119_153359.jpg?ssl=1\"><img data-recalc-dims=\"1\" loading=\"lazy\" decoding=\"async\" data-attachment-id=\"6853\" data-permalink=\"https:\/\/www.deuxchevaux.ch\/wordpress\/5-gv-des-vereins-2cv-welttreffen-schweiz\/5_gv_des_vereins_2cv_welttreffen_20171119_153359\/\" data-orig-file=\"https:\/\/i0.wp.com\/www.deuxchevaux.ch\/wordpress\/wp-content\/uploads\/2017\/11\/5_GV_des_Vereins_2CV_Welttreffen_20171119_153359.jpg?fit=1600%2C1200&amp;ssl=1\" data-orig-size=\"1600,1200\" data-comments-opened=\"0\" data-image-meta=\"{&quot;aperture&quot;:&quot;1.7&quot;,&quot;credit&quot;:&quot;&quot;,&quot;camera&quot;:&quot;SM-G930F&quot;,&quot;caption&quot;:&quot;&quot;,&quot;created_timestamp&quot;:&quot;1511105639&quot;,&quot;copyright&quot;:&quot;&quot;,&quot;focal_length&quot;:&quot;4.2&quot;,&quot;iso&quot;:&quot;200&quot;,&quot;shutter_speed&quot;:&quot;0.02&quot;,&quot;title&quot;:&quot;&quot;,&quot;orientation&quot;:&quot;1&quot;}\" data-image-title=\"5 GV Des Vereins 2CV Welttreffen 20171119 153359\" data-image-description=\"\" data-image-caption=\"\" data-medium-file=\"https:\/\/i0.wp.com\/www.deuxchevaux.ch\/wordpress\/wp-content\/uploads\/2017\/11\/5_GV_des_Vereins_2CV_Welttreffen_20171119_153359.jpg?fit=300%2C225&amp;ssl=1\" data-large-file=\"https:\/\/i0.wp.com\/www.deuxchevaux.ch\/wordpress\/wp-content\/uploads\/2017\/11\/5_GV_des_Vereins_2CV_Welttreffen_20171119_153359.jpg?fit=1024%2C768&amp;ssl=1\" class=\"alignnone size-large wp-image-6853\" src=\"https:\/\/i0.wp.com\/www.deuxchevaux.ch\/wordpress\/wp-content\/uploads\/2017\/11\/5_GV_des_Vereins_2CV_Welttreffen_20171119_153359.jpg?resize=945%2C709&#038;ssl=1\" alt=\"\" width=\"945\" height=\"709\" srcset=\"https:\/\/i0.wp.com\/www.deuxchevaux.ch\/wordpress\/wp-content\/uploads\/2017\/11\/5_GV_des_Vereins_2CV_Welttreffen_20171119_153359.jpg?resize=1024%2C768&amp;ssl=1 1024w, https:\/\/i0.wp.com\/www.deuxchevaux.ch\/wordpress\/wp-content\/uploads\/2017\/11\/5_GV_des_Vereins_2CV_Welttreffen_20171119_153359.jpg?resize=150%2C113&amp;ssl=1 150w, https:\/\/i0.wp.com\/www.deuxchevaux.ch\/wordpress\/wp-content\/uploads\/2017\/11\/5_GV_des_Vereins_2CV_Welttreffen_20171119_153359.jpg?resize=300%2C225&amp;ssl=1 300w, https:\/\/i0.wp.com\/www.deuxchevaux.ch\/wordpress\/wp-content\/uploads\/2017\/11\/5_GV_des_Vereins_2CV_Welttreffen_20171119_153359.jpg?resize=768%2C576&amp;ssl=1 768w, https:\/\/i0.wp.com\/www.deuxchevaux.ch\/wordpress\/wp-content\/uploads\/2017\/11\/5_GV_des_Vereins_2CV_Welttreffen_20171119_153359.jpg?resize=400%2C300&amp;ssl=1 400w, https:\/\/i0.wp.com\/www.deuxchevaux.ch\/wordpress\/wp-content\/uploads\/2017\/11\/5_GV_des_Vereins_2CV_Welttreffen_20171119_153359.jpg?w=1600&amp;ssl=1 1600w\" sizes=\"(max-width: 945px) 100vw, 945px\" \/><\/a><\/p>\n<p>Der Vorstand f\u00fchrte routiniert durch die Versammlung. Nach den \u00fcblichen Punkten wie Kurzbericht des Pr\u00e4sidenten, Jahresrechnung, Entlastung des Vorstandes etc. standen die Haupttraktanden an: <em>Vorstellung Strukturen neuer Verein, Beschluss der Statuten\u00e4nderung<\/em> und <em>Gesamterneuerungswahl des Vorstandes<\/em>. Diese Punkte gaben zu reden. Die Diskussion drehte sich prim\u00e4r um die rechtliche Form der zu gr\u00fcndenden Gesellschaft. Nebst dem Verein wurden eine GmbH oder eine AG vorgeschlagen. Jede Gesellschaftsform hat ihre Vor- und Nachteile. Nach intensiver Diskussion wurde schliesslich dem Verein der Vorzug gegeben. Mit zwei Anpassungen wurden auch die entsprechnenden, vorgeschlagenen Statuten akzeptiert.<\/p>\n<p><a href=\"https:\/\/i0.wp.com\/www.deuxchevaux.ch\/wordpress\/wp-content\/uploads\/2017\/11\/5_GV_des_Vereins_2CV_Welttreffen_20171119_152928.jpg?ssl=1\"><img data-recalc-dims=\"1\" loading=\"lazy\" decoding=\"async\" data-attachment-id=\"6852\" data-permalink=\"https:\/\/www.deuxchevaux.ch\/wordpress\/5-gv-des-vereins-2cv-welttreffen-schweiz\/5_gv_des_vereins_2cv_welttreffen_20171119_152928\/\" data-orig-file=\"https:\/\/i0.wp.com\/www.deuxchevaux.ch\/wordpress\/wp-content\/uploads\/2017\/11\/5_GV_des_Vereins_2CV_Welttreffen_20171119_152928.jpg?fit=1600%2C1200&amp;ssl=1\" data-orig-size=\"1600,1200\" data-comments-opened=\"0\" data-image-meta=\"{&quot;aperture&quot;:&quot;1.7&quot;,&quot;credit&quot;:&quot;&quot;,&quot;camera&quot;:&quot;SM-G930F&quot;,&quot;caption&quot;:&quot;&quot;,&quot;created_timestamp&quot;:&quot;1511105367&quot;,&quot;copyright&quot;:&quot;&quot;,&quot;focal_length&quot;:&quot;4.2&quot;,&quot;iso&quot;:&quot;100&quot;,&quot;shutter_speed&quot;:&quot;0.01&quot;,&quot;title&quot;:&quot;&quot;,&quot;orientation&quot;:&quot;1&quot;}\" data-image-title=\"5 GV Des Vereins 2CV Welttreffen 20171119 152928\" data-image-description=\"\" data-image-caption=\"\" data-medium-file=\"https:\/\/i0.wp.com\/www.deuxchevaux.ch\/wordpress\/wp-content\/uploads\/2017\/11\/5_GV_des_Vereins_2CV_Welttreffen_20171119_152928.jpg?fit=300%2C225&amp;ssl=1\" data-large-file=\"https:\/\/i0.wp.com\/www.deuxchevaux.ch\/wordpress\/wp-content\/uploads\/2017\/11\/5_GV_des_Vereins_2CV_Welttreffen_20171119_152928.jpg?fit=1024%2C768&amp;ssl=1\" class=\"alignnone size-large wp-image-6852\" src=\"https:\/\/i0.wp.com\/www.deuxchevaux.ch\/wordpress\/wp-content\/uploads\/2017\/11\/5_GV_des_Vereins_2CV_Welttreffen_20171119_152928.jpg?resize=945%2C709&#038;ssl=1\" alt=\"\" width=\"945\" height=\"709\" srcset=\"https:\/\/i0.wp.com\/www.deuxchevaux.ch\/wordpress\/wp-content\/uploads\/2017\/11\/5_GV_des_Vereins_2CV_Welttreffen_20171119_152928.jpg?resize=1024%2C768&amp;ssl=1 1024w, https:\/\/i0.wp.com\/www.deuxchevaux.ch\/wordpress\/wp-content\/uploads\/2017\/11\/5_GV_des_Vereins_2CV_Welttreffen_20171119_152928.jpg?resize=150%2C113&amp;ssl=1 150w, https:\/\/i0.wp.com\/www.deuxchevaux.ch\/wordpress\/wp-content\/uploads\/2017\/11\/5_GV_des_Vereins_2CV_Welttreffen_20171119_152928.jpg?resize=300%2C225&amp;ssl=1 300w, https:\/\/i0.wp.com\/www.deuxchevaux.ch\/wordpress\/wp-content\/uploads\/2017\/11\/5_GV_des_Vereins_2CV_Welttreffen_20171119_152928.jpg?resize=768%2C576&amp;ssl=1 768w, https:\/\/i0.wp.com\/www.deuxchevaux.ch\/wordpress\/wp-content\/uploads\/2017\/11\/5_GV_des_Vereins_2CV_Welttreffen_20171119_152928.jpg?resize=400%2C300&amp;ssl=1 400w, https:\/\/i0.wp.com\/www.deuxchevaux.ch\/wordpress\/wp-content\/uploads\/2017\/11\/5_GV_des_Vereins_2CV_Welttreffen_20171119_152928.jpg?w=1600&amp;ssl=1 1600w\" sizes=\"(max-width: 945px) 100vw, 945px\" \/><\/a><\/p>\n<p>Anschliessend wurde die Besetzung des Vereinsvorstandes und des OK&#8217;s (Organisationskomitees) vorgestellt und eifrig diskutiert. Das Plenum akzeptierte schliesslich auch hier die Vorschl\u00e4ge des Vorstandes. Damit war der neue Verein gegr\u00fcndet!<\/p>\n<p>Zu vorger\u00fcckter Stunde skizzierte der alte\/neue Vereinspr\u00e4sident Willi Br\u00e4ndli das zuk\u00fcnftige Vorgehen. Das Welttreffen 21 findet im Jura mit der freundlichen Unterst\u00fctzung von Jura Tourismus statt. Der Chargen und Aufgaben sind viele, wie die pr\u00e4sentierten Organigramme eindr\u00fccklich aufzeigten. Die Vereinsmitglieder erhalten diese Informationen zum vertieften Studium per Mail. <strong>Und alle anderen werden ab sofort Vereinsmitglied<\/strong>. Melden wir uns, unterst\u00fctzen wir unser OK! Das in Portugal von der europ\u00e4ischen 2CV-Gemeinde ausgesprochene Vertrauen in die Schweiz als Gastgeberland rechtfertigt unseren Einsatz allemal!<\/p>\n<p><a href=\"https:\/\/i0.wp.com\/www.deuxchevaux.ch\/wordpress\/wp-content\/uploads\/2017\/11\/5_GV_des_Vereins_2CV_Welttreffen_20170728_214302.jpg?ssl=1\"><img data-recalc-dims=\"1\" loading=\"lazy\" decoding=\"async\" data-attachment-id=\"6855\" data-permalink=\"https:\/\/www.deuxchevaux.ch\/wordpress\/5-gv-des-vereins-2cv-welttreffen-schweiz\/5_gv_des_vereins_2cv_welttreffen_20170728_214302\/\" data-orig-file=\"https:\/\/i0.wp.com\/www.deuxchevaux.ch\/wordpress\/wp-content\/uploads\/2017\/11\/5_GV_des_Vereins_2CV_Welttreffen_20170728_214302.jpg?fit=1600%2C1200&amp;ssl=1\" data-orig-size=\"1600,1200\" data-comments-opened=\"0\" data-image-meta=\"{&quot;aperture&quot;:&quot;1.7&quot;,&quot;credit&quot;:&quot;&quot;,&quot;camera&quot;:&quot;SM-G930F&quot;,&quot;caption&quot;:&quot;&quot;,&quot;created_timestamp&quot;:&quot;1501278182&quot;,&quot;copyright&quot;:&quot;&quot;,&quot;focal_length&quot;:&quot;4.2&quot;,&quot;iso&quot;:&quot;400&quot;,&quot;shutter_speed&quot;:&quot;0.016666666666667&quot;,&quot;title&quot;:&quot;&quot;,&quot;orientation&quot;:&quot;1&quot;}\" data-image-title=\"5 GV Des Vereins 2CV Welttreffen 20170728 214302\" data-image-description=\"\" data-image-caption=\"\" data-medium-file=\"https:\/\/i0.wp.com\/www.deuxchevaux.ch\/wordpress\/wp-content\/uploads\/2017\/11\/5_GV_des_Vereins_2CV_Welttreffen_20170728_214302.jpg?fit=300%2C225&amp;ssl=1\" data-large-file=\"https:\/\/i0.wp.com\/www.deuxchevaux.ch\/wordpress\/wp-content\/uploads\/2017\/11\/5_GV_des_Vereins_2CV_Welttreffen_20170728_214302.jpg?fit=1024%2C768&amp;ssl=1\" class=\"alignnone size-large wp-image-6855\" src=\"https:\/\/i0.wp.com\/www.deuxchevaux.ch\/wordpress\/wp-content\/uploads\/2017\/11\/5_GV_des_Vereins_2CV_Welttreffen_20170728_214302.jpg?resize=945%2C709&#038;ssl=1\" alt=\"\" width=\"945\" height=\"709\" srcset=\"https:\/\/i0.wp.com\/www.deuxchevaux.ch\/wordpress\/wp-content\/uploads\/2017\/11\/5_GV_des_Vereins_2CV_Welttreffen_20170728_214302.jpg?resize=1024%2C768&amp;ssl=1 1024w, https:\/\/i0.wp.com\/www.deuxchevaux.ch\/wordpress\/wp-content\/uploads\/2017\/11\/5_GV_des_Vereins_2CV_Welttreffen_20170728_214302.jpg?resize=150%2C113&amp;ssl=1 150w, https:\/\/i0.wp.com\/www.deuxchevaux.ch\/wordpress\/wp-content\/uploads\/2017\/11\/5_GV_des_Vereins_2CV_Welttreffen_20170728_214302.jpg?resize=300%2C225&amp;ssl=1 300w, https:\/\/i0.wp.com\/www.deuxchevaux.ch\/wordpress\/wp-content\/uploads\/2017\/11\/5_GV_des_Vereins_2CV_Welttreffen_20170728_214302.jpg?resize=768%2C576&amp;ssl=1 768w, https:\/\/i0.wp.com\/www.deuxchevaux.ch\/wordpress\/wp-content\/uploads\/2017\/11\/5_GV_des_Vereins_2CV_Welttreffen_20170728_214302.jpg?resize=400%2C300&amp;ssl=1 400w, https:\/\/i0.wp.com\/www.deuxchevaux.ch\/wordpress\/wp-content\/uploads\/2017\/11\/5_GV_des_Vereins_2CV_Welttreffen_20170728_214302.jpg?w=1600&amp;ssl=1 1600w\" sizes=\"(max-width: 945px) 100vw, 945px\" \/><\/a><\/p>\n","protected":false},"excerpt":{"rendered":"<p>Letzten Sonntag waren wir zur letzten GV des &#8218;alten&#8216; Vereins geladen. Und damit gleichzeitig zur Gr\u00fcndungsversammlung des neuen Vereins?! Diese 5. GV [&hellip;]<\/p>\n","protected":false},"author":1,"featured_media":5389,"comment_status":"open","ping_status":"open","sticky":false,"template":"","format":"standard","meta":{"_jetpack_memberships_contains_paid_content":false,"footnotes":""},"categories":[1,19,15,68],"tags":[],"class_list":["post-6849","post","type-post","status-publish","format-standard","has-post-thumbnail","hentry","category-club","category-mitglied","category-treffen","category-welttreffen-21"],"jetpack_featured_media_url":"https:\/\/i0.wp.com\/www.deuxchevaux.ch\/wordpress\/wp-content\/uploads\/2017\/02\/logo_mondiale_21_suisse.png?fit=510%2C438&ssl=1","jetpack_sharing_enabled":true,"_links":{"self":[{"href":"https:\/\/www.deuxchevaux.ch\/wordpress\/wp-json\/wp\/v2\/posts\/6849"}],"collection":[{"href":"https:\/\/www.deuxchevaux.ch\/wordpress\/wp-json\/wp\/v2\/posts"}],"about":[{"href":"https:\/\/www.deuxchevaux.ch\/wordpress\/wp-json\/wp\/v2\/types\/post"}],"author":[{"embeddable":true,"href":"https:\/\/www.deuxchevaux.ch\/wordpress\/wp-json\/wp\/v2\/users\/1"}],"replies":[{"embeddable":true,"href":"https:\/\/www.deuxchevaux.ch\/wordpress\/wp-json\/wp\/v2\/comments?post=6849"}],"version-history":[{"count":8,"href":"https:\/\/www.deuxchevaux.ch\/wordpress\/wp-json\/wp\/v2\/posts\/6849\/revisions"}],"predecessor-version":[{"id":6861,"href":"https:\/\/www.deuxchevaux.ch\/wordpress\/wp-json\/wp\/v2\/posts\/6849\/revisions\/6861"}],"wp:featuredmedia":[{"embeddable":true,"href":"https:\/\/www.deuxchevaux.ch\/wordpress\/wp-json\/wp\/v2\/media\/5389"}],"wp:attachment":[{"href":"https:\/\/www.deuxchevaux.ch\/wordpress\/wp-json\/wp\/v2\/media?parent=6849"}],"wp:term":[{"taxonomy":"category","embeddable":true,"href":"https:\/\/www.deuxchevaux.ch\/wordpress\/wp-json\/wp\/v2\/categories?post=6849"},{"taxonomy":"post_tag","embeddable":true,"href":"https:\/\/www.deuxchevaux.ch\/wordpress\/wp-json\/wp\/v2\/tags?post=6849"}],"curies":[{"name":"wp","href":"https:\/\/api.w.org\/{rel}","templated":true}]}}