{"id":8847,"date":"2019-12-04T16:17:22","date_gmt":"2019-12-04T15:17:22","guid":{"rendered":"https:\/\/www.deuxchevaux.ch\/wordpress\/?p=8847"},"modified":"2020-02-22T22:21:01","modified_gmt":"2020-02-22T21:21:01","slug":"centenaire-citroen-in-ferte-vidame","status":"publish","type":"post","link":"https:\/\/www.deuxchevaux.ch\/wordpress\/centenaire-citroen-in-ferte-vidame\/","title":{"rendered":"Centenaire Citro\u00ebn in Fert\u00e9-Vidame"},"content":{"rendered":"\n<p>Und weil das Jubeljahr von Citro\u00ebn sich nun dem Ende zuneigt, publiziere ich hier gerne noch den Bericht meines Besuches der offiziellen Jubil\u00e4umsfeierlichkeiten diesen Sommer. Ein sch\u00f6ne Erinnerung!<\/p>\n\n\n\n<div style=\"height:30px\" aria-hidden=\"true\" class=\"wp-block-spacer\"><\/div>\n\n\n\n<p>16.7.19<\/p>\n\n\n\n<p>Nach einer\nsch\u00f6nen Fahrt durch den Neuenburger Jura erreichte ich \u00fcber Dole und Chalons s.\nS. Marcs Dependence in Givri. Die Fahrt verlief problemlos, vom \u00fcblichen\nFeierabendstau in Chalons mal abgesehen. Bei 30+ Grad auf obskuren\nAutobahnauffahrten herumstehen ist im Leo einfach nicht so angenehm. Aber wem\nsag ich das, ist bei unsereins ja Allgemeingut \ud83d\ude42<\/p>\n\n\n\n<p>Marc, Danilo\nund Stephan mit seinem Sohn Jan empfingen mich mit einem k\u00fchlen Kronenburg.\nWelche Freude und Wohltat! Im sch\u00f6nen G\u00e4rtli gabs bald darauf herrlichen\nBraten, schmackhaften Salat und Teigwaren, bestreut mit Emmental fran\u00e7ais! Ein\ngelungener Ausklang f\u00fcr einen sch\u00f6nen Tag. <\/p>\n\n\n\n<figure class=\"wp-block-image\"><img data-recalc-dims=\"1\" loading=\"lazy\" decoding=\"async\" width=\"1024\" height=\"576\" data-attachment-id=\"13919\" data-permalink=\"https:\/\/www.deuxchevaux.ch\/wordpress\/centenaire-citroen-in-ferte-vidame\/ferte_vidame_20190717_184302\/\" data-orig-file=\"https:\/\/i0.wp.com\/www.deuxchevaux.ch\/wordpress\/wp-content\/uploads\/2019\/11\/Ferte_Vidame_20190717_184302.jpg?fit=2133%2C1200&amp;ssl=1\" data-orig-size=\"2133,1200\" data-comments-opened=\"0\" data-image-meta=\"{&quot;aperture&quot;:&quot;1.7&quot;,&quot;credit&quot;:&quot;&quot;,&quot;camera&quot;:&quot;SM-G930F&quot;,&quot;caption&quot;:&quot;&quot;,&quot;created_timestamp&quot;:&quot;1563388982&quot;,&quot;copyright&quot;:&quot;&quot;,&quot;focal_length&quot;:&quot;4.2&quot;,&quot;iso&quot;:&quot;50&quot;,&quot;shutter_speed&quot;:&quot;0.0025510204081633&quot;,&quot;title&quot;:&quot;&quot;,&quot;orientation&quot;:&quot;1&quot;}\" data-image-title=\"Ferte_Vidame_20190717_184302\" data-image-description=\"\" data-image-caption=\"\" data-medium-file=\"https:\/\/i0.wp.com\/www.deuxchevaux.ch\/wordpress\/wp-content\/uploads\/2019\/11\/Ferte_Vidame_20190717_184302.jpg?fit=300%2C169&amp;ssl=1\" data-large-file=\"https:\/\/i0.wp.com\/www.deuxchevaux.ch\/wordpress\/wp-content\/uploads\/2019\/11\/Ferte_Vidame_20190717_184302.jpg?fit=1024%2C576&amp;ssl=1\" src=\"https:\/\/i0.wp.com\/www.deuxchevaux.ch\/wordpress\/wp-content\/uploads\/2019\/11\/Ferte_Vidame_20190717_184302.jpg?resize=1024%2C576&#038;ssl=1\" alt=\"\" class=\"wp-image-13919\" srcset=\"https:\/\/i0.wp.com\/www.deuxchevaux.ch\/wordpress\/wp-content\/uploads\/2019\/11\/Ferte_Vidame_20190717_184302.jpg?resize=1024%2C576&amp;ssl=1 1024w, https:\/\/i0.wp.com\/www.deuxchevaux.ch\/wordpress\/wp-content\/uploads\/2019\/11\/Ferte_Vidame_20190717_184302.jpg?resize=150%2C84&amp;ssl=1 150w, https:\/\/i0.wp.com\/www.deuxchevaux.ch\/wordpress\/wp-content\/uploads\/2019\/11\/Ferte_Vidame_20190717_184302.jpg?resize=300%2C169&amp;ssl=1 300w, https:\/\/i0.wp.com\/www.deuxchevaux.ch\/wordpress\/wp-content\/uploads\/2019\/11\/Ferte_Vidame_20190717_184302.jpg?resize=768%2C432&amp;ssl=1 768w, https:\/\/i0.wp.com\/www.deuxchevaux.ch\/wordpress\/wp-content\/uploads\/2019\/11\/Ferte_Vidame_20190717_184302.jpg?resize=830%2C467&amp;ssl=1 830w, https:\/\/i0.wp.com\/www.deuxchevaux.ch\/wordpress\/wp-content\/uploads\/2019\/11\/Ferte_Vidame_20190717_184302.jpg?resize=230%2C129&amp;ssl=1 230w, https:\/\/i0.wp.com\/www.deuxchevaux.ch\/wordpress\/wp-content\/uploads\/2019\/11\/Ferte_Vidame_20190717_184302.jpg?resize=350%2C197&amp;ssl=1 350w, https:\/\/i0.wp.com\/www.deuxchevaux.ch\/wordpress\/wp-content\/uploads\/2019\/11\/Ferte_Vidame_20190717_184302.jpg?resize=480%2C270&amp;ssl=1 480w\" sizes=\"(max-width: 1024px) 100vw, 1024px\" \/><\/figure>\n\n\n\n<p>17.7.<\/p>\n\n\n\n<p>Ich hatte\nmich f\u00fcr die Nacht auf Marc&#8217;s Grundst\u00fccks in meinem Zelt eingerichtet. Dies in\nweiser Voraussicht, weil ich Marc&#8217;s Vorliebe f\u00fcr absolute Dunkelheit im\nSchlafgemach kenne. Und ich im Gegensatz zum schlafen immer ein kleines\nLichtlein brauche. Das kleine Lichtlein hat sich diese Nacht zu einem extrem\nhellen Vollmond ausgewachsen, welcher mich p\u00fcnktlich um 2:30h weckte. Die\nvorg\u00e4ngige, einzigartige Mondfinsternis habe ich allerdings verschlafen \ud83d\ude41<\/p>\n\n\n\n<p>Nach einem gemeinsamen Fr\u00fchst\u00fcck verliessen uns Stephan und Jan Richtung Fert\u00e9-Vidame. Marc, Danilo und ich beschlossen, die eindrucksvolle Ausstellung antiker Motorr\u00e4der, Abarth-Rennwagen, Feuerwehrfahrzeuge, Flugzeuge etc. etc. im <a aria-label=\"Schloss von Savigny-l\u00e8s-Beaune (opens in a new tab)\" href=\"https:\/\/www.chateau-savigny.com\/\" target=\"_blank\" rel=\"noreferrer noopener\">Schloss von Savigny-l\u00e8s-Beaune<\/a> zu besuchen. Ich hatte sie fr\u00fcher schon besucht und sie hatte mich damals stark beeindruckt.<\/p>\n\n\n\n<figure class=\"wp-block-image\"><img data-recalc-dims=\"1\" loading=\"lazy\" decoding=\"async\" width=\"1024\" height=\"576\" data-attachment-id=\"13921\" data-permalink=\"https:\/\/www.deuxchevaux.ch\/wordpress\/centenaire-citroen-in-ferte-vidame\/ferte_vidame_img_20190717_113858\/\" data-orig-file=\"https:\/\/i0.wp.com\/www.deuxchevaux.ch\/wordpress\/wp-content\/uploads\/2019\/11\/Ferte_Vidame_IMG_20190717_113858.jpg?fit=2133%2C1200&amp;ssl=1\" data-orig-size=\"2133,1200\" data-comments-opened=\"0\" data-image-meta=\"{&quot;aperture&quot;:&quot;2.2&quot;,&quot;credit&quot;:&quot;&quot;,&quot;camera&quot;:&quot;GT-I9195I&quot;,&quot;caption&quot;:&quot;&quot;,&quot;created_timestamp&quot;:&quot;1563363538&quot;,&quot;copyright&quot;:&quot;&quot;,&quot;focal_length&quot;:&quot;3.3&quot;,&quot;iso&quot;:&quot;50&quot;,&quot;shutter_speed&quot;:&quot;0.0020283975659229&quot;,&quot;title&quot;:&quot;&quot;,&quot;orientation&quot;:&quot;1&quot;}\" data-image-title=\"Ferte_Vidame_IMG_20190717_113858\" data-image-description=\"\" data-image-caption=\"\" data-medium-file=\"https:\/\/i0.wp.com\/www.deuxchevaux.ch\/wordpress\/wp-content\/uploads\/2019\/11\/Ferte_Vidame_IMG_20190717_113858.jpg?fit=300%2C169&amp;ssl=1\" data-large-file=\"https:\/\/i0.wp.com\/www.deuxchevaux.ch\/wordpress\/wp-content\/uploads\/2019\/11\/Ferte_Vidame_IMG_20190717_113858.jpg?fit=1024%2C576&amp;ssl=1\" src=\"https:\/\/i0.wp.com\/www.deuxchevaux.ch\/wordpress\/wp-content\/uploads\/2019\/11\/Ferte_Vidame_IMG_20190717_113858.jpg?resize=1024%2C576&#038;ssl=1\" alt=\"\" class=\"wp-image-13921\" srcset=\"https:\/\/i0.wp.com\/www.deuxchevaux.ch\/wordpress\/wp-content\/uploads\/2019\/11\/Ferte_Vidame_IMG_20190717_113858.jpg?resize=1024%2C576&amp;ssl=1 1024w, https:\/\/i0.wp.com\/www.deuxchevaux.ch\/wordpress\/wp-content\/uploads\/2019\/11\/Ferte_Vidame_IMG_20190717_113858.jpg?resize=150%2C84&amp;ssl=1 150w, https:\/\/i0.wp.com\/www.deuxchevaux.ch\/wordpress\/wp-content\/uploads\/2019\/11\/Ferte_Vidame_IMG_20190717_113858.jpg?resize=300%2C169&amp;ssl=1 300w, https:\/\/i0.wp.com\/www.deuxchevaux.ch\/wordpress\/wp-content\/uploads\/2019\/11\/Ferte_Vidame_IMG_20190717_113858.jpg?resize=768%2C432&amp;ssl=1 768w, https:\/\/i0.wp.com\/www.deuxchevaux.ch\/wordpress\/wp-content\/uploads\/2019\/11\/Ferte_Vidame_IMG_20190717_113858.jpg?resize=830%2C467&amp;ssl=1 830w, https:\/\/i0.wp.com\/www.deuxchevaux.ch\/wordpress\/wp-content\/uploads\/2019\/11\/Ferte_Vidame_IMG_20190717_113858.jpg?resize=230%2C129&amp;ssl=1 230w, https:\/\/i0.wp.com\/www.deuxchevaux.ch\/wordpress\/wp-content\/uploads\/2019\/11\/Ferte_Vidame_IMG_20190717_113858.jpg?resize=350%2C197&amp;ssl=1 350w, https:\/\/i0.wp.com\/www.deuxchevaux.ch\/wordpress\/wp-content\/uploads\/2019\/11\/Ferte_Vidame_IMG_20190717_113858.jpg?resize=480%2C270&amp;ssl=1 480w\" sizes=\"(max-width: 1024px) 100vw, 1024px\" \/><\/figure>\n\n\n\n<p>Die Fahrt\nauf der Weinstrasse von Givri nach Savigny im CX Prestige von Marc war ein\nGenuss. Das Burgund zeigt sich hier von seiner sch\u00f6nsten Seite. Die Leute\nverdienen Geld mit ihrem Wein und dem Tourismus und das sieht man, das zeigen\nsie auch.<\/p>\n\n\n\n<p>Der Gang\ndurch das museale Schloss war wiederum unglaublich bereichernd und erdr\u00fcckend\nzugleich. Es bleiben gemischte Gef\u00fchle. Die schiere Auswahl, die Menge der\nExponate ist schlicht unfassbar. Trouvaillen allenthalben. Die hohen\nTemperaturen jedoch reduzierten das&nbsp;\nAufnahmeverm\u00f6gen. Auf dem ganzen, riesigen Areal gabs nirgends ein\nSchluck Wasser oder \u00e4hnliches zu kaufen. Wir waren nach dem Besuch ziemlich\nerschlagen, groggy und wortkarg. Es war zuviel in vielerlei Beziehung.<\/p>\n\n\n\n<p>18.7.<\/p>\n\n\n\n<figure class=\"wp-block-image\"><img data-recalc-dims=\"1\" loading=\"lazy\" decoding=\"async\" width=\"1024\" height=\"576\" data-attachment-id=\"13920\" data-permalink=\"https:\/\/www.deuxchevaux.ch\/wordpress\/centenaire-citroen-in-ferte-vidame\/ferte_vidame_20190718_154554\/\" data-orig-file=\"https:\/\/i0.wp.com\/www.deuxchevaux.ch\/wordpress\/wp-content\/uploads\/2019\/11\/Ferte_Vidame_20190718_154554.jpg?fit=2133%2C1200&amp;ssl=1\" data-orig-size=\"2133,1200\" data-comments-opened=\"0\" data-image-meta=\"{&quot;aperture&quot;:&quot;1.7&quot;,&quot;credit&quot;:&quot;&quot;,&quot;camera&quot;:&quot;SM-G930F&quot;,&quot;caption&quot;:&quot;&quot;,&quot;created_timestamp&quot;:&quot;1563464754&quot;,&quot;copyright&quot;:&quot;&quot;,&quot;focal_length&quot;:&quot;4.2&quot;,&quot;iso&quot;:&quot;320&quot;,&quot;shutter_speed&quot;:&quot;0.1&quot;,&quot;title&quot;:&quot;&quot;,&quot;orientation&quot;:&quot;1&quot;}\" data-image-title=\"Ferte_Vidame_20190718_154554\" data-image-description=\"\" data-image-caption=\"\" data-medium-file=\"https:\/\/i0.wp.com\/www.deuxchevaux.ch\/wordpress\/wp-content\/uploads\/2019\/11\/Ferte_Vidame_20190718_154554.jpg?fit=300%2C169&amp;ssl=1\" data-large-file=\"https:\/\/i0.wp.com\/www.deuxchevaux.ch\/wordpress\/wp-content\/uploads\/2019\/11\/Ferte_Vidame_20190718_154554.jpg?fit=1024%2C576&amp;ssl=1\" src=\"https:\/\/i0.wp.com\/www.deuxchevaux.ch\/wordpress\/wp-content\/uploads\/2019\/11\/Ferte_Vidame_20190718_154554.jpg?resize=1024%2C576&#038;ssl=1\" alt=\"\" class=\"wp-image-13920\" srcset=\"https:\/\/i0.wp.com\/www.deuxchevaux.ch\/wordpress\/wp-content\/uploads\/2019\/11\/Ferte_Vidame_20190718_154554.jpg?resize=1024%2C576&amp;ssl=1 1024w, https:\/\/i0.wp.com\/www.deuxchevaux.ch\/wordpress\/wp-content\/uploads\/2019\/11\/Ferte_Vidame_20190718_154554.jpg?resize=150%2C84&amp;ssl=1 150w, https:\/\/i0.wp.com\/www.deuxchevaux.ch\/wordpress\/wp-content\/uploads\/2019\/11\/Ferte_Vidame_20190718_154554.jpg?resize=300%2C169&amp;ssl=1 300w, https:\/\/i0.wp.com\/www.deuxchevaux.ch\/wordpress\/wp-content\/uploads\/2019\/11\/Ferte_Vidame_20190718_154554.jpg?resize=768%2C432&amp;ssl=1 768w, https:\/\/i0.wp.com\/www.deuxchevaux.ch\/wordpress\/wp-content\/uploads\/2019\/11\/Ferte_Vidame_20190718_154554.jpg?resize=830%2C467&amp;ssl=1 830w, https:\/\/i0.wp.com\/www.deuxchevaux.ch\/wordpress\/wp-content\/uploads\/2019\/11\/Ferte_Vidame_20190718_154554.jpg?resize=230%2C129&amp;ssl=1 230w, https:\/\/i0.wp.com\/www.deuxchevaux.ch\/wordpress\/wp-content\/uploads\/2019\/11\/Ferte_Vidame_20190718_154554.jpg?resize=350%2C197&amp;ssl=1 350w, https:\/\/i0.wp.com\/www.deuxchevaux.ch\/wordpress\/wp-content\/uploads\/2019\/11\/Ferte_Vidame_20190718_154554.jpg?resize=480%2C270&amp;ssl=1 480w\" sizes=\"(max-width: 1024px) 100vw, 1024px\" \/><\/figure>\n\n\n\n<p>Nach dem\nlangen und sch\u00f6nen Transfer durchs flache Nordfrankreich gibt&#8217;s f\u00fcr mich\nerstmal nur eine Besichtigung der Kr\u00f6nungskathedrale in Chartres. Stille,\nEinhalt, eine Cierge entz\u00fcnden, alte Freunde steigen aus der Erinnerung hoch,\nsind wieder da, wieder bei mir. Ich f\u00fchle mich zuhause! 50km sp\u00e4ter in La\nFert\u00e9-Vidame der \u00fcbliche Stau am Eingang. Die Franzosen erstaunen einmal mehr\nmit ihrer hochgradig seltsamen Organisation der Einfahrt. Marc, resp. sein CX\nwerden ein Opfer des Staus. Wegen der Stauhitze gibt&#8217;s einen Kabelbrand bei den\nK\u00fchler-L\u00fcftern. Ohne K\u00fchlung ist an eine Weiterfahrt, sprich R\u00fcckfahrt nicht zu\ndenken!<\/p>\n\n\n\n<figure class=\"wp-block-image\"><img data-recalc-dims=\"1\" loading=\"lazy\" decoding=\"async\" width=\"1024\" height=\"768\" data-attachment-id=\"13911\" data-permalink=\"https:\/\/www.deuxchevaux.ch\/wordpress\/centenaire-citroen-in-ferte-vidame\/ferte_vidame_2019-07-18-14-47-11-phonetom-img_13814\/\" data-orig-file=\"https:\/\/i0.wp.com\/www.deuxchevaux.ch\/wordpress\/wp-content\/uploads\/2019\/11\/Ferte_Vidame_2019-07-18-14-47-11-PhoneTom-IMG_13814.jpg?fit=1600%2C1200&amp;ssl=1\" data-orig-size=\"1600,1200\" data-comments-opened=\"0\" data-image-meta=\"{&quot;aperture&quot;:&quot;2.2&quot;,&quot;credit&quot;:&quot;&quot;,&quot;camera&quot;:&quot;iPhone 6&quot;,&quot;caption&quot;:&quot;&quot;,&quot;created_timestamp&quot;:&quot;1563461231&quot;,&quot;copyright&quot;:&quot;&quot;,&quot;focal_length&quot;:&quot;4.15&quot;,&quot;iso&quot;:&quot;32&quot;,&quot;shutter_speed&quot;:&quot;0.00037893141341417&quot;,&quot;title&quot;:&quot;&quot;,&quot;orientation&quot;:&quot;1&quot;}\" data-image-title=\"Ferte_Vidame_2019-07-18-14-47-11-PhoneTom-IMG_13814\" data-image-description=\"\" data-image-caption=\"\" data-medium-file=\"https:\/\/i0.wp.com\/www.deuxchevaux.ch\/wordpress\/wp-content\/uploads\/2019\/11\/Ferte_Vidame_2019-07-18-14-47-11-PhoneTom-IMG_13814.jpg?fit=300%2C225&amp;ssl=1\" data-large-file=\"https:\/\/i0.wp.com\/www.deuxchevaux.ch\/wordpress\/wp-content\/uploads\/2019\/11\/Ferte_Vidame_2019-07-18-14-47-11-PhoneTom-IMG_13814.jpg?fit=1024%2C768&amp;ssl=1\" src=\"https:\/\/i0.wp.com\/www.deuxchevaux.ch\/wordpress\/wp-content\/uploads\/2019\/11\/Ferte_Vidame_2019-07-18-14-47-11-PhoneTom-IMG_13814.jpg?resize=1024%2C768&#038;ssl=1\" alt=\"\" class=\"wp-image-13911\" srcset=\"https:\/\/i0.wp.com\/www.deuxchevaux.ch\/wordpress\/wp-content\/uploads\/2019\/11\/Ferte_Vidame_2019-07-18-14-47-11-PhoneTom-IMG_13814.jpg?resize=1024%2C768&amp;ssl=1 1024w, https:\/\/i0.wp.com\/www.deuxchevaux.ch\/wordpress\/wp-content\/uploads\/2019\/11\/Ferte_Vidame_2019-07-18-14-47-11-PhoneTom-IMG_13814.jpg?resize=150%2C113&amp;ssl=1 150w, https:\/\/i0.wp.com\/www.deuxchevaux.ch\/wordpress\/wp-content\/uploads\/2019\/11\/Ferte_Vidame_2019-07-18-14-47-11-PhoneTom-IMG_13814.jpg?resize=300%2C225&amp;ssl=1 300w, https:\/\/i0.wp.com\/www.deuxchevaux.ch\/wordpress\/wp-content\/uploads\/2019\/11\/Ferte_Vidame_2019-07-18-14-47-11-PhoneTom-IMG_13814.jpg?resize=768%2C576&amp;ssl=1 768w, https:\/\/i0.wp.com\/www.deuxchevaux.ch\/wordpress\/wp-content\/uploads\/2019\/11\/Ferte_Vidame_2019-07-18-14-47-11-PhoneTom-IMG_13814.jpg?resize=830%2C623&amp;ssl=1 830w, https:\/\/i0.wp.com\/www.deuxchevaux.ch\/wordpress\/wp-content\/uploads\/2019\/11\/Ferte_Vidame_2019-07-18-14-47-11-PhoneTom-IMG_13814.jpg?resize=230%2C173&amp;ssl=1 230w, https:\/\/i0.wp.com\/www.deuxchevaux.ch\/wordpress\/wp-content\/uploads\/2019\/11\/Ferte_Vidame_2019-07-18-14-47-11-PhoneTom-IMG_13814.jpg?resize=350%2C263&amp;ssl=1 350w, https:\/\/i0.wp.com\/www.deuxchevaux.ch\/wordpress\/wp-content\/uploads\/2019\/11\/Ferte_Vidame_2019-07-18-14-47-11-PhoneTom-IMG_13814.jpg?resize=480%2C360&amp;ssl=1 480w, https:\/\/i0.wp.com\/www.deuxchevaux.ch\/wordpress\/wp-content\/uploads\/2019\/11\/Ferte_Vidame_2019-07-18-14-47-11-PhoneTom-IMG_13814.jpg?w=1600&amp;ssl=1 1600w\" sizes=\"(max-width: 1024px) 100vw, 1024px\" \/><\/figure>\n\n\n\n<p>Zudem setzt\nnoch ein fieser, kleiner Regen ein. Wie bestellt zum Aufbau unserer Zelte.\nWahrlich ein sch\u00f6nes Setting f\u00fcr einen entspannten Festivalgenuss!? <\/p>\n\n\n\n<p>Nach\ndem m\u00fchsamen Einstieg geben wir Gegensteuer und wollen ausw\u00e4rts gem\u00fctlich was\nessen gehen. Aber die D\u00f6rfer liegen hier ca. 10km auseinander, verbunden nur durch kleine D\u00e9partementales. Dazwischen\nein Meer von Korn. Und die D\u00f6rfer sind absolut ausgestorben. Nach 22 Uhr\nschliesslich finden wir ein (offenes!) kambodschanisches Restaurant. Dort\ngibt&#8217;s zwar nur Ente, aber wenigstens gibts was! Das Ehepaar gibt sich grosse\nM\u00fche, ist lustig drauf und unser Abend ist gerettet. Es ist das erste Mal in\nmeinen Leben, dass ich kambodschanisches Essen genossen habe. Gar nicht mal\nschlecht, aber ein ungl\u00e4ubiges Staunen bleibt \ud83d\ude42 <\/p>\n\n\n\n<figure class=\"wp-block-image\"><img data-recalc-dims=\"1\" loading=\"lazy\" decoding=\"async\" width=\"1024\" height=\"576\" data-attachment-id=\"13928\" data-permalink=\"https:\/\/www.deuxchevaux.ch\/wordpress\/centenaire-citroen-in-ferte-vidame\/ferte_vidame_img_20190719_182208\/\" data-orig-file=\"https:\/\/i0.wp.com\/www.deuxchevaux.ch\/wordpress\/wp-content\/uploads\/2019\/11\/Ferte_Vidame_IMG_20190719_182208.jpg?fit=2133%2C1200&amp;ssl=1\" data-orig-size=\"2133,1200\" data-comments-opened=\"0\" data-image-meta=\"{&quot;aperture&quot;:&quot;2.2&quot;,&quot;credit&quot;:&quot;&quot;,&quot;camera&quot;:&quot;GT-I9195I&quot;,&quot;caption&quot;:&quot;&quot;,&quot;created_timestamp&quot;:&quot;1563560528&quot;,&quot;copyright&quot;:&quot;&quot;,&quot;focal_length&quot;:&quot;3.3&quot;,&quot;iso&quot;:&quot;50&quot;,&quot;shutter_speed&quot;:&quot;0.0009727626459144&quot;,&quot;title&quot;:&quot;&quot;,&quot;orientation&quot;:&quot;1&quot;}\" data-image-title=\"Ferte_Vidame_IMG_20190719_182208\" data-image-description=\"\" data-image-caption=\"\" data-medium-file=\"https:\/\/i0.wp.com\/www.deuxchevaux.ch\/wordpress\/wp-content\/uploads\/2019\/11\/Ferte_Vidame_IMG_20190719_182208.jpg?fit=300%2C169&amp;ssl=1\" data-large-file=\"https:\/\/i0.wp.com\/www.deuxchevaux.ch\/wordpress\/wp-content\/uploads\/2019\/11\/Ferte_Vidame_IMG_20190719_182208.jpg?fit=1024%2C576&amp;ssl=1\" src=\"https:\/\/i0.wp.com\/www.deuxchevaux.ch\/wordpress\/wp-content\/uploads\/2019\/11\/Ferte_Vidame_IMG_20190719_182208.jpg?resize=1024%2C576&#038;ssl=1\" alt=\"\" class=\"wp-image-13928\" srcset=\"https:\/\/i0.wp.com\/www.deuxchevaux.ch\/wordpress\/wp-content\/uploads\/2019\/11\/Ferte_Vidame_IMG_20190719_182208.jpg?resize=1024%2C576&amp;ssl=1 1024w, https:\/\/i0.wp.com\/www.deuxchevaux.ch\/wordpress\/wp-content\/uploads\/2019\/11\/Ferte_Vidame_IMG_20190719_182208.jpg?resize=150%2C84&amp;ssl=1 150w, https:\/\/i0.wp.com\/www.deuxchevaux.ch\/wordpress\/wp-content\/uploads\/2019\/11\/Ferte_Vidame_IMG_20190719_182208.jpg?resize=300%2C169&amp;ssl=1 300w, https:\/\/i0.wp.com\/www.deuxchevaux.ch\/wordpress\/wp-content\/uploads\/2019\/11\/Ferte_Vidame_IMG_20190719_182208.jpg?resize=768%2C432&amp;ssl=1 768w, https:\/\/i0.wp.com\/www.deuxchevaux.ch\/wordpress\/wp-content\/uploads\/2019\/11\/Ferte_Vidame_IMG_20190719_182208.jpg?resize=830%2C467&amp;ssl=1 830w, https:\/\/i0.wp.com\/www.deuxchevaux.ch\/wordpress\/wp-content\/uploads\/2019\/11\/Ferte_Vidame_IMG_20190719_182208.jpg?resize=230%2C129&amp;ssl=1 230w, https:\/\/i0.wp.com\/www.deuxchevaux.ch\/wordpress\/wp-content\/uploads\/2019\/11\/Ferte_Vidame_IMG_20190719_182208.jpg?resize=350%2C197&amp;ssl=1 350w, https:\/\/i0.wp.com\/www.deuxchevaux.ch\/wordpress\/wp-content\/uploads\/2019\/11\/Ferte_Vidame_IMG_20190719_182208.jpg?resize=480%2C270&amp;ssl=1 480w\" sizes=\"(max-width: 1024px) 100vw, 1024px\" \/><\/figure>\n\n\n\n<p>19.7.<\/p>\n\n\n\n<p>Ich habe\ndanach trotzdem gut geschlafen. Auch die Morgentoilette klappte einigermassen,\noffenbar gibts gen\u00fcgend sanit\u00e4re Einrichtungen. Duschen allerdings verschiebe\nich auf heute Nachmittag, da geht das wesentlich entspannter.<\/p>\n\n\n\n<p>Bea, Marc\nund ich sind heute zur ersten Schicht in unserem Welttreffen 21 Stand\neingeteilt. Nach der gr\u00fcndlichen Einweisung durch Willi macht diese Aufgabe\nrichtig Spass. Das Interesse ist gross und wir verkaufen sogar einige\nEintritte. Man bedenke, der Anlass ist erst in 2 Jahren. Unsere ersten &#8218;Kunden&#8216;\nsind Franzosen, Deutsche, Holl\u00e4nder, Australier, Neuseel\u00e4nder und 3 nette\nHerren aus Vancouver, Kanada. Wahrhaft ein globaler Anlass! <\/p>\n\n\n\n<figure class=\"wp-block-image\"><img data-recalc-dims=\"1\" loading=\"lazy\" decoding=\"async\" width=\"1024\" height=\"576\" data-attachment-id=\"13914\" data-permalink=\"https:\/\/www.deuxchevaux.ch\/wordpress\/centenaire-citroen-in-ferte-vidame\/ferte_vidame_2019-07-20-16-10-31-phonestefan-img_19036\/\" data-orig-file=\"https:\/\/i0.wp.com\/www.deuxchevaux.ch\/wordpress\/wp-content\/uploads\/2019\/11\/Ferte_Vidame_2019-07-20-16-10-31-PhoneStefan-IMG_19036.jpg?fit=2133%2C1200&amp;ssl=1\" data-orig-size=\"2133,1200\" data-comments-opened=\"0\" data-image-meta=\"{&quot;aperture&quot;:&quot;1.8&quot;,&quot;credit&quot;:&quot;&quot;,&quot;camera&quot;:&quot;iPhone 8 Plus&quot;,&quot;caption&quot;:&quot;&quot;,&quot;created_timestamp&quot;:&quot;1563639031&quot;,&quot;copyright&quot;:&quot;&quot;,&quot;focal_length&quot;:&quot;3.99&quot;,&quot;iso&quot;:&quot;20&quot;,&quot;shutter_speed&quot;:&quot;0.0003960396039604&quot;,&quot;title&quot;:&quot;&quot;,&quot;orientation&quot;:&quot;1&quot;}\" data-image-title=\"Ferte_Vidame_2019-07-20-16-10-31-PhoneStefan-IMG_19036\" data-image-description=\"\" data-image-caption=\"\" data-medium-file=\"https:\/\/i0.wp.com\/www.deuxchevaux.ch\/wordpress\/wp-content\/uploads\/2019\/11\/Ferte_Vidame_2019-07-20-16-10-31-PhoneStefan-IMG_19036.jpg?fit=300%2C169&amp;ssl=1\" data-large-file=\"https:\/\/i0.wp.com\/www.deuxchevaux.ch\/wordpress\/wp-content\/uploads\/2019\/11\/Ferte_Vidame_2019-07-20-16-10-31-PhoneStefan-IMG_19036.jpg?fit=1024%2C576&amp;ssl=1\" src=\"https:\/\/i0.wp.com\/www.deuxchevaux.ch\/wordpress\/wp-content\/uploads\/2019\/11\/Ferte_Vidame_2019-07-20-16-10-31-PhoneStefan-IMG_19036.jpg?resize=1024%2C576&#038;ssl=1\" alt=\"\" class=\"wp-image-13914\" srcset=\"https:\/\/i0.wp.com\/www.deuxchevaux.ch\/wordpress\/wp-content\/uploads\/2019\/11\/Ferte_Vidame_2019-07-20-16-10-31-PhoneStefan-IMG_19036.jpg?resize=1024%2C576&amp;ssl=1 1024w, https:\/\/i0.wp.com\/www.deuxchevaux.ch\/wordpress\/wp-content\/uploads\/2019\/11\/Ferte_Vidame_2019-07-20-16-10-31-PhoneStefan-IMG_19036.jpg?resize=150%2C84&amp;ssl=1 150w, https:\/\/i0.wp.com\/www.deuxchevaux.ch\/wordpress\/wp-content\/uploads\/2019\/11\/Ferte_Vidame_2019-07-20-16-10-31-PhoneStefan-IMG_19036.jpg?resize=300%2C169&amp;ssl=1 300w, https:\/\/i0.wp.com\/www.deuxchevaux.ch\/wordpress\/wp-content\/uploads\/2019\/11\/Ferte_Vidame_2019-07-20-16-10-31-PhoneStefan-IMG_19036.jpg?resize=768%2C432&amp;ssl=1 768w, https:\/\/i0.wp.com\/www.deuxchevaux.ch\/wordpress\/wp-content\/uploads\/2019\/11\/Ferte_Vidame_2019-07-20-16-10-31-PhoneStefan-IMG_19036.jpg?resize=830%2C467&amp;ssl=1 830w, https:\/\/i0.wp.com\/www.deuxchevaux.ch\/wordpress\/wp-content\/uploads\/2019\/11\/Ferte_Vidame_2019-07-20-16-10-31-PhoneStefan-IMG_19036.jpg?resize=230%2C129&amp;ssl=1 230w, https:\/\/i0.wp.com\/www.deuxchevaux.ch\/wordpress\/wp-content\/uploads\/2019\/11\/Ferte_Vidame_2019-07-20-16-10-31-PhoneStefan-IMG_19036.jpg?resize=350%2C197&amp;ssl=1 350w, https:\/\/i0.wp.com\/www.deuxchevaux.ch\/wordpress\/wp-content\/uploads\/2019\/11\/Ferte_Vidame_2019-07-20-16-10-31-PhoneStefan-IMG_19036.jpg?resize=480%2C270&amp;ssl=1 480w\" sizes=\"(max-width: 1024px) 100vw, 1024px\" \/><\/figure>\n\n\n\n<p>Danach\nmachen wir einen ersten Rundgang durch das Centenaire. Wir trennen uns, jeder\nfolgt seinen Neigungen. Einzig der arme Marc sucht gezwungenermassen nach\nErsatzteilen f\u00fcr seine L\u00fcfter. Die Dimensionen des Anlasses sind schlicht\ngewaltig, dem hundertsten Geburtstag von Citro\u00ebn w\u00fcrdig. Die Teilnehmer und\nBesucher kommen wirklich aus der ganzen Welt. Die Menge und Qualit\u00e4t der\nausgestellten Fahrzeuge &#8211; eine Klasse f\u00fcr sich. Die Rosalies, Tractions und\nG\u00f6ttinnen versammeln sich hier in unglaublichen Mengen. Es gibt immer neue\nEinzelst\u00fccke und Spezialit\u00e4ten zu bewundern. Der Teile- und Zubeh\u00f6rmarkt ist\nriesig. Und die Location auf diesem alten Schlossgel\u00e4nde ist einfach\neinzigartig. Welche Grandeur diese alten Steine noch heute atmen. Ein w\u00fcrdiger\nRahmen! <\/p>\n\n\n\n<figure class=\"wp-block-image\"><img data-recalc-dims=\"1\" loading=\"lazy\" decoding=\"async\" width=\"1024\" height=\"576\" data-attachment-id=\"13929\" data-permalink=\"https:\/\/www.deuxchevaux.ch\/wordpress\/centenaire-citroen-in-ferte-vidame\/ferte_vidame_img_20190719_193818\/\" data-orig-file=\"https:\/\/i0.wp.com\/www.deuxchevaux.ch\/wordpress\/wp-content\/uploads\/2019\/11\/Ferte_Vidame_IMG_20190719_193818.jpg?fit=2133%2C1200&amp;ssl=1\" data-orig-size=\"2133,1200\" data-comments-opened=\"0\" data-image-meta=\"{&quot;aperture&quot;:&quot;2.2&quot;,&quot;credit&quot;:&quot;&quot;,&quot;camera&quot;:&quot;GT-I9195I&quot;,&quot;caption&quot;:&quot;&quot;,&quot;created_timestamp&quot;:&quot;1563565098&quot;,&quot;copyright&quot;:&quot;&quot;,&quot;focal_length&quot;:&quot;3.3&quot;,&quot;iso&quot;:&quot;50&quot;,&quot;shutter_speed&quot;:&quot;0.00080840743734842&quot;,&quot;title&quot;:&quot;&quot;,&quot;orientation&quot;:&quot;1&quot;}\" data-image-title=\"Ferte_Vidame_IMG_20190719_193818\" data-image-description=\"\" data-image-caption=\"\" data-medium-file=\"https:\/\/i0.wp.com\/www.deuxchevaux.ch\/wordpress\/wp-content\/uploads\/2019\/11\/Ferte_Vidame_IMG_20190719_193818.jpg?fit=300%2C169&amp;ssl=1\" data-large-file=\"https:\/\/i0.wp.com\/www.deuxchevaux.ch\/wordpress\/wp-content\/uploads\/2019\/11\/Ferte_Vidame_IMG_20190719_193818.jpg?fit=1024%2C576&amp;ssl=1\" src=\"https:\/\/i0.wp.com\/www.deuxchevaux.ch\/wordpress\/wp-content\/uploads\/2019\/11\/Ferte_Vidame_IMG_20190719_193818.jpg?resize=1024%2C576&#038;ssl=1\" alt=\"\" class=\"wp-image-13929\" srcset=\"https:\/\/i0.wp.com\/www.deuxchevaux.ch\/wordpress\/wp-content\/uploads\/2019\/11\/Ferte_Vidame_IMG_20190719_193818.jpg?resize=1024%2C576&amp;ssl=1 1024w, https:\/\/i0.wp.com\/www.deuxchevaux.ch\/wordpress\/wp-content\/uploads\/2019\/11\/Ferte_Vidame_IMG_20190719_193818.jpg?resize=150%2C84&amp;ssl=1 150w, https:\/\/i0.wp.com\/www.deuxchevaux.ch\/wordpress\/wp-content\/uploads\/2019\/11\/Ferte_Vidame_IMG_20190719_193818.jpg?resize=300%2C169&amp;ssl=1 300w, https:\/\/i0.wp.com\/www.deuxchevaux.ch\/wordpress\/wp-content\/uploads\/2019\/11\/Ferte_Vidame_IMG_20190719_193818.jpg?resize=768%2C432&amp;ssl=1 768w, https:\/\/i0.wp.com\/www.deuxchevaux.ch\/wordpress\/wp-content\/uploads\/2019\/11\/Ferte_Vidame_IMG_20190719_193818.jpg?resize=830%2C467&amp;ssl=1 830w, https:\/\/i0.wp.com\/www.deuxchevaux.ch\/wordpress\/wp-content\/uploads\/2019\/11\/Ferte_Vidame_IMG_20190719_193818.jpg?resize=230%2C129&amp;ssl=1 230w, https:\/\/i0.wp.com\/www.deuxchevaux.ch\/wordpress\/wp-content\/uploads\/2019\/11\/Ferte_Vidame_IMG_20190719_193818.jpg?resize=350%2C197&amp;ssl=1 350w, https:\/\/i0.wp.com\/www.deuxchevaux.ch\/wordpress\/wp-content\/uploads\/2019\/11\/Ferte_Vidame_IMG_20190719_193818.jpg?resize=480%2C270&amp;ssl=1 480w\" sizes=\"(max-width: 1024px) 100vw, 1024px\" \/><\/figure>\n\n\n\n<p>Mit einem\nKebab und einigen Bieren lasse ich den sch\u00f6nen Tag beim abendlichen Konzert\nausklingen. Junge K\u00fcnstler geben alles. Die Abendsonne taucht die alten Gem\u00e4uer\nin ein goldenes Licht, die Musik ist gut. Ich bin sehr zufrieden.<\/p>\n\n\n\n<p>20.7.<\/p>\n\n\n\n<p>Gut erwacht,\nMorgentoilette heute erst um 10 Uhr. Hatte vorher doch definitiv zu viele\nLeute. Ein seltsames Ph\u00e4nomen sind die ungewohnten Warteschlangen vor den\nHerrentoiletten des Morgens. Bei den Frauen gibt&#8217;s das nicht? Sonst ist das\ndoch immer umgekehrt?! Ruft dieses Treffen irgendwelche biologischen\nVer\u00e4nderungen hervor?<\/p>\n\n\n\n<figure class=\"wp-block-image\"><img data-recalc-dims=\"1\" loading=\"lazy\" decoding=\"async\" width=\"1024\" height=\"398\" data-attachment-id=\"13916\" data-permalink=\"https:\/\/www.deuxchevaux.ch\/wordpress\/centenaire-citroen-in-ferte-vidame\/ferte_vidame_2019-07-20-18-01-07-phonestefan-group-4-img_19093_img_19102-10-images_0000\/\" data-orig-file=\"https:\/\/i0.wp.com\/www.deuxchevaux.ch\/wordpress\/wp-content\/uploads\/2019\/11\/Ferte_Vidame_2019-07-20-18-01-07-PhoneStefan-Group-4-IMG_19093_IMG_19102-10-images_0000.jpg?fit=3088%2C1200&amp;ssl=1\" data-orig-size=\"3088,1200\" data-comments-opened=\"0\" data-image-meta=\"{&quot;aperture&quot;:&quot;1.8&quot;,&quot;credit&quot;:&quot;&quot;,&quot;camera&quot;:&quot;iPhone 8 Plus&quot;,&quot;caption&quot;:&quot;&quot;,&quot;created_timestamp&quot;:&quot;1563645667&quot;,&quot;copyright&quot;:&quot;&quot;,&quot;focal_length&quot;:&quot;3.99&quot;,&quot;iso&quot;:&quot;20&quot;,&quot;shutter_speed&quot;:&quot;0.0016051364365971&quot;,&quot;title&quot;:&quot;&quot;,&quot;orientation&quot;:&quot;1&quot;}\" data-image-title=\"Ferte_Vidame_2019-07-20-18-01-07-PhoneStefan-Group-4-IMG_19093_IMG_19102-10-images_0000\" data-image-description=\"\" data-image-caption=\"\" data-medium-file=\"https:\/\/i0.wp.com\/www.deuxchevaux.ch\/wordpress\/wp-content\/uploads\/2019\/11\/Ferte_Vidame_2019-07-20-18-01-07-PhoneStefan-Group-4-IMG_19093_IMG_19102-10-images_0000.jpg?fit=300%2C117&amp;ssl=1\" data-large-file=\"https:\/\/i0.wp.com\/www.deuxchevaux.ch\/wordpress\/wp-content\/uploads\/2019\/11\/Ferte_Vidame_2019-07-20-18-01-07-PhoneStefan-Group-4-IMG_19093_IMG_19102-10-images_0000.jpg?fit=1024%2C398&amp;ssl=1\" src=\"https:\/\/i0.wp.com\/www.deuxchevaux.ch\/wordpress\/wp-content\/uploads\/2019\/11\/Ferte_Vidame_2019-07-20-18-01-07-PhoneStefan-Group-4-IMG_19093_IMG_19102-10-images_0000.jpg?resize=1024%2C398&#038;ssl=1\" alt=\"\" class=\"wp-image-13916\" srcset=\"https:\/\/i0.wp.com\/www.deuxchevaux.ch\/wordpress\/wp-content\/uploads\/2019\/11\/Ferte_Vidame_2019-07-20-18-01-07-PhoneStefan-Group-4-IMG_19093_IMG_19102-10-images_0000.jpg?resize=1024%2C398&amp;ssl=1 1024w, https:\/\/i0.wp.com\/www.deuxchevaux.ch\/wordpress\/wp-content\/uploads\/2019\/11\/Ferte_Vidame_2019-07-20-18-01-07-PhoneStefan-Group-4-IMG_19093_IMG_19102-10-images_0000.jpg?resize=150%2C58&amp;ssl=1 150w, https:\/\/i0.wp.com\/www.deuxchevaux.ch\/wordpress\/wp-content\/uploads\/2019\/11\/Ferte_Vidame_2019-07-20-18-01-07-PhoneStefan-Group-4-IMG_19093_IMG_19102-10-images_0000.jpg?resize=300%2C117&amp;ssl=1 300w, https:\/\/i0.wp.com\/www.deuxchevaux.ch\/wordpress\/wp-content\/uploads\/2019\/11\/Ferte_Vidame_2019-07-20-18-01-07-PhoneStefan-Group-4-IMG_19093_IMG_19102-10-images_0000.jpg?resize=768%2C298&amp;ssl=1 768w, https:\/\/i0.wp.com\/www.deuxchevaux.ch\/wordpress\/wp-content\/uploads\/2019\/11\/Ferte_Vidame_2019-07-20-18-01-07-PhoneStefan-Group-4-IMG_19093_IMG_19102-10-images_0000.jpg?resize=830%2C323&amp;ssl=1 830w, https:\/\/i0.wp.com\/www.deuxchevaux.ch\/wordpress\/wp-content\/uploads\/2019\/11\/Ferte_Vidame_2019-07-20-18-01-07-PhoneStefan-Group-4-IMG_19093_IMG_19102-10-images_0000.jpg?resize=230%2C89&amp;ssl=1 230w, https:\/\/i0.wp.com\/www.deuxchevaux.ch\/wordpress\/wp-content\/uploads\/2019\/11\/Ferte_Vidame_2019-07-20-18-01-07-PhoneStefan-Group-4-IMG_19093_IMG_19102-10-images_0000.jpg?resize=350%2C136&amp;ssl=1 350w, https:\/\/i0.wp.com\/www.deuxchevaux.ch\/wordpress\/wp-content\/uploads\/2019\/11\/Ferte_Vidame_2019-07-20-18-01-07-PhoneStefan-Group-4-IMG_19093_IMG_19102-10-images_0000.jpg?resize=480%2C187&amp;ssl=1 480w, https:\/\/i0.wp.com\/www.deuxchevaux.ch\/wordpress\/wp-content\/uploads\/2019\/11\/Ferte_Vidame_2019-07-20-18-01-07-PhoneStefan-Group-4-IMG_19093_IMG_19102-10-images_0000.jpg?w=2340&amp;ssl=1 2340w\" sizes=\"(max-width: 1024px) 100vw, 1024px\" \/><\/figure>\n\n\n\n<p>Heute war\nnormaler Treffenalltag angesagt. Es gab unglaublich viele Spectateurs, sicher\nin den Zehntausenden. Danilo, Jan und ich suchten die HY&#8217;s und mussten leider\nirgendwann aufgeben. Das Treffen ist schlicht zu gross und ich war am\nNachmittag auf unserem Stand eingeteilt. Ich sah also weder die HY&#8217;s noch\n2CV&#8217;s. Ist nicht so schlimm, kann ich ja in Samobor nachholen. Schlimm\nallerdings sind die viel zu sparsam verteilten St\u00e4nde f\u00fcr die\nFl\u00fcssigkeitsaufnahme. Die Jetons sind ja ok, aber dass du f\u00fcr jedes Glas Bier\neine Viertelstunde anstehen musst, das geht gar nicht. <\/p>\n\n\n\n<p>Unser\nStand f\u00fcr das Welttreffen 21 lief auch heute recht gut. Wir erteilten viele Ausk\u00fcnfte, konkret verkauft wurde aber\nnicht viel. Das Treffen ist noch zu weit in der Zukunft.<\/p>\n\n\n\n<figure class=\"wp-block-image\"><img data-recalc-dims=\"1\" loading=\"lazy\" decoding=\"async\" width=\"1024\" height=\"683\" data-attachment-id=\"13918\" data-permalink=\"https:\/\/www.deuxchevaux.ch\/wordpress\/centenaire-citroen-in-ferte-vidame\/ferte_vidame_2019-07-20-22-00-23-eos80d-img_109100\/\" data-orig-file=\"https:\/\/i0.wp.com\/www.deuxchevaux.ch\/wordpress\/wp-content\/uploads\/2019\/11\/Ferte_Vidame_2019-07-20-22-00-23-EOS80D-IMG_109100.jpg?fit=1800%2C1200&amp;ssl=1\" data-orig-size=\"1800,1200\" data-comments-opened=\"0\" data-image-meta=\"{&quot;aperture&quot;:&quot;4.5&quot;,&quot;credit&quot;:&quot;&quot;,&quot;camera&quot;:&quot;Canon EOS 80D&quot;,&quot;caption&quot;:&quot;&quot;,&quot;created_timestamp&quot;:&quot;1563660023&quot;,&quot;copyright&quot;:&quot;&quot;,&quot;focal_length&quot;:&quot;18&quot;,&quot;iso&quot;:&quot;2000&quot;,&quot;shutter_speed&quot;:&quot;0.016666666666667&quot;,&quot;title&quot;:&quot;&quot;,&quot;orientation&quot;:&quot;1&quot;}\" data-image-title=\"Ferte_Vidame_2019-07-20-22-00-23-EOS80D-IMG_109100-\" data-image-description=\"\" data-image-caption=\"\" data-medium-file=\"https:\/\/i0.wp.com\/www.deuxchevaux.ch\/wordpress\/wp-content\/uploads\/2019\/11\/Ferte_Vidame_2019-07-20-22-00-23-EOS80D-IMG_109100.jpg?fit=300%2C200&amp;ssl=1\" data-large-file=\"https:\/\/i0.wp.com\/www.deuxchevaux.ch\/wordpress\/wp-content\/uploads\/2019\/11\/Ferte_Vidame_2019-07-20-22-00-23-EOS80D-IMG_109100.jpg?fit=1024%2C683&amp;ssl=1\" src=\"https:\/\/i0.wp.com\/www.deuxchevaux.ch\/wordpress\/wp-content\/uploads\/2019\/11\/Ferte_Vidame_2019-07-20-22-00-23-EOS80D-IMG_109100.jpg?resize=1024%2C683&#038;ssl=1\" alt=\"\" class=\"wp-image-13918\" srcset=\"https:\/\/i0.wp.com\/www.deuxchevaux.ch\/wordpress\/wp-content\/uploads\/2019\/11\/Ferte_Vidame_2019-07-20-22-00-23-EOS80D-IMG_109100.jpg?resize=1024%2C683&amp;ssl=1 1024w, https:\/\/i0.wp.com\/www.deuxchevaux.ch\/wordpress\/wp-content\/uploads\/2019\/11\/Ferte_Vidame_2019-07-20-22-00-23-EOS80D-IMG_109100.jpg?resize=150%2C100&amp;ssl=1 150w, https:\/\/i0.wp.com\/www.deuxchevaux.ch\/wordpress\/wp-content\/uploads\/2019\/11\/Ferte_Vidame_2019-07-20-22-00-23-EOS80D-IMG_109100.jpg?resize=300%2C200&amp;ssl=1 300w, https:\/\/i0.wp.com\/www.deuxchevaux.ch\/wordpress\/wp-content\/uploads\/2019\/11\/Ferte_Vidame_2019-07-20-22-00-23-EOS80D-IMG_109100.jpg?resize=768%2C512&amp;ssl=1 768w, https:\/\/i0.wp.com\/www.deuxchevaux.ch\/wordpress\/wp-content\/uploads\/2019\/11\/Ferte_Vidame_2019-07-20-22-00-23-EOS80D-IMG_109100.jpg?resize=830%2C553&amp;ssl=1 830w, https:\/\/i0.wp.com\/www.deuxchevaux.ch\/wordpress\/wp-content\/uploads\/2019\/11\/Ferte_Vidame_2019-07-20-22-00-23-EOS80D-IMG_109100.jpg?resize=230%2C153&amp;ssl=1 230w, https:\/\/i0.wp.com\/www.deuxchevaux.ch\/wordpress\/wp-content\/uploads\/2019\/11\/Ferte_Vidame_2019-07-20-22-00-23-EOS80D-IMG_109100.jpg?resize=350%2C233&amp;ssl=1 350w, https:\/\/i0.wp.com\/www.deuxchevaux.ch\/wordpress\/wp-content\/uploads\/2019\/11\/Ferte_Vidame_2019-07-20-22-00-23-EOS80D-IMG_109100.jpg?resize=480%2C320&amp;ssl=1 480w, https:\/\/i0.wp.com\/www.deuxchevaux.ch\/wordpress\/wp-content\/uploads\/2019\/11\/Ferte_Vidame_2019-07-20-22-00-23-EOS80D-IMG_109100.jpg?w=1800&amp;ssl=1 1800w\" sizes=\"(max-width: 1024px) 100vw, 1024px\" \/><\/figure>\n\n\n\n<p>Am Abend\nwaren praktisch alle Schweizer zum Galadinner angemeldet. Ich habe mich da\ngottseidank ausklinken k\u00f6nnen, mir sagen diese Anl\u00e4sse nicht soviel. Nach den\nSchilderungen meiner anwesenden Mitstreiter ist der Anlass offenbar gelungen.\nDas Feuerwerk hat stark beeindruckt.<\/p>\n\n\n\n<figure class=\"wp-block-image\"><img data-recalc-dims=\"1\" loading=\"lazy\" decoding=\"async\" width=\"1024\" height=\"576\" data-attachment-id=\"13923\" data-permalink=\"https:\/\/www.deuxchevaux.ch\/wordpress\/centenaire-citroen-in-ferte-vidame\/ferte_vidame_img_20190720_135528\/\" data-orig-file=\"https:\/\/i0.wp.com\/www.deuxchevaux.ch\/wordpress\/wp-content\/uploads\/2019\/11\/Ferte_Vidame_IMG_20190720_135528.jpg?fit=2133%2C1200&amp;ssl=1\" data-orig-size=\"2133,1200\" data-comments-opened=\"0\" data-image-meta=\"{&quot;aperture&quot;:&quot;2.2&quot;,&quot;credit&quot;:&quot;&quot;,&quot;camera&quot;:&quot;GT-I9195I&quot;,&quot;caption&quot;:&quot;&quot;,&quot;created_timestamp&quot;:&quot;1563630928&quot;,&quot;copyright&quot;:&quot;&quot;,&quot;focal_length&quot;:&quot;3.3&quot;,&quot;iso&quot;:&quot;50&quot;,&quot;shutter_speed&quot;:&quot;0.0025706940874036&quot;,&quot;title&quot;:&quot;&quot;,&quot;orientation&quot;:&quot;1&quot;}\" data-image-title=\"Ferte_Vidame_IMG_20190720_135528\" data-image-description=\"\" data-image-caption=\"\" data-medium-file=\"https:\/\/i0.wp.com\/www.deuxchevaux.ch\/wordpress\/wp-content\/uploads\/2019\/11\/Ferte_Vidame_IMG_20190720_135528.jpg?fit=300%2C169&amp;ssl=1\" data-large-file=\"https:\/\/i0.wp.com\/www.deuxchevaux.ch\/wordpress\/wp-content\/uploads\/2019\/11\/Ferte_Vidame_IMG_20190720_135528.jpg?fit=1024%2C576&amp;ssl=1\" src=\"https:\/\/i0.wp.com\/www.deuxchevaux.ch\/wordpress\/wp-content\/uploads\/2019\/11\/Ferte_Vidame_IMG_20190720_135528.jpg?resize=1024%2C576&#038;ssl=1\" alt=\"\" class=\"wp-image-13923\" srcset=\"https:\/\/i0.wp.com\/www.deuxchevaux.ch\/wordpress\/wp-content\/uploads\/2019\/11\/Ferte_Vidame_IMG_20190720_135528.jpg?resize=1024%2C576&amp;ssl=1 1024w, https:\/\/i0.wp.com\/www.deuxchevaux.ch\/wordpress\/wp-content\/uploads\/2019\/11\/Ferte_Vidame_IMG_20190720_135528.jpg?resize=150%2C84&amp;ssl=1 150w, https:\/\/i0.wp.com\/www.deuxchevaux.ch\/wordpress\/wp-content\/uploads\/2019\/11\/Ferte_Vidame_IMG_20190720_135528.jpg?resize=300%2C169&amp;ssl=1 300w, https:\/\/i0.wp.com\/www.deuxchevaux.ch\/wordpress\/wp-content\/uploads\/2019\/11\/Ferte_Vidame_IMG_20190720_135528.jpg?resize=768%2C432&amp;ssl=1 768w, https:\/\/i0.wp.com\/www.deuxchevaux.ch\/wordpress\/wp-content\/uploads\/2019\/11\/Ferte_Vidame_IMG_20190720_135528.jpg?resize=830%2C467&amp;ssl=1 830w, https:\/\/i0.wp.com\/www.deuxchevaux.ch\/wordpress\/wp-content\/uploads\/2019\/11\/Ferte_Vidame_IMG_20190720_135528.jpg?resize=230%2C129&amp;ssl=1 230w, https:\/\/i0.wp.com\/www.deuxchevaux.ch\/wordpress\/wp-content\/uploads\/2019\/11\/Ferte_Vidame_IMG_20190720_135528.jpg?resize=350%2C197&amp;ssl=1 350w, https:\/\/i0.wp.com\/www.deuxchevaux.ch\/wordpress\/wp-content\/uploads\/2019\/11\/Ferte_Vidame_IMG_20190720_135528.jpg?resize=480%2C270&amp;ssl=1 480w\" sizes=\"(max-width: 1024px) 100vw, 1024px\" \/><\/figure>\n\n\n\n<p>Ich\ngenehmigte mir statt dessen vor der R\u00fcckkehr ins Camp noch zwei, drei Gl\u00e4ser\nRotwein im \u00f6rtlichen Caf\u00e9 Or\u00e9e an der heute doch sehr belebten Mainstreet von\nFert\u00e9-Vidame. Ein Familienbetrieb, w\u00e4hrend des ganzen Anlasses waren 3\nGenerationen unentwegt im Einsatz. Man r\u00e4kelte sich auf der prominenten\nTerrasse, overlooking Mainstreet. Ein kurzer, heftiger Regenschauer trieb alle\nG\u00e4ste kurz in die h\u00fcbsche, kleine Bar. Pl\u00f6tzlich auf Tuchf\u00fchlung, diskutierten\nalle durcheinander und miteinander. Danach wurde es&nbsp; wieder trocken und jedermann nahm problemlos\nwieder seinen angestammten Platz auf der Terrasse ein. Die Familie war sehr\nfreundlich und die G\u00e4ste praktisch nur Franzosen. Ich f\u00fchlte mich ausgesprochen\nwohl und denke, ich war der Seele Frankreichs in diesem kostbaren Moment sehr,\nsehr nahe !<\/p>\n\n\n\n<figure class=\"wp-block-image\"><img data-recalc-dims=\"1\" loading=\"lazy\" decoding=\"async\" width=\"1024\" height=\"576\" data-attachment-id=\"13927\" data-permalink=\"https:\/\/www.deuxchevaux.ch\/wordpress\/centenaire-citroen-in-ferte-vidame\/ferte_vidame_img_20190719_194226\/\" data-orig-file=\"https:\/\/i0.wp.com\/www.deuxchevaux.ch\/wordpress\/wp-content\/uploads\/2019\/11\/Ferte_Vidame_IMG_20190719_194226.jpg?fit=2133%2C1200&amp;ssl=1\" data-orig-size=\"2133,1200\" data-comments-opened=\"0\" data-image-meta=\"{&quot;aperture&quot;:&quot;2.2&quot;,&quot;credit&quot;:&quot;&quot;,&quot;camera&quot;:&quot;GT-I9195I&quot;,&quot;caption&quot;:&quot;&quot;,&quot;created_timestamp&quot;:&quot;1563565346&quot;,&quot;copyright&quot;:&quot;&quot;,&quot;focal_length&quot;:&quot;3.3&quot;,&quot;iso&quot;:&quot;50&quot;,&quot;shutter_speed&quot;:&quot;0.00082508250825083&quot;,&quot;title&quot;:&quot;&quot;,&quot;orientation&quot;:&quot;1&quot;}\" data-image-title=\"Ferte_Vidame_IMG_20190719_194226\" data-image-description=\"\" data-image-caption=\"\" data-medium-file=\"https:\/\/i0.wp.com\/www.deuxchevaux.ch\/wordpress\/wp-content\/uploads\/2019\/11\/Ferte_Vidame_IMG_20190719_194226.jpg?fit=300%2C169&amp;ssl=1\" data-large-file=\"https:\/\/i0.wp.com\/www.deuxchevaux.ch\/wordpress\/wp-content\/uploads\/2019\/11\/Ferte_Vidame_IMG_20190719_194226.jpg?fit=1024%2C576&amp;ssl=1\" src=\"https:\/\/i0.wp.com\/www.deuxchevaux.ch\/wordpress\/wp-content\/uploads\/2019\/11\/Ferte_Vidame_IMG_20190719_194226.jpg?resize=1024%2C576&#038;ssl=1\" alt=\"\" class=\"wp-image-13927\" srcset=\"https:\/\/i0.wp.com\/www.deuxchevaux.ch\/wordpress\/wp-content\/uploads\/2019\/11\/Ferte_Vidame_IMG_20190719_194226.jpg?resize=1024%2C576&amp;ssl=1 1024w, https:\/\/i0.wp.com\/www.deuxchevaux.ch\/wordpress\/wp-content\/uploads\/2019\/11\/Ferte_Vidame_IMG_20190719_194226.jpg?resize=150%2C84&amp;ssl=1 150w, https:\/\/i0.wp.com\/www.deuxchevaux.ch\/wordpress\/wp-content\/uploads\/2019\/11\/Ferte_Vidame_IMG_20190719_194226.jpg?resize=300%2C169&amp;ssl=1 300w, https:\/\/i0.wp.com\/www.deuxchevaux.ch\/wordpress\/wp-content\/uploads\/2019\/11\/Ferte_Vidame_IMG_20190719_194226.jpg?resize=768%2C432&amp;ssl=1 768w, https:\/\/i0.wp.com\/www.deuxchevaux.ch\/wordpress\/wp-content\/uploads\/2019\/11\/Ferte_Vidame_IMG_20190719_194226.jpg?resize=830%2C467&amp;ssl=1 830w, https:\/\/i0.wp.com\/www.deuxchevaux.ch\/wordpress\/wp-content\/uploads\/2019\/11\/Ferte_Vidame_IMG_20190719_194226.jpg?resize=230%2C129&amp;ssl=1 230w, https:\/\/i0.wp.com\/www.deuxchevaux.ch\/wordpress\/wp-content\/uploads\/2019\/11\/Ferte_Vidame_IMG_20190719_194226.jpg?resize=350%2C197&amp;ssl=1 350w, https:\/\/i0.wp.com\/www.deuxchevaux.ch\/wordpress\/wp-content\/uploads\/2019\/11\/Ferte_Vidame_IMG_20190719_194226.jpg?resize=480%2C270&amp;ssl=1 480w\" sizes=\"(max-width: 1024px) 100vw, 1024px\" \/><\/figure>\n\n\n\n<p>21.7.<\/p>\n\n\n\n<p>Nachdem sich\ndas Wetter bisher eher durchzogen pr\u00e4sentierte, gabs heute den ersten, richtig\nheissen Tag. Viele Leute verliessen das Camp schon heute, es sollte sich bis\nzum Abend um ca. die H\u00e4lfte leeren. Auch die Mehrzahl unserer Schweizer fuhren\nschon heute Richtung Heimat. Marc und Danilo sind noch da. Marc hatte seinen CX\ngestern verladen, der TCS wird ihn repatriieren. Die Reparatur vor Ort ist zu\nriskant. Heute solls mit einem Taxi nach Paris-Orly gehen, dort ist ein\nMietwagen reserviert. Eine m\u00fchselige Geschichte.<\/p>\n\n\n\n<figure class=\"wp-block-image\"><img data-recalc-dims=\"1\" loading=\"lazy\" decoding=\"async\" width=\"1024\" height=\"683\" data-attachment-id=\"13913\" data-permalink=\"https:\/\/www.deuxchevaux.ch\/wordpress\/centenaire-citroen-in-ferte-vidame\/ferte_vidame_2019-07-20-11-18-05-eos80d-img_108890\/\" data-orig-file=\"https:\/\/i0.wp.com\/www.deuxchevaux.ch\/wordpress\/wp-content\/uploads\/2019\/11\/Ferte_Vidame_2019-07-20-11-18-05-EOS80D-IMG_108890.jpg?fit=1800%2C1200&amp;ssl=1\" data-orig-size=\"1800,1200\" data-comments-opened=\"0\" data-image-meta=\"{&quot;aperture&quot;:&quot;11&quot;,&quot;credit&quot;:&quot;&quot;,&quot;camera&quot;:&quot;Canon EOS 80D&quot;,&quot;caption&quot;:&quot;&quot;,&quot;created_timestamp&quot;:&quot;1563621485&quot;,&quot;copyright&quot;:&quot;&quot;,&quot;focal_length&quot;:&quot;35&quot;,&quot;iso&quot;:&quot;640&quot;,&quot;shutter_speed&quot;:&quot;0.0025&quot;,&quot;title&quot;:&quot;&quot;,&quot;orientation&quot;:&quot;1&quot;}\" data-image-title=\"Ferte_Vidame_2019-07-20-11-18-05-EOS80D-IMG_108890-\" data-image-description=\"\" data-image-caption=\"\" data-medium-file=\"https:\/\/i0.wp.com\/www.deuxchevaux.ch\/wordpress\/wp-content\/uploads\/2019\/11\/Ferte_Vidame_2019-07-20-11-18-05-EOS80D-IMG_108890.jpg?fit=300%2C200&amp;ssl=1\" data-large-file=\"https:\/\/i0.wp.com\/www.deuxchevaux.ch\/wordpress\/wp-content\/uploads\/2019\/11\/Ferte_Vidame_2019-07-20-11-18-05-EOS80D-IMG_108890.jpg?fit=1024%2C683&amp;ssl=1\" src=\"https:\/\/i0.wp.com\/www.deuxchevaux.ch\/wordpress\/wp-content\/uploads\/2019\/11\/Ferte_Vidame_2019-07-20-11-18-05-EOS80D-IMG_108890.jpg?resize=1024%2C683&#038;ssl=1\" alt=\"\" class=\"wp-image-13913\" srcset=\"https:\/\/i0.wp.com\/www.deuxchevaux.ch\/wordpress\/wp-content\/uploads\/2019\/11\/Ferte_Vidame_2019-07-20-11-18-05-EOS80D-IMG_108890.jpg?resize=1024%2C683&amp;ssl=1 1024w, https:\/\/i0.wp.com\/www.deuxchevaux.ch\/wordpress\/wp-content\/uploads\/2019\/11\/Ferte_Vidame_2019-07-20-11-18-05-EOS80D-IMG_108890.jpg?resize=150%2C100&amp;ssl=1 150w, https:\/\/i0.wp.com\/www.deuxchevaux.ch\/wordpress\/wp-content\/uploads\/2019\/11\/Ferte_Vidame_2019-07-20-11-18-05-EOS80D-IMG_108890.jpg?resize=300%2C200&amp;ssl=1 300w, https:\/\/i0.wp.com\/www.deuxchevaux.ch\/wordpress\/wp-content\/uploads\/2019\/11\/Ferte_Vidame_2019-07-20-11-18-05-EOS80D-IMG_108890.jpg?resize=768%2C512&amp;ssl=1 768w, https:\/\/i0.wp.com\/www.deuxchevaux.ch\/wordpress\/wp-content\/uploads\/2019\/11\/Ferte_Vidame_2019-07-20-11-18-05-EOS80D-IMG_108890.jpg?resize=830%2C553&amp;ssl=1 830w, https:\/\/i0.wp.com\/www.deuxchevaux.ch\/wordpress\/wp-content\/uploads\/2019\/11\/Ferte_Vidame_2019-07-20-11-18-05-EOS80D-IMG_108890.jpg?resize=230%2C153&amp;ssl=1 230w, https:\/\/i0.wp.com\/www.deuxchevaux.ch\/wordpress\/wp-content\/uploads\/2019\/11\/Ferte_Vidame_2019-07-20-11-18-05-EOS80D-IMG_108890.jpg?resize=350%2C233&amp;ssl=1 350w, https:\/\/i0.wp.com\/www.deuxchevaux.ch\/wordpress\/wp-content\/uploads\/2019\/11\/Ferte_Vidame_2019-07-20-11-18-05-EOS80D-IMG_108890.jpg?resize=480%2C320&amp;ssl=1 480w, https:\/\/i0.wp.com\/www.deuxchevaux.ch\/wordpress\/wp-content\/uploads\/2019\/11\/Ferte_Vidame_2019-07-20-11-18-05-EOS80D-IMG_108890.jpg?w=1800&amp;ssl=1 1800w\" sizes=\"(max-width: 1024px) 100vw, 1024px\" \/><\/figure>\n\n\n\n<p>Vor der\nAbreise jedoch \u00f6ffneten wir unseren Stand erneut bis am Mittag. Das Interesse\nan Infos&nbsp; war wiederum sehr gross. Unsere\nStandbetreuer sind nun schon recht versiert, in Samobor kann nichts mehr\nschiefgehen. Hoffen wir \ud83d\ude42 Nach dem Mittag wurde abgebaut, die Mannen f\u00fcr den\ntechnischen Dienst, Hansruedi und G\u00e9rome fahren heute ebenfalls nach Hause. <\/p>\n\n\n\n<p>Ich drehte\nnoch eine ausgiebige, letzte Runde auf dem Gel\u00e4nde, bevor ich auf den\nCampingplatz zur\u00fcckkehrte. Heute abend ist ruhiges Chillen angesagt, bevor ich\nmorgen in der Fr\u00fche ebenfalls nach Hause aufbreche. Das habe ich in der Runde\nvon Stephan, Jan, Danilo und Marc auch ausgiebig genossen. <\/p>\n\n\n\n<p>22.+23.7.<\/p>\n\n\n\n<p>Wie gewohnt\nfuhr ich alleine nach Hause. Ich liebe das so. Free as a bird!<\/p>\n\n\n\n<p>Marc fand\ndes Morgens im Caf\u00e9 des Sports an der Mainstreet von Fert\u00e9-Vidame ein Taxi,\nwelches Danilo und ihn nach Chartres brachte. Dort stand ein Mietauto bis\nPontarlier bereit. Weiter gehts nicht, mit einem franz\u00f6sischen Mietauto in die\nSchweiz ist unm\u00f6glich. Ein weiterer Vorteil unseres EU-Verzichts!?<\/p>\n\n\n\n<p>Ich genoss\nFrankreich einmal mehr, w\u00e4hlte eine andere Route als bei der Herkunft. Speziell\ndie d965 zwischen Auxerre und Courban ist traumhaft. Kein Verkehr nebst den\nallgegenw\u00e4rtigen M\u00e4hdreschern, 30+ Grad (ich liebe das!) und ein treuer Leo,\nwas will man mehr. <\/p>\n\n\n\n<figure class=\"wp-block-image\"><img data-recalc-dims=\"1\" loading=\"lazy\" decoding=\"async\" width=\"1024\" height=\"576\" data-attachment-id=\"13910\" data-permalink=\"https:\/\/www.deuxchevaux.ch\/wordpress\/centenaire-citroen-in-ferte-vidame\/ferte_vidame_img_20190722_184021\/\" data-orig-file=\"https:\/\/i0.wp.com\/www.deuxchevaux.ch\/wordpress\/wp-content\/uploads\/2019\/11\/Ferte_Vidame_IMG_20190722_184021.jpg?fit=2133%2C1200&amp;ssl=1\" data-orig-size=\"2133,1200\" data-comments-opened=\"0\" data-image-meta=\"{&quot;aperture&quot;:&quot;2.2&quot;,&quot;credit&quot;:&quot;&quot;,&quot;camera&quot;:&quot;GT-I9195I&quot;,&quot;caption&quot;:&quot;&quot;,&quot;created_timestamp&quot;:&quot;1563820821&quot;,&quot;copyright&quot;:&quot;&quot;,&quot;focal_length&quot;:&quot;3.3&quot;,&quot;iso&quot;:&quot;50&quot;,&quot;shutter_speed&quot;:&quot;0.0027397260273973&quot;,&quot;title&quot;:&quot;&quot;,&quot;orientation&quot;:&quot;1&quot;}\" data-image-title=\"Ferte_Vidame_IMG_20190722_184021\" data-image-description=\"\" data-image-caption=\"\" data-medium-file=\"https:\/\/i0.wp.com\/www.deuxchevaux.ch\/wordpress\/wp-content\/uploads\/2019\/11\/Ferte_Vidame_IMG_20190722_184021.jpg?fit=300%2C169&amp;ssl=1\" data-large-file=\"https:\/\/i0.wp.com\/www.deuxchevaux.ch\/wordpress\/wp-content\/uploads\/2019\/11\/Ferte_Vidame_IMG_20190722_184021.jpg?fit=1024%2C576&amp;ssl=1\" src=\"https:\/\/i0.wp.com\/www.deuxchevaux.ch\/wordpress\/wp-content\/uploads\/2019\/11\/Ferte_Vidame_IMG_20190722_184021.jpg?resize=1024%2C576&#038;ssl=1\" alt=\"\" class=\"wp-image-13910\" srcset=\"https:\/\/i0.wp.com\/www.deuxchevaux.ch\/wordpress\/wp-content\/uploads\/2019\/11\/Ferte_Vidame_IMG_20190722_184021.jpg?resize=1024%2C576&amp;ssl=1 1024w, https:\/\/i0.wp.com\/www.deuxchevaux.ch\/wordpress\/wp-content\/uploads\/2019\/11\/Ferte_Vidame_IMG_20190722_184021.jpg?resize=150%2C84&amp;ssl=1 150w, https:\/\/i0.wp.com\/www.deuxchevaux.ch\/wordpress\/wp-content\/uploads\/2019\/11\/Ferte_Vidame_IMG_20190722_184021.jpg?resize=300%2C169&amp;ssl=1 300w, https:\/\/i0.wp.com\/www.deuxchevaux.ch\/wordpress\/wp-content\/uploads\/2019\/11\/Ferte_Vidame_IMG_20190722_184021.jpg?resize=768%2C432&amp;ssl=1 768w, https:\/\/i0.wp.com\/www.deuxchevaux.ch\/wordpress\/wp-content\/uploads\/2019\/11\/Ferte_Vidame_IMG_20190722_184021.jpg?resize=830%2C467&amp;ssl=1 830w, https:\/\/i0.wp.com\/www.deuxchevaux.ch\/wordpress\/wp-content\/uploads\/2019\/11\/Ferte_Vidame_IMG_20190722_184021.jpg?resize=230%2C129&amp;ssl=1 230w, https:\/\/i0.wp.com\/www.deuxchevaux.ch\/wordpress\/wp-content\/uploads\/2019\/11\/Ferte_Vidame_IMG_20190722_184021.jpg?resize=350%2C197&amp;ssl=1 350w, https:\/\/i0.wp.com\/www.deuxchevaux.ch\/wordpress\/wp-content\/uploads\/2019\/11\/Ferte_Vidame_IMG_20190722_184021.jpg?resize=480%2C270&amp;ssl=1 480w\" sizes=\"(max-width: 1024px) 100vw, 1024px\" \/><\/figure>\n\n\n\n<p>Nach der&nbsp; erholsamen Nachtruhe am B\u00e4chlein im schon bekannten Camping municipal von Humes-Jorquenay bei Langres fand ich Richtung Vesoul und Belfort in die Schweiz zur\u00fcck. Eine sch\u00f6ne Reise hatte ihren gl\u00fccklichen Abschluss gefunden. Aber wie heisst es so sch\u00f6n &#8211; nach der Reise ist vor der Reise! Oder &#8222;See you in Samobor!&#8220; <\/p>\n\n\n\n<div style=\"height:30px\" aria-hidden=\"true\" class=\"wp-block-spacer\"><\/div>\n\n\n\n<p>Hier noch der Link zur offiziellen <a aria-label=\"Homepage (opens in a new tab)\" rel=\"noreferrer noopener\" href=\"https:\/\/www.citroencc.com\/\" target=\"_blank\">Homepage<\/a> des Centenaire Citro\u00ebn. Wie \u00fcblich gibt&#8217;s in unserem <a aria-label=\"Media-Pool (opens in a new tab)\" rel=\"noreferrer noopener\" href=\"https:\/\/1drv.ms\/u\/s!AgoezRGZqWVSpOkJnWINDodY5CayVg?e=M7HJ17\" target=\"_blank\">Media-Pool<\/a> noch viel, viel mehr Bilder zum Thema. Die Bilder stammen von Marc, Tom Weilenmann und mir. Herzlichen Dank!<\/p>\n\n\n\n<div class=\"wp-block-image\"><figure class=\"aligncenter is-resized\"><img data-recalc-dims=\"1\" loading=\"lazy\" decoding=\"async\" data-attachment-id=\"13917\" data-permalink=\"https:\/\/www.deuxchevaux.ch\/wordpress\/centenaire-citroen-in-ferte-vidame\/ferte_vidame_2019-07-20-18-25-46-eos80d-img_109017\/\" data-orig-file=\"https:\/\/i0.wp.com\/www.deuxchevaux.ch\/wordpress\/wp-content\/uploads\/2019\/11\/Ferte_Vidame_2019-07-20-18-25-46-EOS80D-IMG_109017.jpg?fit=1200%2C1800&amp;ssl=1\" data-orig-size=\"1200,1800\" data-comments-opened=\"0\" data-image-meta=\"{&quot;aperture&quot;:&quot;10&quot;,&quot;credit&quot;:&quot;&quot;,&quot;camera&quot;:&quot;Canon EOS 80D&quot;,&quot;caption&quot;:&quot;&quot;,&quot;created_timestamp&quot;:&quot;1563647146&quot;,&quot;copyright&quot;:&quot;&quot;,&quot;focal_length&quot;:&quot;42&quot;,&quot;iso&quot;:&quot;500&quot;,&quot;shutter_speed&quot;:&quot;0.003125&quot;,&quot;title&quot;:&quot;&quot;,&quot;orientation&quot;:&quot;1&quot;}\" data-image-title=\"Ferte_Vidame_2019-07-20-18-25-46-EOS80D-IMG_109017-\" data-image-description=\"\" data-image-caption=\"\" data-medium-file=\"https:\/\/i0.wp.com\/www.deuxchevaux.ch\/wordpress\/wp-content\/uploads\/2019\/11\/Ferte_Vidame_2019-07-20-18-25-46-EOS80D-IMG_109017.jpg?fit=200%2C300&amp;ssl=1\" data-large-file=\"https:\/\/i0.wp.com\/www.deuxchevaux.ch\/wordpress\/wp-content\/uploads\/2019\/11\/Ferte_Vidame_2019-07-20-18-25-46-EOS80D-IMG_109017.jpg?fit=683%2C1024&amp;ssl=1\" src=\"https:\/\/i0.wp.com\/www.deuxchevaux.ch\/wordpress\/wp-content\/uploads\/2019\/11\/Ferte_Vidame_2019-07-20-18-25-46-EOS80D-IMG_109017.jpg?resize=683%2C1024&#038;ssl=1\" alt=\"\" class=\"wp-image-13917\" width=\"683\" height=\"1024\" srcset=\"https:\/\/i0.wp.com\/www.deuxchevaux.ch\/wordpress\/wp-content\/uploads\/2019\/11\/Ferte_Vidame_2019-07-20-18-25-46-EOS80D-IMG_109017.jpg?resize=683%2C1024&amp;ssl=1 683w, https:\/\/i0.wp.com\/www.deuxchevaux.ch\/wordpress\/wp-content\/uploads\/2019\/11\/Ferte_Vidame_2019-07-20-18-25-46-EOS80D-IMG_109017.jpg?resize=100%2C150&amp;ssl=1 100w, https:\/\/i0.wp.com\/www.deuxchevaux.ch\/wordpress\/wp-content\/uploads\/2019\/11\/Ferte_Vidame_2019-07-20-18-25-46-EOS80D-IMG_109017.jpg?resize=200%2C300&amp;ssl=1 200w, https:\/\/i0.wp.com\/www.deuxchevaux.ch\/wordpress\/wp-content\/uploads\/2019\/11\/Ferte_Vidame_2019-07-20-18-25-46-EOS80D-IMG_109017.jpg?resize=768%2C1152&amp;ssl=1 768w, https:\/\/i0.wp.com\/www.deuxchevaux.ch\/wordpress\/wp-content\/uploads\/2019\/11\/Ferte_Vidame_2019-07-20-18-25-46-EOS80D-IMG_109017.jpg?resize=830%2C1245&amp;ssl=1 830w, https:\/\/i0.wp.com\/www.deuxchevaux.ch\/wordpress\/wp-content\/uploads\/2019\/11\/Ferte_Vidame_2019-07-20-18-25-46-EOS80D-IMG_109017.jpg?resize=230%2C345&amp;ssl=1 230w, https:\/\/i0.wp.com\/www.deuxchevaux.ch\/wordpress\/wp-content\/uploads\/2019\/11\/Ferte_Vidame_2019-07-20-18-25-46-EOS80D-IMG_109017.jpg?resize=350%2C525&amp;ssl=1 350w, https:\/\/i0.wp.com\/www.deuxchevaux.ch\/wordpress\/wp-content\/uploads\/2019\/11\/Ferte_Vidame_2019-07-20-18-25-46-EOS80D-IMG_109017.jpg?resize=480%2C720&amp;ssl=1 480w, https:\/\/i0.wp.com\/www.deuxchevaux.ch\/wordpress\/wp-content\/uploads\/2019\/11\/Ferte_Vidame_2019-07-20-18-25-46-EOS80D-IMG_109017.jpg?w=1200&amp;ssl=1 1200w\" sizes=\"(max-width: 683px) 100vw, 683px\" \/><\/figure><\/div>\n","protected":false},"excerpt":{"rendered":"<p>Und weil das Jubeljahr von Citro\u00ebn sich nun dem Ende zuneigt, publiziere ich hier gerne noch den Bericht meines Besuches der offiziellen [&hellip;]<\/p>\n","protected":false},"author":1,"featured_media":13894,"comment_status":"closed","ping_status":"closed","sticky":false,"template":"","format":"standard","meta":{"_jetpack_memberships_contains_paid_content":false,"footnotes":""},"categories":[8,16,1,19,9,15],"tags":[],"class_list":["post-8847","post","type-post","status-publish","format-standard","has-post-thumbnail","hentry","category-ausflug","category-ballade","category-club","category-mitglied","category-reise","category-treffen"],"jetpack_featured_media_url":"https:\/\/i0.wp.com\/www.deuxchevaux.ch\/wordpress\/wp-content\/uploads\/2019\/08\/Logo_Ferte_Vidame.png?fit=1000%2C750&ssl=1","jetpack_sharing_enabled":true,"_links":{"self":[{"href":"https:\/\/www.deuxchevaux.ch\/wordpress\/wp-json\/wp\/v2\/posts\/8847"}],"collection":[{"href":"https:\/\/www.deuxchevaux.ch\/wordpress\/wp-json\/wp\/v2\/posts"}],"about":[{"href":"https:\/\/www.deuxchevaux.ch\/wordpress\/wp-json\/wp\/v2\/types\/post"}],"author":[{"embeddable":true,"href":"https:\/\/www.deuxchevaux.ch\/wordpress\/wp-json\/wp\/v2\/users\/1"}],"replies":[{"embeddable":true,"href":"https:\/\/www.deuxchevaux.ch\/wordpress\/wp-json\/wp\/v2\/comments?post=8847"}],"version-history":[{"count":11,"href":"https:\/\/www.deuxchevaux.ch\/wordpress\/wp-json\/wp\/v2\/posts\/8847\/revisions"}],"predecessor-version":[{"id":14501,"href":"https:\/\/www.deuxchevaux.ch\/wordpress\/wp-json\/wp\/v2\/posts\/8847\/revisions\/14501"}],"wp:featuredmedia":[{"embeddable":true,"href":"https:\/\/www.deuxchevaux.ch\/wordpress\/wp-json\/wp\/v2\/media\/13894"}],"wp:attachment":[{"href":"https:\/\/www.deuxchevaux.ch\/wordpress\/wp-json\/wp\/v2\/media?parent=8847"}],"wp:term":[{"taxonomy":"category","embeddable":true,"href":"https:\/\/www.deuxchevaux.ch\/wordpress\/wp-json\/wp\/v2\/categories?post=8847"},{"taxonomy":"post_tag","embeddable":true,"href":"https:\/\/www.deuxchevaux.ch\/wordpress\/wp-json\/wp\/v2\/tags?post=8847"}],"curies":[{"name":"wp","href":"https:\/\/api.w.org\/{rel}","templated":true}]}}