{"id":8898,"date":"2019-09-02T13:31:23","date_gmt":"2019-09-02T11:31:23","guid":{"rendered":"https:\/\/www.deuxchevaux.ch\/wordpress\/?p=8898"},"modified":"2019-09-04T00:29:51","modified_gmt":"2019-09-03T22:29:51","slug":"herbstausflug-19","status":"publish","type":"post","link":"https:\/\/www.deuxchevaux.ch\/wordpress\/herbstausflug-19\/","title":{"rendered":"Herbstausflug 19"},"content":{"rendered":"\n<p>Der Presi\nhat gerufen und alle, alle sind sie gekommen!<\/p>\n\n\n\n<figure class=\"wp-block-image\"><img data-recalc-dims=\"1\" loading=\"lazy\" decoding=\"async\" width=\"1024\" height=\"683\" data-attachment-id=\"8901\" data-permalink=\"https:\/\/www.deuxchevaux.ch\/wordpress\/herbstausflug-19\/herbstausflug_19_14a9925\/\" data-orig-file=\"https:\/\/i0.wp.com\/www.deuxchevaux.ch\/wordpress\/wp-content\/uploads\/2019\/09\/Herbstausflug_19_14A9925.jpg?fit=1800%2C1200&amp;ssl=1\" data-orig-size=\"1800,1200\" data-comments-opened=\"0\" data-image-meta=\"{&quot;aperture&quot;:&quot;7.1&quot;,&quot;credit&quot;:&quot;&quot;,&quot;camera&quot;:&quot;Canon EOS 7D Mark II&quot;,&quot;caption&quot;:&quot;&quot;,&quot;created_timestamp&quot;:&quot;1567243820&quot;,&quot;copyright&quot;:&quot;&quot;,&quot;focal_length&quot;:&quot;24&quot;,&quot;iso&quot;:&quot;100&quot;,&quot;shutter_speed&quot;:&quot;0.01&quot;,&quot;title&quot;:&quot;&quot;,&quot;orientation&quot;:&quot;0&quot;}\" data-image-title=\"Herbstausflug 19 14A9925\" data-image-description=\"\" data-image-caption=\"\" data-medium-file=\"https:\/\/i0.wp.com\/www.deuxchevaux.ch\/wordpress\/wp-content\/uploads\/2019\/09\/Herbstausflug_19_14A9925.jpg?fit=300%2C200&amp;ssl=1\" data-large-file=\"https:\/\/i0.wp.com\/www.deuxchevaux.ch\/wordpress\/wp-content\/uploads\/2019\/09\/Herbstausflug_19_14A9925.jpg?fit=1024%2C683&amp;ssl=1\" src=\"https:\/\/i0.wp.com\/www.deuxchevaux.ch\/wordpress\/wp-content\/uploads\/2019\/09\/Herbstausflug_19_14A9925.jpg?resize=1024%2C683&#038;ssl=1\" alt=\"\" class=\"wp-image-8901\" srcset=\"https:\/\/i0.wp.com\/www.deuxchevaux.ch\/wordpress\/wp-content\/uploads\/2019\/09\/Herbstausflug_19_14A9925.jpg?resize=1024%2C683&amp;ssl=1 1024w, https:\/\/i0.wp.com\/www.deuxchevaux.ch\/wordpress\/wp-content\/uploads\/2019\/09\/Herbstausflug_19_14A9925.jpg?resize=150%2C100&amp;ssl=1 150w, https:\/\/i0.wp.com\/www.deuxchevaux.ch\/wordpress\/wp-content\/uploads\/2019\/09\/Herbstausflug_19_14A9925.jpg?resize=300%2C200&amp;ssl=1 300w, https:\/\/i0.wp.com\/www.deuxchevaux.ch\/wordpress\/wp-content\/uploads\/2019\/09\/Herbstausflug_19_14A9925.jpg?resize=768%2C512&amp;ssl=1 768w, https:\/\/i0.wp.com\/www.deuxchevaux.ch\/wordpress\/wp-content\/uploads\/2019\/09\/Herbstausflug_19_14A9925.jpg?resize=400%2C267&amp;ssl=1 400w, https:\/\/i0.wp.com\/www.deuxchevaux.ch\/wordpress\/wp-content\/uploads\/2019\/09\/Herbstausflug_19_14A9925.jpg?w=1800&amp;ssl=1 1800w\" sizes=\"(max-width: 1024px) 100vw, 1024px\" \/><\/figure>\n\n\n\n<p>Nun ja, fast alle! 27 an der Zahl, um genau zu sein, versammelten sich auf dem Parkplatz des ehemaligen Restaurants\/Minigolf Heggidorn westlich von Bern. Nach der allgemeinen Begr\u00fcssung brachen wir kurz sp\u00e4ter in westlicher Richtung auf. Marc f\u00fchrte uns nach Murten. <\/p>\n\n\n\n<figure class=\"wp-block-image\"><img data-recalc-dims=\"1\" loading=\"lazy\" decoding=\"async\" width=\"1024\" height=\"683\" data-attachment-id=\"8902\" data-permalink=\"https:\/\/www.deuxchevaux.ch\/wordpress\/herbstausflug-19\/herbstausflug_19_14a9947\/\" data-orig-file=\"https:\/\/i0.wp.com\/www.deuxchevaux.ch\/wordpress\/wp-content\/uploads\/2019\/09\/Herbstausflug_19_14A9947.jpg?fit=1800%2C1200&amp;ssl=1\" data-orig-size=\"1800,1200\" data-comments-opened=\"0\" data-image-meta=\"{&quot;aperture&quot;:&quot;5&quot;,&quot;credit&quot;:&quot;&quot;,&quot;camera&quot;:&quot;Canon EOS 7D Mark II&quot;,&quot;caption&quot;:&quot;&quot;,&quot;created_timestamp&quot;:&quot;1567246423&quot;,&quot;copyright&quot;:&quot;&quot;,&quot;focal_length&quot;:&quot;97&quot;,&quot;iso&quot;:&quot;100&quot;,&quot;shutter_speed&quot;:&quot;0.005&quot;,&quot;title&quot;:&quot;&quot;,&quot;orientation&quot;:&quot;0&quot;}\" data-image-title=\"Herbstausflug 19 14A9947\" data-image-description=\"\" data-image-caption=\"\" data-medium-file=\"https:\/\/i0.wp.com\/www.deuxchevaux.ch\/wordpress\/wp-content\/uploads\/2019\/09\/Herbstausflug_19_14A9947.jpg?fit=300%2C200&amp;ssl=1\" data-large-file=\"https:\/\/i0.wp.com\/www.deuxchevaux.ch\/wordpress\/wp-content\/uploads\/2019\/09\/Herbstausflug_19_14A9947.jpg?fit=1024%2C683&amp;ssl=1\" src=\"https:\/\/i0.wp.com\/www.deuxchevaux.ch\/wordpress\/wp-content\/uploads\/2019\/09\/Herbstausflug_19_14A9947.jpg?resize=1024%2C683&#038;ssl=1\" alt=\"\" class=\"wp-image-8902\" srcset=\"https:\/\/i0.wp.com\/www.deuxchevaux.ch\/wordpress\/wp-content\/uploads\/2019\/09\/Herbstausflug_19_14A9947.jpg?resize=1024%2C683&amp;ssl=1 1024w, https:\/\/i0.wp.com\/www.deuxchevaux.ch\/wordpress\/wp-content\/uploads\/2019\/09\/Herbstausflug_19_14A9947.jpg?resize=150%2C100&amp;ssl=1 150w, https:\/\/i0.wp.com\/www.deuxchevaux.ch\/wordpress\/wp-content\/uploads\/2019\/09\/Herbstausflug_19_14A9947.jpg?resize=300%2C200&amp;ssl=1 300w, https:\/\/i0.wp.com\/www.deuxchevaux.ch\/wordpress\/wp-content\/uploads\/2019\/09\/Herbstausflug_19_14A9947.jpg?resize=768%2C512&amp;ssl=1 768w, https:\/\/i0.wp.com\/www.deuxchevaux.ch\/wordpress\/wp-content\/uploads\/2019\/09\/Herbstausflug_19_14A9947.jpg?resize=400%2C267&amp;ssl=1 400w, https:\/\/i0.wp.com\/www.deuxchevaux.ch\/wordpress\/wp-content\/uploads\/2019\/09\/Herbstausflug_19_14A9947.jpg?w=1800&amp;ssl=1 1800w\" sizes=\"(max-width: 1024px) 100vw, 1024px\" \/><\/figure>\n\n\n\n<p>Nach kurzer Fahrt querten wir unter dem Applaus der Touristen das pittoreske St\u00e4dtchen und versammelten uns schliesslich auf dem Parkplatz der k\u00fcrzlich er\u00f6ffneten Collection Jos\u00e9 Dula.<\/p>\n\n\n\n<figure class=\"wp-block-image\"><img data-recalc-dims=\"1\" loading=\"lazy\" decoding=\"async\" width=\"1024\" height=\"683\" data-attachment-id=\"8904\" data-permalink=\"https:\/\/www.deuxchevaux.ch\/wordpress\/herbstausflug-19\/herbstausflug_19_14a9999\/\" data-orig-file=\"https:\/\/i0.wp.com\/www.deuxchevaux.ch\/wordpress\/wp-content\/uploads\/2019\/09\/Herbstausflug_19_14A9999.jpg?fit=1800%2C1200&amp;ssl=1\" data-orig-size=\"1800,1200\" data-comments-opened=\"0\" data-image-meta=\"{&quot;aperture&quot;:&quot;4&quot;,&quot;credit&quot;:&quot;&quot;,&quot;camera&quot;:&quot;Canon EOS 7D Mark II&quot;,&quot;caption&quot;:&quot;&quot;,&quot;created_timestamp&quot;:&quot;1567247938&quot;,&quot;copyright&quot;:&quot;&quot;,&quot;focal_length&quot;:&quot;67&quot;,&quot;iso&quot;:&quot;2000&quot;,&quot;shutter_speed&quot;:&quot;0.01&quot;,&quot;title&quot;:&quot;&quot;,&quot;orientation&quot;:&quot;0&quot;}\" data-image-title=\"Herbstausflug 19 14A9999\" data-image-description=\"\" data-image-caption=\"\" data-medium-file=\"https:\/\/i0.wp.com\/www.deuxchevaux.ch\/wordpress\/wp-content\/uploads\/2019\/09\/Herbstausflug_19_14A9999.jpg?fit=300%2C200&amp;ssl=1\" data-large-file=\"https:\/\/i0.wp.com\/www.deuxchevaux.ch\/wordpress\/wp-content\/uploads\/2019\/09\/Herbstausflug_19_14A9999.jpg?fit=1024%2C683&amp;ssl=1\" src=\"https:\/\/i0.wp.com\/www.deuxchevaux.ch\/wordpress\/wp-content\/uploads\/2019\/09\/Herbstausflug_19_14A9999.jpg?resize=1024%2C683&#038;ssl=1\" alt=\"\" class=\"wp-image-8904\" srcset=\"https:\/\/i0.wp.com\/www.deuxchevaux.ch\/wordpress\/wp-content\/uploads\/2019\/09\/Herbstausflug_19_14A9999.jpg?resize=1024%2C683&amp;ssl=1 1024w, https:\/\/i0.wp.com\/www.deuxchevaux.ch\/wordpress\/wp-content\/uploads\/2019\/09\/Herbstausflug_19_14A9999.jpg?resize=150%2C100&amp;ssl=1 150w, https:\/\/i0.wp.com\/www.deuxchevaux.ch\/wordpress\/wp-content\/uploads\/2019\/09\/Herbstausflug_19_14A9999.jpg?resize=300%2C200&amp;ssl=1 300w, https:\/\/i0.wp.com\/www.deuxchevaux.ch\/wordpress\/wp-content\/uploads\/2019\/09\/Herbstausflug_19_14A9999.jpg?resize=768%2C512&amp;ssl=1 768w, https:\/\/i0.wp.com\/www.deuxchevaux.ch\/wordpress\/wp-content\/uploads\/2019\/09\/Herbstausflug_19_14A9999.jpg?resize=400%2C267&amp;ssl=1 400w, https:\/\/i0.wp.com\/www.deuxchevaux.ch\/wordpress\/wp-content\/uploads\/2019\/09\/Herbstausflug_19_14A9999.jpg?w=1800&amp;ssl=1 1800w\" sizes=\"(max-width: 1024px) 100vw, 1024px\" \/><\/figure>\n\n\n\n<p>Hier empfing uns deren Inhaber und Fondateur, M. Jos\u00e9 Dula. Die Sammlung klassischer Citro\u00ebn, welche er im ersten Stock des dazu eigens erstellten Geb\u00e4udes pr\u00e4sentiert, \u00fcbertrifft alle Erwartungen. Seltenste Modelle der bekannten Baureihen, alle akkurat aufgereiht und aufwendig restauriert. <\/p>\n\n\n\n<figure class=\"wp-block-image\"><img data-recalc-dims=\"1\" loading=\"lazy\" decoding=\"async\" width=\"1024\" height=\"683\" data-attachment-id=\"8905\" data-permalink=\"https:\/\/www.deuxchevaux.ch\/wordpress\/herbstausflug-19\/herbstausflug_19_14a0009\/\" data-orig-file=\"https:\/\/i0.wp.com\/www.deuxchevaux.ch\/wordpress\/wp-content\/uploads\/2019\/09\/Herbstausflug_19_14A0009.jpg?fit=1800%2C1200&amp;ssl=1\" data-orig-size=\"1800,1200\" data-comments-opened=\"0\" data-image-meta=\"{&quot;aperture&quot;:&quot;4&quot;,&quot;credit&quot;:&quot;&quot;,&quot;camera&quot;:&quot;Canon EOS 7D Mark II&quot;,&quot;caption&quot;:&quot;&quot;,&quot;created_timestamp&quot;:&quot;1567248600&quot;,&quot;copyright&quot;:&quot;&quot;,&quot;focal_length&quot;:&quot;32&quot;,&quot;iso&quot;:&quot;250&quot;,&quot;shutter_speed&quot;:&quot;0.016666666666667&quot;,&quot;title&quot;:&quot;&quot;,&quot;orientation&quot;:&quot;0&quot;}\" data-image-title=\"Herbstausflug 19 14A0009\" data-image-description=\"\" data-image-caption=\"\" data-medium-file=\"https:\/\/i0.wp.com\/www.deuxchevaux.ch\/wordpress\/wp-content\/uploads\/2019\/09\/Herbstausflug_19_14A0009.jpg?fit=300%2C200&amp;ssl=1\" data-large-file=\"https:\/\/i0.wp.com\/www.deuxchevaux.ch\/wordpress\/wp-content\/uploads\/2019\/09\/Herbstausflug_19_14A0009.jpg?fit=1024%2C683&amp;ssl=1\" src=\"https:\/\/i0.wp.com\/www.deuxchevaux.ch\/wordpress\/wp-content\/uploads\/2019\/09\/Herbstausflug_19_14A0009.jpg?resize=1024%2C683&#038;ssl=1\" alt=\"\" class=\"wp-image-8905\" srcset=\"https:\/\/i0.wp.com\/www.deuxchevaux.ch\/wordpress\/wp-content\/uploads\/2019\/09\/Herbstausflug_19_14A0009.jpg?resize=1024%2C683&amp;ssl=1 1024w, https:\/\/i0.wp.com\/www.deuxchevaux.ch\/wordpress\/wp-content\/uploads\/2019\/09\/Herbstausflug_19_14A0009.jpg?resize=150%2C100&amp;ssl=1 150w, https:\/\/i0.wp.com\/www.deuxchevaux.ch\/wordpress\/wp-content\/uploads\/2019\/09\/Herbstausflug_19_14A0009.jpg?resize=300%2C200&amp;ssl=1 300w, https:\/\/i0.wp.com\/www.deuxchevaux.ch\/wordpress\/wp-content\/uploads\/2019\/09\/Herbstausflug_19_14A0009.jpg?resize=768%2C512&amp;ssl=1 768w, https:\/\/i0.wp.com\/www.deuxchevaux.ch\/wordpress\/wp-content\/uploads\/2019\/09\/Herbstausflug_19_14A0009.jpg?resize=400%2C267&amp;ssl=1 400w, https:\/\/i0.wp.com\/www.deuxchevaux.ch\/wordpress\/wp-content\/uploads\/2019\/09\/Herbstausflug_19_14A0009.jpg?w=1800&amp;ssl=1 1800w\" sizes=\"(max-width: 1024px) 100vw, 1024px\" \/><\/figure>\n\n\n\n<p>Zu jedem Fahrzeug erfreut uns Jos\u00e9 mit dessen Geschichte und erl\u00e4utert uns seine technischen Details. Als Spross einer bekannten Citro\u00ebn-Markenvertretung ist sein Fachwissen enorm. Der Mann strahlt eine solche Leidenschaft aus, absolute Hinwendung und Liebe zu seinem Hobby. Beneidenswert!<\/p>\n\n\n\n<figure class=\"wp-block-image\"><img data-recalc-dims=\"1\" loading=\"lazy\" decoding=\"async\" width=\"1024\" height=\"576\" data-attachment-id=\"8910\" data-permalink=\"https:\/\/www.deuxchevaux.ch\/wordpress\/herbstausflug-19\/herbstausflug_19_img_20190831_120833\/\" data-orig-file=\"https:\/\/i0.wp.com\/www.deuxchevaux.ch\/wordpress\/wp-content\/uploads\/2019\/09\/Herbstausflug_19_IMG_20190831_120833.jpg?fit=2133%2C1200&amp;ssl=1\" data-orig-size=\"2133,1200\" data-comments-opened=\"0\" data-image-meta=\"{&quot;aperture&quot;:&quot;2.2&quot;,&quot;credit&quot;:&quot;&quot;,&quot;camera&quot;:&quot;GT-I9195I&quot;,&quot;caption&quot;:&quot;&quot;,&quot;created_timestamp&quot;:&quot;1567253314&quot;,&quot;copyright&quot;:&quot;&quot;,&quot;focal_length&quot;:&quot;3.3&quot;,&quot;iso&quot;:&quot;50&quot;,&quot;shutter_speed&quot;:&quot;0.03030303030303&quot;,&quot;title&quot;:&quot;&quot;,&quot;orientation&quot;:&quot;1&quot;}\" data-image-title=\"Herbstausflug 19 IMG 20190831 120833\" data-image-description=\"\" data-image-caption=\"\" data-medium-file=\"https:\/\/i0.wp.com\/www.deuxchevaux.ch\/wordpress\/wp-content\/uploads\/2019\/09\/Herbstausflug_19_IMG_20190831_120833.jpg?fit=300%2C169&amp;ssl=1\" data-large-file=\"https:\/\/i0.wp.com\/www.deuxchevaux.ch\/wordpress\/wp-content\/uploads\/2019\/09\/Herbstausflug_19_IMG_20190831_120833.jpg?fit=1024%2C576&amp;ssl=1\" src=\"https:\/\/i0.wp.com\/www.deuxchevaux.ch\/wordpress\/wp-content\/uploads\/2019\/09\/Herbstausflug_19_IMG_20190831_120833.jpg?resize=1024%2C576&#038;ssl=1\" alt=\"\" class=\"wp-image-8910\" srcset=\"https:\/\/i0.wp.com\/www.deuxchevaux.ch\/wordpress\/wp-content\/uploads\/2019\/09\/Herbstausflug_19_IMG_20190831_120833.jpg?resize=1024%2C576&amp;ssl=1 1024w, https:\/\/i0.wp.com\/www.deuxchevaux.ch\/wordpress\/wp-content\/uploads\/2019\/09\/Herbstausflug_19_IMG_20190831_120833.jpg?resize=150%2C84&amp;ssl=1 150w, https:\/\/i0.wp.com\/www.deuxchevaux.ch\/wordpress\/wp-content\/uploads\/2019\/09\/Herbstausflug_19_IMG_20190831_120833.jpg?resize=300%2C169&amp;ssl=1 300w, https:\/\/i0.wp.com\/www.deuxchevaux.ch\/wordpress\/wp-content\/uploads\/2019\/09\/Herbstausflug_19_IMG_20190831_120833.jpg?resize=768%2C432&amp;ssl=1 768w, https:\/\/i0.wp.com\/www.deuxchevaux.ch\/wordpress\/wp-content\/uploads\/2019\/09\/Herbstausflug_19_IMG_20190831_120833.jpg?resize=400%2C225&amp;ssl=1 400w\" sizes=\"(max-width: 1024px) 100vw, 1024px\" \/><\/figure>\n\n\n\n<p>Weisst du wie viele Pokale stehn \u2026? Jos\u00e9 war ebenfalls ein bekannter und erfolgreicher Pilot bei den 2cv-Cross. Die vielen Pokale bezeugen dies eindrucksvoll. Es sind 377 an der Zahl, wie mir Nadia und Nicole versicherten. Ich habe sie nicht nachgez\u00e4hlt \ud83d\ude42 <\/p>\n\n\n\n<figure class=\"wp-block-image\"><img data-recalc-dims=\"1\" loading=\"lazy\" decoding=\"async\" width=\"1024\" height=\"683\" data-attachment-id=\"8906\" data-permalink=\"https:\/\/www.deuxchevaux.ch\/wordpress\/herbstausflug-19\/herbstausflug_19_14a0059\/\" data-orig-file=\"https:\/\/i0.wp.com\/www.deuxchevaux.ch\/wordpress\/wp-content\/uploads\/2019\/09\/Herbstausflug_19_14A0059.jpg?fit=1800%2C1200&amp;ssl=1\" data-orig-size=\"1800,1200\" data-comments-opened=\"0\" data-image-meta=\"{&quot;aperture&quot;:&quot;4&quot;,&quot;credit&quot;:&quot;&quot;,&quot;camera&quot;:&quot;Canon EOS 7D Mark II&quot;,&quot;caption&quot;:&quot;&quot;,&quot;created_timestamp&quot;:&quot;1567253401&quot;,&quot;copyright&quot;:&quot;&quot;,&quot;focal_length&quot;:&quot;47&quot;,&quot;iso&quot;:&quot;1000&quot;,&quot;shutter_speed&quot;:&quot;0.016666666666667&quot;,&quot;title&quot;:&quot;&quot;,&quot;orientation&quot;:&quot;0&quot;}\" data-image-title=\"Herbstausflug 19 14A0059\" data-image-description=\"\" data-image-caption=\"\" data-medium-file=\"https:\/\/i0.wp.com\/www.deuxchevaux.ch\/wordpress\/wp-content\/uploads\/2019\/09\/Herbstausflug_19_14A0059.jpg?fit=300%2C200&amp;ssl=1\" data-large-file=\"https:\/\/i0.wp.com\/www.deuxchevaux.ch\/wordpress\/wp-content\/uploads\/2019\/09\/Herbstausflug_19_14A0059.jpg?fit=1024%2C683&amp;ssl=1\" src=\"https:\/\/i0.wp.com\/www.deuxchevaux.ch\/wordpress\/wp-content\/uploads\/2019\/09\/Herbstausflug_19_14A0059.jpg?resize=1024%2C683&#038;ssl=1\" alt=\"\" class=\"wp-image-8906\" srcset=\"https:\/\/i0.wp.com\/www.deuxchevaux.ch\/wordpress\/wp-content\/uploads\/2019\/09\/Herbstausflug_19_14A0059.jpg?resize=1024%2C683&amp;ssl=1 1024w, https:\/\/i0.wp.com\/www.deuxchevaux.ch\/wordpress\/wp-content\/uploads\/2019\/09\/Herbstausflug_19_14A0059.jpg?resize=150%2C100&amp;ssl=1 150w, https:\/\/i0.wp.com\/www.deuxchevaux.ch\/wordpress\/wp-content\/uploads\/2019\/09\/Herbstausflug_19_14A0059.jpg?resize=300%2C200&amp;ssl=1 300w, https:\/\/i0.wp.com\/www.deuxchevaux.ch\/wordpress\/wp-content\/uploads\/2019\/09\/Herbstausflug_19_14A0059.jpg?resize=768%2C512&amp;ssl=1 768w, https:\/\/i0.wp.com\/www.deuxchevaux.ch\/wordpress\/wp-content\/uploads\/2019\/09\/Herbstausflug_19_14A0059.jpg?resize=400%2C267&amp;ssl=1 400w, https:\/\/i0.wp.com\/www.deuxchevaux.ch\/wordpress\/wp-content\/uploads\/2019\/09\/Herbstausflug_19_14A0059.jpg?w=1800&amp;ssl=1 1800w\" sizes=\"(max-width: 1024px) 100vw, 1024px\" \/><\/figure>\n\n\n\n<p>Irgendwann jedoch wird er m\u00fcde, der Geist, und der K\u00f6rper verlangt nach Gegenrecht, d.h. so prosaischen Gen\u00fcssen wie Speis und Trank. Christophe und Thomas hatten vorgesorgt und ein sch\u00f6nes Ap\u00e9ro aufgebaut. Z\u00fcpfe, Wurst und Kuchen fanden reichlich Zuspruch. Zusammen mit einem feinen Glas Weisswein liessen wir es uns gerne schmecken. Speziell die perfekte Guacamole fand viele Freunde. Merci viumau! <\/p>\n\n\n\n<p>Solcherart\ngest\u00e4rkt verabschiedeten wir uns von Jos\u00e9 und fuhren zum Obelisken von Murten.\nDer ist ganz in der N\u00e4he. Pnicknick und Badehose eingepackt, ein kurzer\nSpaziergang durch den Uferwald und schon waren wir am Murtensee. Ich h\u00e4tte nie\ngedacht, dass unsere grosse Gruppe so einfach einen so sch\u00f6nen Platz finden\nw\u00fcrde. <\/p>\n\n\n\n<figure class=\"wp-block-image\"><img data-recalc-dims=\"1\" loading=\"lazy\" decoding=\"async\" width=\"1024\" height=\"683\" data-attachment-id=\"8907\" data-permalink=\"https:\/\/www.deuxchevaux.ch\/wordpress\/herbstausflug-19\/herbstausflug_19_14a0076\/\" data-orig-file=\"https:\/\/i0.wp.com\/www.deuxchevaux.ch\/wordpress\/wp-content\/uploads\/2019\/09\/Herbstausflug_19_14A0076.jpg?fit=1800%2C1200&amp;ssl=1\" data-orig-size=\"1800,1200\" data-comments-opened=\"0\" data-image-meta=\"{&quot;aperture&quot;:&quot;7.1&quot;,&quot;credit&quot;:&quot;&quot;,&quot;camera&quot;:&quot;Canon EOS 7D Mark II&quot;,&quot;caption&quot;:&quot;&quot;,&quot;created_timestamp&quot;:&quot;1567258503&quot;,&quot;copyright&quot;:&quot;&quot;,&quot;focal_length&quot;:&quot;105&quot;,&quot;iso&quot;:&quot;100&quot;,&quot;shutter_speed&quot;:&quot;0.002&quot;,&quot;title&quot;:&quot;&quot;,&quot;orientation&quot;:&quot;0&quot;}\" data-image-title=\"Herbstausflug 19 14A0076\" data-image-description=\"\" data-image-caption=\"\" data-medium-file=\"https:\/\/i0.wp.com\/www.deuxchevaux.ch\/wordpress\/wp-content\/uploads\/2019\/09\/Herbstausflug_19_14A0076.jpg?fit=300%2C200&amp;ssl=1\" data-large-file=\"https:\/\/i0.wp.com\/www.deuxchevaux.ch\/wordpress\/wp-content\/uploads\/2019\/09\/Herbstausflug_19_14A0076.jpg?fit=1024%2C683&amp;ssl=1\" src=\"https:\/\/i0.wp.com\/www.deuxchevaux.ch\/wordpress\/wp-content\/uploads\/2019\/09\/Herbstausflug_19_14A0076.jpg?resize=1024%2C683&#038;ssl=1\" alt=\"\" class=\"wp-image-8907\" srcset=\"https:\/\/i0.wp.com\/www.deuxchevaux.ch\/wordpress\/wp-content\/uploads\/2019\/09\/Herbstausflug_19_14A0076.jpg?resize=1024%2C683&amp;ssl=1 1024w, https:\/\/i0.wp.com\/www.deuxchevaux.ch\/wordpress\/wp-content\/uploads\/2019\/09\/Herbstausflug_19_14A0076.jpg?resize=150%2C100&amp;ssl=1 150w, https:\/\/i0.wp.com\/www.deuxchevaux.ch\/wordpress\/wp-content\/uploads\/2019\/09\/Herbstausflug_19_14A0076.jpg?resize=300%2C200&amp;ssl=1 300w, https:\/\/i0.wp.com\/www.deuxchevaux.ch\/wordpress\/wp-content\/uploads\/2019\/09\/Herbstausflug_19_14A0076.jpg?resize=768%2C512&amp;ssl=1 768w, https:\/\/i0.wp.com\/www.deuxchevaux.ch\/wordpress\/wp-content\/uploads\/2019\/09\/Herbstausflug_19_14A0076.jpg?resize=400%2C267&amp;ssl=1 400w, https:\/\/i0.wp.com\/www.deuxchevaux.ch\/wordpress\/wp-content\/uploads\/2019\/09\/Herbstausflug_19_14A0076.jpg?w=1800&amp;ssl=1 1800w\" sizes=\"(max-width: 1024px) 100vw, 1024px\" \/><\/figure>\n\n\n\n<p>Nun folgte der gem\u00fctliche Teil. Nach einem ausgiebigen Schwumm im angenehm temperierten See gings ans Cervelat br\u00e4tle. Zwei, drei Tomaten dazu, Vollkornbrot und ausgiebig Mayonnaise. So gut hats schon lange nicht mehr geschmeckt. <\/p>\n\n\n\n<figure class=\"wp-block-image\"><img data-recalc-dims=\"1\" loading=\"lazy\" decoding=\"async\" width=\"1024\" height=\"683\" data-attachment-id=\"8900\" data-permalink=\"https:\/\/www.deuxchevaux.ch\/wordpress\/herbstausflug-19\/herbstausflug_19_14a0080\/\" data-orig-file=\"https:\/\/i0.wp.com\/www.deuxchevaux.ch\/wordpress\/wp-content\/uploads\/2019\/09\/Herbstausflug_19_14A0080.jpg?fit=1800%2C1200&amp;ssl=1\" data-orig-size=\"1800,1200\" data-comments-opened=\"0\" data-image-meta=\"{&quot;aperture&quot;:&quot;4&quot;,&quot;credit&quot;:&quot;&quot;,&quot;camera&quot;:&quot;Canon EOS 7D Mark II&quot;,&quot;caption&quot;:&quot;&quot;,&quot;created_timestamp&quot;:&quot;1567262144&quot;,&quot;copyright&quot;:&quot;&quot;,&quot;focal_length&quot;:&quot;32&quot;,&quot;iso&quot;:&quot;100&quot;,&quot;shutter_speed&quot;:&quot;0.016666666666667&quot;,&quot;title&quot;:&quot;&quot;,&quot;orientation&quot;:&quot;0&quot;}\" data-image-title=\"Herbstausflug 19 14A0080\" data-image-description=\"\" data-image-caption=\"\" data-medium-file=\"https:\/\/i0.wp.com\/www.deuxchevaux.ch\/wordpress\/wp-content\/uploads\/2019\/09\/Herbstausflug_19_14A0080.jpg?fit=300%2C200&amp;ssl=1\" data-large-file=\"https:\/\/i0.wp.com\/www.deuxchevaux.ch\/wordpress\/wp-content\/uploads\/2019\/09\/Herbstausflug_19_14A0080.jpg?fit=1024%2C683&amp;ssl=1\" src=\"https:\/\/i0.wp.com\/www.deuxchevaux.ch\/wordpress\/wp-content\/uploads\/2019\/09\/Herbstausflug_19_14A0080.jpg?resize=1024%2C683&#038;ssl=1\" alt=\"\" class=\"wp-image-8900\" srcset=\"https:\/\/i0.wp.com\/www.deuxchevaux.ch\/wordpress\/wp-content\/uploads\/2019\/09\/Herbstausflug_19_14A0080.jpg?resize=1024%2C683&amp;ssl=1 1024w, https:\/\/i0.wp.com\/www.deuxchevaux.ch\/wordpress\/wp-content\/uploads\/2019\/09\/Herbstausflug_19_14A0080.jpg?resize=150%2C100&amp;ssl=1 150w, https:\/\/i0.wp.com\/www.deuxchevaux.ch\/wordpress\/wp-content\/uploads\/2019\/09\/Herbstausflug_19_14A0080.jpg?resize=300%2C200&amp;ssl=1 300w, https:\/\/i0.wp.com\/www.deuxchevaux.ch\/wordpress\/wp-content\/uploads\/2019\/09\/Herbstausflug_19_14A0080.jpg?resize=768%2C512&amp;ssl=1 768w, https:\/\/i0.wp.com\/www.deuxchevaux.ch\/wordpress\/wp-content\/uploads\/2019\/09\/Herbstausflug_19_14A0080.jpg?resize=400%2C267&amp;ssl=1 400w, https:\/\/i0.wp.com\/www.deuxchevaux.ch\/wordpress\/wp-content\/uploads\/2019\/09\/Herbstausflug_19_14A0080.jpg?w=1800&amp;ssl=1 1800w\" sizes=\"(max-width: 1024px) 100vw, 1024px\" \/><\/figure>\n\n\n\n<p>Die Stimmung am Lagerfeuer war grossartig, die Diskussionen angeregt. Einzig das Bier wollte nicht so recht k\u00fchl bleiben, dazu war der See zu warm! <\/p>\n\n\n\n<p>Ich musste\nunser Treffen leider relativ fr\u00fch verlassen. Hatte zuhause eine weitere\nEinladung zum Sommerende. Wie ich beim Gehen auf die aufgestellte Runde&nbsp; zur\u00fcckblickte, schoss es mir durch den Kopf:<\/p>\n\n\n\n<p>All diese liebenswerten Individualisten, welche sich hier gefunden haben, um gemeinsam ihrem Hobby zu fr\u00f6nen. All diese sch\u00f6nen Momente zusammen, die guten Gespr\u00e4che. All die Freundschaft, welche ich erfahren durfte. Was f\u00fcr ein Privileg, Mitglied dieses vitalen, originellen Clubs zu sein!<\/p>\n\n\n\n<figure class=\"wp-block-image\"><img data-recalc-dims=\"1\" loading=\"lazy\" decoding=\"async\" width=\"1024\" height=\"576\" data-attachment-id=\"8909\" data-permalink=\"https:\/\/www.deuxchevaux.ch\/wordpress\/herbstausflug-19\/herbstausflug_19_img_20190831_142945\/\" data-orig-file=\"https:\/\/i0.wp.com\/www.deuxchevaux.ch\/wordpress\/wp-content\/uploads\/2019\/09\/Herbstausflug_19_IMG_20190831_142945.jpg?fit=2133%2C1200&amp;ssl=1\" data-orig-size=\"2133,1200\" data-comments-opened=\"0\" data-image-meta=\"{&quot;aperture&quot;:&quot;2.2&quot;,&quot;credit&quot;:&quot;&quot;,&quot;camera&quot;:&quot;GT-I9195I&quot;,&quot;caption&quot;:&quot;&quot;,&quot;created_timestamp&quot;:&quot;1567261785&quot;,&quot;copyright&quot;:&quot;&quot;,&quot;focal_length&quot;:&quot;3.3&quot;,&quot;iso&quot;:&quot;100&quot;,&quot;shutter_speed&quot;:&quot;0.0083333333333333&quot;,&quot;title&quot;:&quot;&quot;,&quot;orientation&quot;:&quot;1&quot;}\" data-image-title=\"Herbstausflug 19 IMG 20190831 142945\" data-image-description=\"\" data-image-caption=\"\" data-medium-file=\"https:\/\/i0.wp.com\/www.deuxchevaux.ch\/wordpress\/wp-content\/uploads\/2019\/09\/Herbstausflug_19_IMG_20190831_142945.jpg?fit=300%2C169&amp;ssl=1\" data-large-file=\"https:\/\/i0.wp.com\/www.deuxchevaux.ch\/wordpress\/wp-content\/uploads\/2019\/09\/Herbstausflug_19_IMG_20190831_142945.jpg?fit=1024%2C576&amp;ssl=1\" src=\"https:\/\/i0.wp.com\/www.deuxchevaux.ch\/wordpress\/wp-content\/uploads\/2019\/09\/Herbstausflug_19_IMG_20190831_142945.jpg?resize=1024%2C576&#038;ssl=1\" alt=\"\" class=\"wp-image-8909\" srcset=\"https:\/\/i0.wp.com\/www.deuxchevaux.ch\/wordpress\/wp-content\/uploads\/2019\/09\/Herbstausflug_19_IMG_20190831_142945.jpg?resize=1024%2C576&amp;ssl=1 1024w, https:\/\/i0.wp.com\/www.deuxchevaux.ch\/wordpress\/wp-content\/uploads\/2019\/09\/Herbstausflug_19_IMG_20190831_142945.jpg?resize=150%2C84&amp;ssl=1 150w, https:\/\/i0.wp.com\/www.deuxchevaux.ch\/wordpress\/wp-content\/uploads\/2019\/09\/Herbstausflug_19_IMG_20190831_142945.jpg?resize=300%2C169&amp;ssl=1 300w, https:\/\/i0.wp.com\/www.deuxchevaux.ch\/wordpress\/wp-content\/uploads\/2019\/09\/Herbstausflug_19_IMG_20190831_142945.jpg?resize=768%2C432&amp;ssl=1 768w, https:\/\/i0.wp.com\/www.deuxchevaux.ch\/wordpress\/wp-content\/uploads\/2019\/09\/Herbstausflug_19_IMG_20190831_142945.jpg?resize=400%2C225&amp;ssl=1 400w\" sizes=\"(max-width: 1024px) 100vw, 1024px\" \/><\/figure>\n\n\n\n<p>Hier noch der Link zur <a aria-label=\" (opens in a new tab)\" rel=\"noreferrer noopener\" href=\"http:\/\/collection-jose-dula.ch\/\" target=\"_blank\">Homepage<\/a> der Collection Jos\u00e9 Dula. Wie \u00fcblich gibt&#8217;s in unserem <a href=\"https:\/\/1drv.ms\/u\/s!AgoezRGZqWVSpLkwyn8wx-UlC4BhJQ?e=GDyULx\" target=\"_blank\" rel=\"noreferrer noopener\" aria-label=\" (opens in a new tab)\">Media-Pool<\/a> noch viel, viel mehr Bilder zum Thema. Die meisten Bilder stammen von Peter. Herzlichen Dank!<\/p>\n","protected":false},"excerpt":{"rendered":"<p>Der Presi hat gerufen und alle, alle sind sie gekommen! Nun ja, fast alle! 27 an der Zahl, um genau zu sein, [&hellip;]<\/p>\n","protected":false},"author":1,"featured_media":8903,"comment_status":"closed","ping_status":"closed","sticky":false,"template":"","format":"standard","meta":{"_jetpack_memberships_contains_paid_content":false,"footnotes":""},"categories":[8,16,20,1,19,15],"tags":[],"class_list":["post-8898","post","type-post","status-publish","format-standard","has-post-thumbnail","hentry","category-ausflug","category-ballade","category-besichtigung","category-club","category-mitglied","category-treffen"],"jetpack_featured_media_url":"https:\/\/i0.wp.com\/www.deuxchevaux.ch\/wordpress\/wp-content\/uploads\/2019\/09\/Herbstausflug_19_14A9990.jpg?fit=1800%2C1200&ssl=1","jetpack_sharing_enabled":true,"_links":{"self":[{"href":"https:\/\/www.deuxchevaux.ch\/wordpress\/wp-json\/wp\/v2\/posts\/8898"}],"collection":[{"href":"https:\/\/www.deuxchevaux.ch\/wordpress\/wp-json\/wp\/v2\/posts"}],"about":[{"href":"https:\/\/www.deuxchevaux.ch\/wordpress\/wp-json\/wp\/v2\/types\/post"}],"author":[{"embeddable":true,"href":"https:\/\/www.deuxchevaux.ch\/wordpress\/wp-json\/wp\/v2\/users\/1"}],"replies":[{"embeddable":true,"href":"https:\/\/www.deuxchevaux.ch\/wordpress\/wp-json\/wp\/v2\/comments?post=8898"}],"version-history":[{"count":10,"href":"https:\/\/www.deuxchevaux.ch\/wordpress\/wp-json\/wp\/v2\/posts\/8898\/revisions"}],"predecessor-version":[{"id":8920,"href":"https:\/\/www.deuxchevaux.ch\/wordpress\/wp-json\/wp\/v2\/posts\/8898\/revisions\/8920"}],"wp:featuredmedia":[{"embeddable":true,"href":"https:\/\/www.deuxchevaux.ch\/wordpress\/wp-json\/wp\/v2\/media\/8903"}],"wp:attachment":[{"href":"https:\/\/www.deuxchevaux.ch\/wordpress\/wp-json\/wp\/v2\/media?parent=8898"}],"wp:term":[{"taxonomy":"category","embeddable":true,"href":"https:\/\/www.deuxchevaux.ch\/wordpress\/wp-json\/wp\/v2\/categories?post=8898"},{"taxonomy":"post_tag","embeddable":true,"href":"https:\/\/www.deuxchevaux.ch\/wordpress\/wp-json\/wp\/v2\/tags?post=8898"}],"curies":[{"name":"wp","href":"https:\/\/api.w.org\/{rel}","templated":true}]}}